{"id":109004,"date":"2025-09-12T01:01:11","date_gmt":"2025-09-12T01:01:11","guid":{"rendered":"https:\/\/www.europesays.com\/es\/109004\/"},"modified":"2025-09-12T01:01:11","modified_gmt":"2025-09-12T01:01:11","slug":"la-policia-ve-evidente-que-alvise-uso-fondos-opacos-de-origen-difuso-para-financiar-en-b-su-campana-a-las-europeas","status":"publish","type":"post","link":"https:\/\/www.europesays.com\/es\/109004\/","title":{"rendered":"La Polic\u00eda ve \u00abevidente\u00bb que Alvise us\u00f3 \u00abfondos opacos\u00bb de \u00aborigen difuso\u00bb para financiar en B su campa\u00f1a a las europeas"},"content":{"rendered":"<p id=\"paragraph_1\">Un informe de la\u00a0Polic\u00eda Nacional sostiene que <strong>Alvise P\u00e9rez<\/strong> us\u00f3 \u00abfondos opacos\u00bb de \u00aborigen difuso\u00bb para financiar su campa\u00f1a a las europeas.<\/p>\n<p class=\"paragraph\" id=\"paragraph_2\">El dosier, al que ha tenido acceso EL ESPA\u00d1OL, considera, \u00aba todas luces, evidente\u00bb que la intenci\u00f3n del eurodiputado Luis P\u00e9rez (su nombre real) era<strong>\u00a0no ser fiscalizado por el Tribunal de Cuentas<\/strong>.<\/p>\n<p class=\"paragraph\" id=\"paragraph_3\"><a href=\"https:\/\/www.elespanol.com\/espana\/20250811\/hombres-entran-armados-casa-socio-alvise-obligan-transferir-millones-euros-criptomonedas\/1003743882846_0.html?utm_cmp_rs=linksinline\" rel=\"nofollow noopener\" target=\"_blank\">El empresario <strong>\u00c1lvaro Romillo<\/strong><\/a>, investigado por estafa en la Audiencia Nacional, entreg\u00f3, en mayo de 2024,\u00a0<strong>100.000 euros en efectivo<\/strong> a Alvise.<\/p>\n<p class=\"paragraph\" id=\"paragraph_4\">\u00c9ste, a trav\u00e9s de una app de mensajer\u00eda, se lo agradeci\u00f3 as\u00ed: \u00ab100.000 gracias. Me posibilitas una parte urgente de la campa\u00f1a\u00bb.<\/p>\n<p class=\"paragraph\" id=\"paragraph_5\">P\u00e9rez est\u00e1 siendo investigado por el Tribunal Supremo por la supuesta financiaci\u00f3n ilegal de su partido, denominado <strong>Se Acab\u00f3 La Fiesta<\/strong> (SALF).<\/p>\n<p><img loading=\"lazy\" decoding=\"async\" alt=\"Cinco hombres entran armados en casa del socio de Alvise y le obligan a transferir 1,2 millones de euros en criptomonedas\" height=\"180\" src=\"https:\/\/www.europesays.com\/es\/wp-content\/uploads\/2025\/09\/1003743883036_257925891_320x180.jpg\" width=\"320\" data-lazy-status=\"processed\" data-lazy-info=\"remove loading item 1\"\/><\/p>\n<p class=\"paragraph\" id=\"paragraph_6\">Interrogado por el juez sobre este asunto, el agitador neg\u00f3 que ese dinero se emplease para sufragar gastos de la campa\u00f1a electoral del 9-J.<\/p>\n<p class=\"paragraph\" id=\"paragraph_7\">Sin embargo, las conclusiones del informe policial apuntan en otro sentido. La Comisar\u00eda General de Informaci\u00f3n de la Polic\u00eda, en primer lugar, considera \u00abveraz\u00bb la entrega de 100.000 euros de Romillo a P\u00e9rez.<\/p>\n<p class=\"paragraph\" id=\"paragraph_8\">Y considera que la \u00abmotivaci\u00f3n subyacente\u00bb de este pago no fue otra que \u00abfinanciar parte de la campa\u00f1a electoral\u00bb de SALF.<\/p>\n<p class=\"paragraph\" id=\"paragraph_9\">\u00bfPor qu\u00e9 entreg\u00f3 Romillo este dinero?<a href=\"https:\/\/www.elespanol.com\/espana\/tribunales\/20240925\/alvise-prometio-sms-cripto-empresario-pago-haria-lobby-bruselas-favor\/888661492_0.html?utm_cmp_rs=linksinline\" rel=\"nofollow noopener\" target=\"_blank\"> Como public\u00f3 EL ESPA\u00d1OL<\/a>, Alvise se comprometi\u00f3 a <strong>\u00abhacer lobby masivo\u00bb<\/strong>, desde Bruselas, en favor de las criptomonedas, uno de los negocios del empresario.<\/p>\n<p><img decoding=\"async\" alt=\"Conversaci\u00f3n entre Alvise y Romillo.\" height=\"1161\" loading=\"lazy\" width=\"1706\" data-lazy-status=\"processed\" id=\"ea96e1c803\" src=\"https:\/\/www.elespanol.com\/espana\/tribunales\/20250911\/policia-ve-evidente-alvise-uso-fondos-opacos-origen-difuso-financiar-campana-europeas\/[\" https:=\"\" data-lazy-info=\"changed src\"\/><\/p>\n<p>                                                            Conversaci\u00f3n entre Alvise y Romillo.<\/p>\n<p>                    EL ESPA\u00d1OL<\/p>\n<p class=\"paragraph\" id=\"paragraph_10\">La Polic\u00eda, en su informe, tambi\u00e9n apunta a que Romillo pretend\u00eda que P\u00e9rez incitara a sus numerosos seguidores a invertir en\u00a0<strong>Madeira Invest Club<\/strong> (MIC).<\/p>\n<p class=\"paragraph\" id=\"paragraph_11\">Este conglomerado de compa\u00f1\u00edas, controladas por el empresario, est\u00e1 siendo investigado por la Audiencia Nacional por supuesta estafa agravada.<\/p>\n<p class=\"paragraph\" id=\"paragraph_12\">El informe policial tambi\u00e9n se\u00f1ala que \u00abambos interlocutores [Alvise y Romillo] ten\u00edan la voluntad de financiar SALF\u00bb.<\/p>\n<p class=\"paragraph\" id=\"paragraph_13\">En el caso del empresario, esta acci\u00f3n \u00abno ser\u00eda sino una consecuencia accesoria de su principal acicate: sus expectativas de negocio de cara a involucrar a los seguidores de Luis P\u00e9rez en su plataforma, con <strong>la pretensi\u00f3n de lucrarse<\/strong>\u00ab.<\/p>\n<p class=\"paragraph\" id=\"paragraph_14\">\u00ab\u00c1lvaro Romillo siempre fue consciente de que sus acciones, eventualmente, conducir\u00edan a finaciar la agrupaci\u00f3n [de electores SALF]\u00bb, concluye la Polic\u00eda Nacional.<\/p>\n<p class=\"paragraph\" id=\"paragraph_15\">La CGI tambi\u00e9n contradice la versi\u00f3n de Alvise P\u00e9rez de que esos 100.000 euros se derivaban de unos servicios profesionales a Romillo.<\/p>\n<p class=\"paragraph\" id=\"paragraph_16\">\u00abEn cuanto a la causa para gestar ese derecho de cobro por parte de Luis P\u00e9rez, no hay dato alguno que se asocie a la prestaci\u00f3n de servicios por su parte a Romillo o a sus estructuras societarias adscritas\u00bb, expresa el dosier.<\/p>\n","protected":false},"excerpt":{"rendered":"Un informe de la\u00a0Polic\u00eda Nacional sostiene que Alvise P\u00e9rez us\u00f3 \u00abfondos opacos\u00bb de \u00aborigen difuso\u00bb para financiar su&hellip;\n","protected":false},"author":2,"featured_media":109005,"comment_status":"","ping_status":"","sticky":false,"template":"","format":"standard","meta":{"footnotes":""},"categories":[5],"tags":[6543,17,18,25,24,18495,13,14,37499,37500,11,19,20,9,10,15,16,11739,23,12,4874,493,21,22],"class_list":{"0":"post-109004","1":"post","2":"type-post","3":"status-publish","4":"format-standard","5":"has-post-thumbnail","7":"category-titulares","8":"tag-audiencia-nacional","9":"tag-breaking-news","10":"tag-breakingnews","11":"tag-es","12":"tag-espana","13":"tag-estafas","14":"tag-featured-news","15":"tag-featurednews","16":"tag-financiacion-ilegal","17":"tag-financiacion-partidos","18":"tag-headlines","19":"tag-latest-news","20":"tag-latestnews","21":"tag-news","22":"tag-noticias","23":"tag-noticias-destacadas","24":"tag-noticiasdestacadas","25":"tag-policia-nacional","26":"tag-spain","27":"tag-titulares","28":"tag-tribunal-supremo","29":"tag-tribunales","30":"tag-ultimas-noticias","31":"tag-ultimasnoticias"},"share_on_mastodon":{"url":"","error":""},"_links":{"self":[{"href":"https:\/\/www.europesays.com\/es\/wp-json\/wp\/v2\/posts\/109004","targetHints":{"allow":["GET"]}}],"collection":[{"href":"https:\/\/www.europesays.com\/es\/wp-json\/wp\/v2\/posts"}],"about":[{"href":"https:\/\/www.europesays.com\/es\/wp-json\/wp\/v2\/types\/post"}],"author":[{"embeddable":true,"href":"https:\/\/www.europesays.com\/es\/wp-json\/wp\/v2\/users\/2"}],"replies":[{"embeddable":true,"href":"https:\/\/www.europesays.com\/es\/wp-json\/wp\/v2\/comments?post=109004"}],"version-history":[{"count":0,"href":"https:\/\/www.europesays.com\/es\/wp-json\/wp\/v2\/posts\/109004\/revisions"}],"wp:featuredmedia":[{"embeddable":true,"href":"https:\/\/www.europesays.com\/es\/wp-json\/wp\/v2\/media\/109005"}],"wp:attachment":[{"href":"https:\/\/www.europesays.com\/es\/wp-json\/wp\/v2\/media?parent=109004"}],"wp:term":[{"taxonomy":"category","embeddable":true,"href":"https:\/\/www.europesays.com\/es\/wp-json\/wp\/v2\/categories?post=109004"},{"taxonomy":"post_tag","embeddable":true,"href":"https:\/\/www.europesays.com\/es\/wp-json\/wp\/v2\/tags?post=109004"}],"curies":[{"name":"wp","href":"https:\/\/api.w.org\/{rel}","templated":true}]}}