{"id":109008,"date":"2025-09-12T01:03:11","date_gmt":"2025-09-12T01:03:11","guid":{"rendered":"https:\/\/www.europesays.com\/es\/109008\/"},"modified":"2025-09-12T01:03:11","modified_gmt":"2025-09-12T01:03:11","slug":"triunfo-de-emilio-de-justo-en-un-mano-a-mano-con-talavante-de-tono-discreto","status":"publish","type":"post","link":"https:\/\/www.europesays.com\/es\/109008\/","title":{"rendered":"Triunfo de Emilio de Justo en un mano a mano con Talavante de tono discreto"},"content":{"rendered":"<p>El mano a mano con el que se reanudaba el abono de la feria de Nuestra Se\u00f1ora de San Lorenzo no pas\u00f3 de un tono  &#8230; discreto. Salvo algunas r\u00e1fagas de toreo enmarcado en la frescura de lances m\u00e1s comprometidos y menos previsibles, el resto, que fue la mayor\u00eda, mostr\u00f3 una monoton\u00eda impropia de lo que, a priori, debe presidir un formato que enfrenta, cara a cara, de poder a poder, a dos matadores de toros. <\/p>\n<p class=\"v-p\">En el inicio del festejo, en el primer toro de cada espada, tanto de Alejandro Talavante, como de Emilio de Justo, hasta los tendidos lleg\u00f3 la sensaci\u00f3n, no equivocada, de que hab\u00eda mucho m\u00e1s por torear de lo que const\u00f3 en acta. Ambos astados, de 597 y 584 kilos de romana, no solo tuvieron presencia (el primero de hechuras algo m\u00e1s embastecidas, y el segundo m\u00e1s fino de cabos y con un tipo m\u00e1s en victoriano) sino que desarrollaron un juego m\u00e1s que interesante. Con una combinaci\u00f3n, equitativa entre la nobleza y la raza, la fijeza y la bravura.<\/p>\n<p><a href=\"http:\/\/www.elnortedecastilla.es\/valladolid\/fiestas\/toros\/emilio-justo-sustituira-morante-valladolid-20250911233502-nt.html#vtm_modulosEngag=mod-rel:valladolid:noticia:1:cmp:1-not\" class=\"v-a-link\" aria-label=\"Imagen\" rel=\"nofollow noopener\" target=\"_blank\"><\/p>\n<p><img decoding=\"async\" loading=\"lazy\" src=\"https:\/\/www.europesays.com\/es\/wp-content\/uploads\/2025\/09\/justo-ksRH--366x256@El Norte.jpg\" class=\"v-a-img\" width=\"258\" height=\"180\" alt=\"\" data-voc-vtm-id=\"in-text-traffic\"\/><\/p>\n<p><\/a><\/p>\n<p class=\"v-p\">A cada uno de los ejemplares, que nacen en Mayorga, se les cort\u00f3 una oreja. Que, por lo que ofrec\u00eda cada astado en sus transparentes y templadas embestidas, debieron ser dos. Y si no hubo segundo ap\u00e9ndice no fue porque la estocada de Talavante fuera delantera y la de De Justo algo ca\u00edda (circunstancias que a orillas del paseo de Zorrilla ni dan ni quitan), sino porque una intuici\u00f3n rayana en la certeza indicaba que entre la oferta b\u00f3vida y la demanda coletuda existi\u00f3 una distancia notoria.<\/p>\n<p class=\"v-p\">As\u00ed, Talavante, que salvo en alg\u00fan lance de dolo eventual imprimi\u00f3 hondura y ajuste, se mostr\u00f3 m\u00e1s bien indolente, manejando los trastos con la ligereza de quien no est\u00e1 movido por un quehacer que persiga la excelencia. La calma con la que se tom\u00f3 para ejecutar los lances de recibo al que abr\u00eda plaza fue ya un indicio racional de la dosificaci\u00f3n de esfuerzos y riesgos con los que se tom\u00f3 la tarde, en sus tres cap\u00edtulos. <\/p>\n<p class=\"v-p\">Cuando en el quinto, un buen toro, aunque fue de m\u00e1s a menos, se puso a torear de hinojos, con un pase cambiado por la espalda, no cabe obtener conclusiones equivocadas. Artificio ante la ausencia de profundidad. A esas alturas de la corrida, tras su lidia ante el tercero, con el que logr\u00f3 una serie ligada sobre cada pit\u00f3n de m\u00e9rito, el pacense intentaba salvar los muebles de un mano a mano fallido. Era el quinto toro, el \u00faltimo de un tr\u00edo poco apasionado. Pinch\u00f3, adem\u00e1s, aunque ning\u00fan premio \u2013al menos leg\u00edtimo- perdi\u00f3.<\/p>\n<p class=\"v-p\">En sus dos \u00faltimos toros escuch\u00f3 un aviso, mensaje no solo de orden temporal, sino sobre la insustancialidad de su obra. Mata al toro, hombre, m\u00e1talo, se oy\u00f3, con voz ronca, desde los tendidos. <\/p>\n<p class=\"v-p\">Ante su primero Emilio de Justo ofreci\u00f3 una faena de correcto gui\u00f3n y apreciable composici\u00f3n. Aunque a los buenos aficionados no se les pas\u00f3 por alto que el animal, notable en su condici\u00f3n de bravura ennoblecida, ofrec\u00eda la transparente posibilidad de citarlo con m\u00e1s distancia, para un embroque anticipado. Porque, con motor, y con una movilidad no inercial sino desde la pauta est\u00e1tica, el hechurado ejemplar de Victoriano del R\u00edo se prestaba para un toreo mayest\u00e1tico, de profunda y rebosada embestida. Y as\u00ed, esa oreja hubieran sido dos, y con su valor leg\u00edtimo.<\/p>\n<p class=\"v-p\">Desde luego, y ya desde el recibo capotero al primero, con intensas chicuelinas, De Justo mostr\u00f3 motivaci\u00f3n para alzarse con el triunfo en un duelo que al final no fue tal, pues Talavante, ha quedado dicho, sali\u00f3 con la premeditaba decisi\u00f3n de empatar a los puntos, como un p\u00fagil conservador y de mediocre estrategia.<\/p>\n<p class=\"v-p\">Confirm\u00f3 su apuesta el cacere\u00f1o con su portagayola al cuarto, un animal que acab\u00f3 confesando su falta de raza, raj\u00e1ndose y encamin\u00e1ndose hacia los terrenos cercanos a toriles, al hilo de las tablas. Labor de poco peso que remat\u00f3 con sendos pinchazos.<\/p>\n<p class=\"v-p\">Pulcra la faena ante el sexto, con disposici\u00f3n del diestro y la colaboraci\u00f3n necesaria de un astado que fue de m\u00e1s a menos. Tras estocada trasera cosech\u00f3, con generosidad y cierta sorpresa, dos ap\u00e9ndices. Unos trofeos que blanquearon un mano a mano que no lleg\u00f3 a alzar el vuelo de una tarde que se presum\u00eda m\u00e1s intensa.<\/p>\n<p>Morante se cae y De Justo lo sustituye<\/p>\n<p class=\"v-p\">\nSin duda, como los bancos con los intereses, la presentaci\u00f3n de los toros en la corrida de este jueves, ha mostrado un redondeo al alza. Un paso en su mejora. En volumen, romana, y cuajo, evidente, y en algunos ejemplares en las astas. Una l\u00ednea que, seg\u00fan manifest\u00f3 Alberto Garc\u00eda, administrador de Tauroemoci\u00f3n, a este diario es la que se pretende, para que el toro sea acorde con una plaza de segunda, y de una capital como es Valladolid. La direcci\u00f3n marcada es la correcta, aunque lo importante es su sostenibilidad, con su ecol\u00f3gico mantenimiento y progresi\u00f3n. El aficionado, que es legalmente consumidor seg\u00fan la normativa que regula los espect\u00e1culos taurinos, debe ser quien ejerza con su opini\u00f3n, su derecho a la conformidad o la queja. De una labor cuya responsabilidad reside en veterinarios y presidentes.\n<\/p>\n<p class=\"v-p\">\nCuando se atravesaba el ecuador del festejo, de ese mano a mano algo forzado en su naturaleza, en los tendidos se comenzaba a extender la noticia de la ca\u00edda del cartel de Morante para este viernes. Una reca\u00edda, que en la feria septembrina de Valladolid ya parece costumbre, que es fuente del Derecho. Y se propagaban los rumores sobre qui\u00e9n ser\u00eda el elegido. Por razones obvias, la empresa esperaba al final del festejo, ya que su torero, el finalmente elegido, Emilio de Justo, se jugaba la salida a hombros y con ello la coartada\/justificaci\u00f3n de su inclusi\u00f3n como cabeza de cartel junto con Roca Rey y Marco P\u00e9rez.\n<\/p>\n<p class=\"v-p\">      En una econom\u00eda de libre mercado el empresario elige el producto que pone a la venta. Y, en este caso, acept\u00e1ndose, por leg\u00edtimo, el inter\u00e9s de quien contrata al que, a su vez, le ha conferido el poder de representarlo. Ning\u00fan aficionado puede dudar de que Emilio de Justo es un buen torero. Y que, sustituir a Morante es un imposible, ya no solo por calidad, sino por singularidad art\u00edstica. La tarde de este viernes sigue manteniendo un elevado inter\u00e9s, aunque para ciertos sectores de la afici\u00f3n incluso los buenos toreros deben ser anunciados en las dosis oportunas, para evitar posibles efectos adversos.<\/p>\n","protected":false},"excerpt":{"rendered":"El mano a mano con el que se reanudaba el abono de la feria de Nuestra Se\u00f1ora de&hellip;\n","protected":false},"author":2,"featured_media":109009,"comment_status":"","ping_status":"","sticky":false,"template":"","format":"standard","meta":{"footnotes":""},"categories":[277],"tags":[373,168,6830,13836,25,24,13004,3238,23,167,6142,12206,374,2886],"class_list":{"0":"post-109008","1":"post","2":"type-post","3":"status-publish","4":"format-standard","5":"has-post-thumbnail","7":"category-toreo","8":"tag-bullfighting","9":"tag-deportes","10":"tag-discreto","11":"tag-emilio","12":"tag-es","13":"tag-espana","14":"tag-justo","15":"tag-mano","16":"tag-spain","17":"tag-sports","18":"tag-talavante","19":"tag-tono","20":"tag-toreo","21":"tag-triunfo"},"share_on_mastodon":{"url":"","error":""},"_links":{"self":[{"href":"https:\/\/www.europesays.com\/es\/wp-json\/wp\/v2\/posts\/109008","targetHints":{"allow":["GET"]}}],"collection":[{"href":"https:\/\/www.europesays.com\/es\/wp-json\/wp\/v2\/posts"}],"about":[{"href":"https:\/\/www.europesays.com\/es\/wp-json\/wp\/v2\/types\/post"}],"author":[{"embeddable":true,"href":"https:\/\/www.europesays.com\/es\/wp-json\/wp\/v2\/users\/2"}],"replies":[{"embeddable":true,"href":"https:\/\/www.europesays.com\/es\/wp-json\/wp\/v2\/comments?post=109008"}],"version-history":[{"count":0,"href":"https:\/\/www.europesays.com\/es\/wp-json\/wp\/v2\/posts\/109008\/revisions"}],"wp:featuredmedia":[{"embeddable":true,"href":"https:\/\/www.europesays.com\/es\/wp-json\/wp\/v2\/media\/109009"}],"wp:attachment":[{"href":"https:\/\/www.europesays.com\/es\/wp-json\/wp\/v2\/media?parent=109008"}],"wp:term":[{"taxonomy":"category","embeddable":true,"href":"https:\/\/www.europesays.com\/es\/wp-json\/wp\/v2\/categories?post=109008"},{"taxonomy":"post_tag","embeddable":true,"href":"https:\/\/www.europesays.com\/es\/wp-json\/wp\/v2\/tags?post=109008"}],"curies":[{"name":"wp","href":"https:\/\/api.w.org\/{rel}","templated":true}]}}