{"id":109024,"date":"2025-09-12T01:14:08","date_gmt":"2025-09-12T01:14:08","guid":{"rendered":"https:\/\/www.europesays.com\/es\/109024\/"},"modified":"2025-09-12T01:14:08","modified_gmt":"2025-09-12T01:14:08","slug":"supervivientes-all-stars-2-sufrio-su-primera-expulsion-con-giro-inesperado-y-ya-tiene-nuevos-nominados","status":"publish","type":"post","link":"https:\/\/www.europesays.com\/es\/109024\/","title":{"rendered":"&#8216;Supervivientes All Stars 2&#8217; sufri\u00f3 su primera expulsi\u00f3n con giro inesperado, y ya tiene nuevos nominados"},"content":{"rendered":"<p class=\"article-text\">\n        <strong>Supervivientes All Stars 2<\/strong> cumpli\u00f3 su primera semana de emisi\u00f3n en <strong>Telecinco<\/strong> y de convivencia de los concursantes en Honduras. La gala, que arranc\u00f3 con 14 robinsones y acab\u00f3 con uno menos porque vivi\u00f3 su primera expulsi\u00f3n definitiva.\n    <\/p>\n<p>    <a href=\"https:\/\/www.eldiario.es\/entrevistas\/nagore-busca-ultimo-concursante-gh-20-casarse-nadie-he-ido-mediaset-tve-supervivientes-telecinco_1_12591992.html\" data-mrf-recirculation=\"saber-mas\" data-dl-event=\"saber-mas\" rel=\"nofollow noopener\" target=\"_blank\"><\/p>\n<p class=\"know-more__title\">Nagore busca al \u00faltimo concursante de &#8216;GH 20&#8217; sin &#8216;casarse&#8217; con nadie: \u00abNunca me he ido de Mediaset ni me voy de TVE\u00bb<\/p>\n<p>            <img decoding=\"async\" class=\"lazy\" loading=\"lazy\" data-src=\"https:\/\/static.eldiario.es\/clip\/8f57e220-f008-40c4-8075-b4a8f5205ae8_16-9-aspect-ratio_default_0.jpg\" src=\"data:image\/svg+xml,%3Csvg xmlns=\" http:=\"\" viewbox=\"0 0 880 495\" alt=\"Nagore busca al \u00faltimo concursante de 'GH 20' sin 'casarse' con nadie: &quot;Nunca me he ido de Mediaset ni me voy de TVE&quot;\"\/><\/p>\n<p>                        <\/a><\/p>\n<p class=\"article-text\">\n        Todo ello estando en una situaci\u00f3n l\u00edmite en las playas, ya que siguen sin casi alimentos, plagados de picaduras de insectos en todo el cuerpo y tormentas sin cesar.\n    <\/p>\n<p class=\"article-text\">\n        Aun as\u00ed, <strong>Jorge Javier V\u00e1zquez <\/strong>y <strong>Laura Madrue\u00f1o <\/strong>condujeron una gala en la que se alzaron como l\u00edderes de los equipos dos mujeres y tras la eliminaci\u00f3n, el programa sorprendi\u00f3 con una \u00faltima \u201ctraici\u00f3n\u201d.\n    <\/p>\n<blockquote class=\"twitter-tweet\" data-lang=\"es\"><p><a href=\"https:\/\/twitter.com\/X\/status\/1966234627586363850?ref_src=twsrc%5Etfw\" rel=\"nofollow noopener\" target=\"_blank\"><\/p><\/blockquote>\n<p>    Primera expulsi\u00f3n definitiva con una \u00faltima traici\u00f3n<\/p>\n<p class=\"article-text\">\n        <strong>Fani Carbajo, Noel Bayarri y Kike Calleja<\/strong> eran los nominados que quedaban, tras la salvaci\u00f3n del pasado martes. Los tres estaban manteniendo un pulso muy ajustado en las votaciones, con porcentajes ciegos tales como <strong>37%, 32% y 29%<\/strong> al arrancar la gala.\n    <\/p>\n<p class=\"article-text\">\n        El tr\u00edo vivi\u00f3 una nueva ceremonia de salvaci\u00f3n en la que<strong> el afortunado fue el viceversa<\/strong>, que respiraba tranquilo al saber que la expulsi\u00f3n ya solo era entre Fani y Kike.\n    <\/p>\n<p class=\"article-text\">\n        Minutos despu\u00e9s, Jorge Javier sentenciaba:<strong> \u201cLos espectadores con sus votos han decidido que el concursante salvado sea \u00a1Fani!\u201d<\/strong>. Ella se ech\u00f3 las manos a la boca, incr\u00e9dula por la noticia y agradeciendo la confianza a la audiencia.\n    <\/p>\n<p class=\"article-text\">\n        Por su lado, Kike se desped\u00eda, pero antes de marcharse le pidieron que acudiera al set de nominaciones porque a\u00fan le quedaba algo por descubrir. <strong>\u201cTienes un poder muy importante, el beso de la traici\u00f3n\u201d,<\/strong> le informaba el presentador. Con \u00e9l deb\u00eda besar en la frente a la persona a la que le daba un punto en la nominaci\u00f3n.\n    <\/p>\n<p class=\"article-text\">\n        Dicho y hecho, al salir del set<strong> fue directo a Sonia Monroy,<\/strong> con quien hab\u00eda tenido discrepancias, y le dio un beso con la excusa de que dejaban las rencillas atr\u00e1s.\n    <\/p>\n<p>    Nuevos nominados y un liderazgo de r\u00e9cord<\/p>\n<p class=\"article-text\">\n        El nuevo juego de l\u00edder enfrent\u00f3 a los concursantes a la<strong> &#8216;Prisi\u00f3n de t\u00e1rtaro&#8217;<\/strong>, consistente en aguantar con las piernas sus propios cuerpos, subidos entre dos muros.\n    <\/p>\n<p class=\"article-text\">\n        En Playa para\u00edso todos fueron cayendo hasta que solo quedaron <strong>Miri y Torres<\/strong>, el participante con el r\u00e9cord de collares, finalmente resbal\u00f3 y fue ella quien se llev\u00f3 el liderazgo, tras aguantar innumerables minutos casi sin mostrar esfuerzo.\n    <\/p>\n<blockquote class=\"twitter-tweet\" data-lang=\"es\"><p><a href=\"https:\/\/twitter.com\/X\/status\/1966280780893794690?ref_src=twsrc%5Etfw\" rel=\"nofollow noopener\" target=\"_blank\"><\/p><\/blockquote>\n<p class=\"article-text\">\n        En Playa caos ocurri\u00f3 algo similar al caer uno a uno hasta quedarse \u00fanicamente <strong>Jessica Bueno y Gloria Camila<\/strong>, pero la modelo perdi\u00f3 el equilibrio y acab\u00f3 alz\u00e1ndose como l\u00edder la hija de Roc\u00edo Jurado, que se emocionaba al sentir el collar, tras m\u00e1s de 11 minutos luchando.\n    <\/p>\n<p>    <a href=\"https:\/\/www.eldiario.es\/vertele\/noticias\/lequio-exige-vamos-a-ver-telecinco-aclare-mar-flores-cache-sueldo-cuanto-gana_1_12595705.html\" data-mrf-recirculation=\"saber-mas-abajo\" data-dl-event=\"saber-mas-abajo\" rel=\"nofollow noopener\" target=\"_blank\"><\/p>\n<p class=\"know-more__title\">Lequio exige a voces que &#8216;Vamos a ver&#8217; aclare si se est\u00e1 lucrando con Mar Flores: \u201cEs lo primero que deber\u00edan hacer\u201d<\/p>\n<p>            <img decoding=\"async\" class=\"lazy\" loading=\"lazy\" data-src=\"https:\/\/static.eldiario.es\/clip\/5849a85e-3fe6-4358-8316-e28a4e0a3664_16-9-aspect-ratio_default_0.jpg\" src=\"data:image\/svg+xml,%3Csvg xmlns=\" http:=\"\" viewbox=\"0 0 880 495\" alt=\"Lequio exige a voces que 'Vamos a ver' aclare si se est\u00e1 lucrando con Mar Flores: &quot;Es lo primero que deber\u00edan hacer&quot;\"\/><\/p>\n<p>                        <\/a><\/p>\n<p class=\"article-text\">\n        Tras ello, se llevaron a cabo las nominaciones, de las que salieron<strong> Adara Molinero y Elena Rodr\u00edguez<\/strong> por parte del grupo, y las l\u00edderes a\u00f1adieron a <strong>Tony Spina e Iv\u00e1n Gonz\u00e1lez.<\/strong> Por lo que madre e hija est\u00e1n nominadas y todo apunta a un posible drama familiar.\n    <\/p>\n<p>                                    <script async src=\"https:\/\/platform.twitter.com\/widgets.js\" charset=\"utf-8\"><\/script><\/p>\n","protected":false},"excerpt":{"rendered":"Supervivientes All Stars 2 cumpli\u00f3 su primera semana de emisi\u00f3n en Telecinco y de convivencia de los concursantes&hellip;\n","protected":false},"author":2,"featured_media":109025,"comment_status":"","ping_status":"","sticky":false,"template":"","format":"standard","meta":{"footnotes":""},"categories":[171],"tags":[10903,11286,146,147,25,24,3193,7957,9037,23219,5024,1078,23,11287,16631,3947,214],"class_list":{"0":"post-109024","1":"post","2":"type-post","3":"status-publish","4":"format-standard","5":"has-post-thumbnail","7":"category-tv","8":"tag-10903","9":"tag-all","10":"tag-entertainment","11":"tag-entretenimiento","12":"tag-es","13":"tag-espana","14":"tag-expulsion","15":"tag-giro","16":"tag-inesperado","17":"tag-nominados","18":"tag-nuevos","19":"tag-primera","20":"tag-spain","21":"tag-stars","22":"tag-sufrio","23":"tag-supervivientes","24":"tag-tv"},"share_on_mastodon":{"url":"","error":""},"_links":{"self":[{"href":"https:\/\/www.europesays.com\/es\/wp-json\/wp\/v2\/posts\/109024","targetHints":{"allow":["GET"]}}],"collection":[{"href":"https:\/\/www.europesays.com\/es\/wp-json\/wp\/v2\/posts"}],"about":[{"href":"https:\/\/www.europesays.com\/es\/wp-json\/wp\/v2\/types\/post"}],"author":[{"embeddable":true,"href":"https:\/\/www.europesays.com\/es\/wp-json\/wp\/v2\/users\/2"}],"replies":[{"embeddable":true,"href":"https:\/\/www.europesays.com\/es\/wp-json\/wp\/v2\/comments?post=109024"}],"version-history":[{"count":0,"href":"https:\/\/www.europesays.com\/es\/wp-json\/wp\/v2\/posts\/109024\/revisions"}],"wp:featuredmedia":[{"embeddable":true,"href":"https:\/\/www.europesays.com\/es\/wp-json\/wp\/v2\/media\/109025"}],"wp:attachment":[{"href":"https:\/\/www.europesays.com\/es\/wp-json\/wp\/v2\/media?parent=109024"}],"wp:term":[{"taxonomy":"category","embeddable":true,"href":"https:\/\/www.europesays.com\/es\/wp-json\/wp\/v2\/categories?post=109024"},{"taxonomy":"post_tag","embeddable":true,"href":"https:\/\/www.europesays.com\/es\/wp-json\/wp\/v2\/tags?post=109024"}],"curies":[{"name":"wp","href":"https:\/\/api.w.org\/{rel}","templated":true}]}}