{"id":109039,"date":"2025-09-12T01:29:05","date_gmt":"2025-09-12T01:29:05","guid":{"rendered":"https:\/\/www.europesays.com\/es\/109039\/"},"modified":"2025-09-12T01:29:05","modified_gmt":"2025-09-12T01:29:05","slug":"us-open-2025-el-majestuoso-gesto-digno-de-numero-1-de-alcaraz-con-un-antiguo-rival-tu-eras-mi-federer","status":"publish","type":"post","link":"https:\/\/www.europesays.com\/es\/109039\/","title":{"rendered":"US OPEN 2025 | El majestuoso gesto digno de n\u00famero 1 de Alcaraz con un antiguo rival: \u00abT\u00fa eras mi Federer\u00bb"},"content":{"rendered":"<p><b data-testid=\"body-text-bold\">Carlos Alcaraz <\/b>es el nuevo n\u00famero uno del mundo. El jugador m\u00e1s en forma del circuito y est\u00e1 llamado a marcar historia en el tenis. Pero en su etapa j\u00fanior, hab\u00eda un tenista al que tem\u00eda. \u00c9l era<b data-testid=\"body-text-bold\"> Martin Damm Jr. <\/b>Un joven estadounidense al que bautiz\u00f3 como \u2018mi Roger Federer\u2019. A\u00f1os despu\u00e9s, volvieron a compartir pista.\u00a0<\/p>\n<p>El murciano necesitaba jugadores para sus entrenamientos y sesiones de preparaci\u00f3n durante el US Open. Y Martin Damm fue uno de los afortunados que recibi\u00f3 la llamada del m\u00e1s tarde campe\u00f3n. Tras la sesi\u00f3n, <b data-testid=\"body-text-bold\">Alcaraz le dijo al americano que en su etapa j\u00fanior era un jugador incre\u00edble y que le ten\u00eda miedo.<\/b> Damm Jr se qued\u00f3 fascinado tras las palabras del espa\u00f1ol.\u00a0<\/p>\n","protected":false},"excerpt":{"rendered":"Carlos Alcaraz es el nuevo n\u00famero uno del mundo. El jugador m\u00e1s en forma del circuito y est\u00e1&hellip;\n","protected":false},"author":2,"featured_media":109040,"comment_status":"","ping_status":"","sticky":false,"template":"","format":"standard","meta":{"footnotes":""},"categories":[274],"tags":[168,25,24,23,167,327,326,37501],"class_list":{"0":"post-109039","1":"post","2":"type-post","3":"status-publish","4":"format-standard","5":"has-post-thumbnail","7":"category-tenis","8":"tag-deportes","9":"tag-es","10":"tag-espana","11":"tag-spain","12":"tag-sports","13":"tag-tenis","14":"tag-tennis","15":"tag-us-open-masculino-2025"},"share_on_mastodon":{"url":"","error":""},"_links":{"self":[{"href":"https:\/\/www.europesays.com\/es\/wp-json\/wp\/v2\/posts\/109039","targetHints":{"allow":["GET"]}}],"collection":[{"href":"https:\/\/www.europesays.com\/es\/wp-json\/wp\/v2\/posts"}],"about":[{"href":"https:\/\/www.europesays.com\/es\/wp-json\/wp\/v2\/types\/post"}],"author":[{"embeddable":true,"href":"https:\/\/www.europesays.com\/es\/wp-json\/wp\/v2\/users\/2"}],"replies":[{"embeddable":true,"href":"https:\/\/www.europesays.com\/es\/wp-json\/wp\/v2\/comments?post=109039"}],"version-history":[{"count":0,"href":"https:\/\/www.europesays.com\/es\/wp-json\/wp\/v2\/posts\/109039\/revisions"}],"wp:featuredmedia":[{"embeddable":true,"href":"https:\/\/www.europesays.com\/es\/wp-json\/wp\/v2\/media\/109040"}],"wp:attachment":[{"href":"https:\/\/www.europesays.com\/es\/wp-json\/wp\/v2\/media?parent=109039"}],"wp:term":[{"taxonomy":"category","embeddable":true,"href":"https:\/\/www.europesays.com\/es\/wp-json\/wp\/v2\/categories?post=109039"},{"taxonomy":"post_tag","embeddable":true,"href":"https:\/\/www.europesays.com\/es\/wp-json\/wp\/v2\/tags?post=109039"}],"curies":[{"name":"wp","href":"https:\/\/api.w.org\/{rel}","templated":true}]}}