{"id":109041,"date":"2025-09-12T01:30:07","date_gmt":"2025-09-12T01:30:07","guid":{"rendered":"https:\/\/www.europesays.com\/es\/109041\/"},"modified":"2025-09-12T01:30:07","modified_gmt":"2025-09-12T01:30:07","slug":"la-vuelta-la-palma-tres-dias-una-isla-un-reto-inolvidable","status":"publish","type":"post","link":"https:\/\/www.europesays.com\/es\/109041\/","title":{"rendered":"La Vuelta La Palma: tres d\u00edas, una isla, un reto inolvidable"},"content":{"rendered":"<p>La isla de La Palma vivir\u00e1 del 12 al 14 de septiembre de 2025 la primera edici\u00f3n de la Vuelta La Palma, un evento ciclista \u00fanico en Canarias que re\u00fane en un solo fin de semana las dos grandes pruebas UCI, ya consolidadas en la isla: la TEA GranFondo y la Volcano GranFondo, junto a una espectacular cronoescalada en San Andr\u00e9s y Sauces como apertura.<\/p>\n<p>La Vuelta La Palma nace con el objetivo de situar a la isla en el mapa cicloturista internacional. La combinaci\u00f3n de pruebas, la belleza de sus paisajes y el nivel de participaci\u00f3n demuestran que este formato tiene un gran potencial de futuro: 450 ciclistas se dar\u00e1n cita en una experiencia que recorre la isla entera en un solo viaje. Destaca adem\u00e1s la alta presencia femenina, con un 15% de mujeres inscritas -una cifra muy superior a la media en este deporte-, el car\u00e1cter internacional del evento con 17 nacionalidades diferentes y el hecho de que el 75% de los participantes proceden de fuera de la isla.<\/p>\n<p>Con un formato innovador, la Vuelta La Palma ofrece a los ciclistas la posibilidad de recorrer el norte y el sur de la isla en una sola experiencia, mostrando la riqueza de sus paisajes: desde el verdor monta\u00f1oso del norte hasta la fuerza volc\u00e1nica del sur. Un reto deportivo y tur\u00edstico que posiciona a La Palma como un destino cicloturista internacional de referencia.<\/p>\n<p><img loading=\"lazy\" decoding=\"async\" class=\"alignnone size-full wp-image-204335\" src=\"https:\/\/www.europesays.com\/es\/wp-content\/uploads\/2025\/09\/vuelta-ciclista-2.jpg\" alt=\"vuelta ciclista 2\" width=\"900\" height=\"600\"  \/><\/p>\n<p>El viernes 12 de septiembre tendr\u00e1 lugar la cronoescalada en San Andr\u00e9s y Sauces, mientras que el s\u00e1bado 13 est\u00e1 reservado para la TEA GranFondo (TEA), recorriendo el norte verde y monta\u00f1oso. El domingo 14 ser\u00e1 el turno de la Volcano GranFondo, atravesando el sur volc\u00e1nico.<\/p>\n<p>Adem\u00e1s del desaf\u00edo deportivo, cada participante recibir\u00e1 el exclusivo \u201cmaillot Bioracer de las estrellas\u201d, de alta calidad profesional, que simboliza la experiencia de rodar bajo uno de los cielos m\u00e1s limpios y espectaculares del planeta.<\/p>\n<p>Una de las grandes novedades es la flexibilidad de participaci\u00f3n: cada ciclista podr\u00e1 elegir competir en las tres etapas, en dos o incluso en una sola. En la TEA y la Volcano GranFondo, adem\u00e1s, decidir\u00e1n el mismo d\u00eda si afrontar la distancia corta o la larga, adapt\u00e1ndose a sus fuerzas y objetivos.<\/p>\n<p>La primera edici\u00f3n de la Vuelta La Palma, organizada por 7Raid, es posible gracias al respaldo institucional y privado. El evento cuenta con el impulso del Gobierno de Canarias, a trav\u00e9s de la Consejer\u00eda de Turismo, y del Cabildo de La Palma, as\u00ed como de los ayuntamientos anfitriones de San Andr\u00e9s y Sauces y Los Llanos de Aridane. Asimismo, se suman al proyecto marcas de referencia como Bioracer y Fred. Olsen Express, junto a empresas locales como Mountain Ride y Ford Autos Nico, reflejando el firme compromiso del tejido empresarial con el deporte y el desarrollo tur\u00edstico de la isla.<\/p>\n","protected":false},"excerpt":{"rendered":"La isla de La Palma vivir\u00e1 del 12 al 14 de septiembre de 2025 la primera edici\u00f3n de&hellip;\n","protected":false},"author":2,"featured_media":109042,"comment_status":"","ping_status":"","sticky":false,"template":"","format":"standard","meta":{"footnotes":""},"categories":[273],"tags":[313,312,168,25,24,23,167],"class_list":{"0":"post-109041","1":"post","2":"type-post","3":"status-publish","4":"format-standard","5":"has-post-thumbnail","7":"category-ciclismo","8":"tag-ciclismo","9":"tag-cycling","10":"tag-deportes","11":"tag-es","12":"tag-espana","13":"tag-spain","14":"tag-sports"},"share_on_mastodon":{"url":"","error":""},"_links":{"self":[{"href":"https:\/\/www.europesays.com\/es\/wp-json\/wp\/v2\/posts\/109041","targetHints":{"allow":["GET"]}}],"collection":[{"href":"https:\/\/www.europesays.com\/es\/wp-json\/wp\/v2\/posts"}],"about":[{"href":"https:\/\/www.europesays.com\/es\/wp-json\/wp\/v2\/types\/post"}],"author":[{"embeddable":true,"href":"https:\/\/www.europesays.com\/es\/wp-json\/wp\/v2\/users\/2"}],"replies":[{"embeddable":true,"href":"https:\/\/www.europesays.com\/es\/wp-json\/wp\/v2\/comments?post=109041"}],"version-history":[{"count":0,"href":"https:\/\/www.europesays.com\/es\/wp-json\/wp\/v2\/posts\/109041\/revisions"}],"wp:featuredmedia":[{"embeddable":true,"href":"https:\/\/www.europesays.com\/es\/wp-json\/wp\/v2\/media\/109042"}],"wp:attachment":[{"href":"https:\/\/www.europesays.com\/es\/wp-json\/wp\/v2\/media?parent=109041"}],"wp:term":[{"taxonomy":"category","embeddable":true,"href":"https:\/\/www.europesays.com\/es\/wp-json\/wp\/v2\/categories?post=109041"},{"taxonomy":"post_tag","embeddable":true,"href":"https:\/\/www.europesays.com\/es\/wp-json\/wp\/v2\/tags?post=109041"}],"curies":[{"name":"wp","href":"https:\/\/api.w.org\/{rel}","templated":true}]}}