{"id":109051,"date":"2025-09-12T01:35:11","date_gmt":"2025-09-12T01:35:11","guid":{"rendered":"https:\/\/www.europesays.com\/es\/109051\/"},"modified":"2025-09-12T01:35:11","modified_gmt":"2025-09-12T01:35:11","slug":"alfredo-alcain-en-alcala-31-una-vida-dedicada-al-arte-ars-magazine","status":"publish","type":"post","link":"https:\/\/www.europesays.com\/es\/109051\/","title":{"rendered":"Alfredo Alcain en Alcal\u00e1 31: Una vida dedicada al arte &#8211; ARS Magazine"},"content":{"rendered":"<ol>\n<li><a href=\"https:\/\/news.google.com\/rss\/articles\/CBMihAFBVV95cUxOaWZsV2V5c01HTHBlb3dUalVtSVJDQUlmbUJKZHZjMnA2X1lOUktvZ1dNSG1DZ0ktd2lVR1NSREI2RkEzbHo4a05FVkY4cFBtTXRjR2E1V21GWks0M21XVFF2T3lhM1J6eXR2VUFsUXVtV0FuRzNQcUQtcUJlM1JJcTV0bGY?oc=5\" target=\"_blank\" rel=\"nofollow noopener\">Alfredo Alcain en Alcal\u00e1 31: Una vida dedicada al arte<\/a>&nbsp;&nbsp;ARS Magazine<\/li>\n<li><a href=\"https:\/\/news.google.com\/rss\/articles\/CBMiqAFBVV95cUxNeklwTEZ5RXk4UkN4VERBUldiemNyVUo1cS11c1Bhal94TFZnczRXczdGb0l4enNwQTA2QjJTME5reVU1OFVFQVF5RlBCOW4wUURxSWdrYUVXS3RaVk9BRGgxWGRySGV4dHdaRXA5Qnh5N3FLRHJjbGJseUdQSnBCb0ZKcF9NREpLQURiNlR6UGRpOTEydWdIVTItcE9OVTg2UXR6WXBXZEk?oc=5\" target=\"_blank\" rel=\"nofollow noopener\">Alfredo Alcain, la versi\u00f3n m\u00e1s melanc\u00f3lica del arte pop espa\u00f1ol<\/a>&nbsp;&nbsp;EL PA\u00cdS<\/li>\n<li><a href=\"https:\/\/news.google.com\/rss\/articles\/CBMitwFBVV95cUxPM1B5bjczeS0tdlVBbmhRT2E5dWpjZVNPLVhQV0ZYNV9vTE4yVzh4YmU1dTdBQmxBWW1lT1IxTzdFNEdRcHE5LVdMRG5KdlBZTEUzcDItZVNhbHIwOE1uanViRS1iTkZCNzVTUEdyUzVjN1BHaHhjc2xoYlptUkJyekVHZ0k4X1JDX1d1dTk1RzllQUFVemtPQ21OQ084cnY2MUdINWlKOER0VVJpcEx5VnFveWI0dlk?oc=5\" target=\"_blank\" rel=\"nofollow noopener\">&#8216;Una retrospectiva&#8217;, de Alfredo Alca\u00edn: el pintor de las peque\u00f1as cosas llega a Alcal\u00e1 31<\/a>&nbsp;&nbsp;ABC<\/li>\n<li><a href=\"https:\/\/news.google.com\/rss\/articles\/CBMiyAFBVV95cUxQaHVsR2ppQUF2T2xMWmd1ck9sTFBFWnVOMmhzN2E4R1RaYzdjeFZMcllZNV92Wk9WWEJCS3pNWXNhSU53M1NoN0hUZnpmMTc0NHNEYy1KN18tOW1FUnpoSjFfdkVzTVlDVkZVNjhFSUZnNTZKUWhIU2xwVWJrcWF6TDRERGtjdlQyXzh5MnNkLVUwYk1mQlNhQjBBSnhORFl1YjNqUHlaNzNyTHhRUVhFa3dVMlBVRVZ0MWNQM05sNll0M1FWSnNaRg?oc=5\" target=\"_blank\" rel=\"nofollow noopener\">La Comunidad de Madrid dedica una muestra a la trayectoria del artista madrile\u00f1o Alfredo Alcain<\/a>&nbsp;&nbsp;Comunidad de Madrid |<\/li>\n<li><a href=\"https:\/\/news.google.com\/rss\/articles\/CBMickFVX3lxTE9wbTFVeF9wbWJHc1otbzhBSUhjSVZrRmxDR3RJc2JLZE8wVjRhZEU2Q3hMMDRNY1ZaUlMta25pRlRDQnlEZDhIeWVfYlUxOU0zQTJJSm1rMmxUQjlMMzZGOEJSUVB2X2NISG16cFZ1czdOUQ?oc=5\" target=\"_blank\" rel=\"nofollow noopener\">Alcain, Pop Art to Madrid<\/a>&nbsp;&nbsp;Revista La Velez<\/li>\n<\/ol>\n","protected":false},"excerpt":{"rendered":"Alfredo Alcain en Alcal\u00e1 31: Una vida dedicada al arte&nbsp;&nbsp;ARS Magazine Alfredo Alcain, la versi\u00f3n m\u00e1s melanc\u00f3lica del&hellip;\n","protected":false},"author":2,"featured_media":109052,"comment_status":"","ping_status":"","sticky":false,"template":"","format":"standard","meta":{"footnotes":""},"categories":[173],"tags":[229,233,231,230,232,234,146,147,25,24,23],"class_list":{"0":"post-109051","1":"post","2":"type-post","3":"status-publish","4":"format-standard","5":"has-post-thumbnail","7":"category-arte-y-diseno","8":"tag-arte","9":"tag-arte-y-diseno","10":"tag-arts","11":"tag-arts-and-design","12":"tag-design","13":"tag-diseno","14":"tag-entertainment","15":"tag-entretenimiento","16":"tag-es","17":"tag-espana","18":"tag-spain"},"share_on_mastodon":{"url":"","error":""},"_links":{"self":[{"href":"https:\/\/www.europesays.com\/es\/wp-json\/wp\/v2\/posts\/109051","targetHints":{"allow":["GET"]}}],"collection":[{"href":"https:\/\/www.europesays.com\/es\/wp-json\/wp\/v2\/posts"}],"about":[{"href":"https:\/\/www.europesays.com\/es\/wp-json\/wp\/v2\/types\/post"}],"author":[{"embeddable":true,"href":"https:\/\/www.europesays.com\/es\/wp-json\/wp\/v2\/users\/2"}],"replies":[{"embeddable":true,"href":"https:\/\/www.europesays.com\/es\/wp-json\/wp\/v2\/comments?post=109051"}],"version-history":[{"count":0,"href":"https:\/\/www.europesays.com\/es\/wp-json\/wp\/v2\/posts\/109051\/revisions"}],"wp:featuredmedia":[{"embeddable":true,"href":"https:\/\/www.europesays.com\/es\/wp-json\/wp\/v2\/media\/109052"}],"wp:attachment":[{"href":"https:\/\/www.europesays.com\/es\/wp-json\/wp\/v2\/media?parent=109051"}],"wp:term":[{"taxonomy":"category","embeddable":true,"href":"https:\/\/www.europesays.com\/es\/wp-json\/wp\/v2\/categories?post=109051"},{"taxonomy":"post_tag","embeddable":true,"href":"https:\/\/www.europesays.com\/es\/wp-json\/wp\/v2\/tags?post=109051"}],"curies":[{"name":"wp","href":"https:\/\/api.w.org\/{rel}","templated":true}]}}