{"id":109053,"date":"2025-09-12T01:37:12","date_gmt":"2025-09-12T01:37:12","guid":{"rendered":"https:\/\/www.europesays.com\/es\/109053\/"},"modified":"2025-09-12T01:37:12","modified_gmt":"2025-09-12T01:37:12","slug":"ese-mono-tiene-menos-expresion-que-yo","status":"publish","type":"post","link":"https:\/\/www.europesays.com\/es\/109053\/","title":{"rendered":"Ese mono tiene menos expresi\u00f3n que yo"},"content":{"rendered":"<p id=\"eOb-8Ytbgf\" data-wc=\"121\">Una noche m\u00e1s, <strong>Jorge Javier V\u00e1zquez<\/strong> se ha puesto <a class=\"hm-link ho-link\" href=\"https:\/\/www.hola.com\/actualidad\/20250909854855\/gloria-camila-lagrimas-supervivientes-all-star\/\" data-mrf-recirculation=\"article-body-link\" rel=\"nofollow noopener\" target=\"_blank\">al frente de Telecinco para presentar la nueva gala de Supervivientes All Stars 2<\/a>. Se trata de una edici\u00f3n que los propios responsables del programa han calificado como la m\u00e1s complicada hasta la fecha, debido a la gran cantidad de tormentas a las que se est\u00e1n enfrentando los concursantes. De hecho, en la anterior gala, Gloria Camila no pudo contener las l\u00e1grimas y se derrumb\u00f3 frente a las c\u00e1maras, explicando entre sollozos que \u00abno tenemos de nada, tenemos hambre y encima los mosquitos nos tienen comidos\u00bb. Este jueves 11 de septiembre, la noche ha vuelto a estar llena de emociones, sorpresas y an\u00e9cdotas que han mantenido a la audiencia pegada al televisor.<\/p>\n<p> <img src=\"https:\/\/www.europesays.com\/es\/wp-content\/uploads\/2025\/09\/07b440c967c4-jj.png\"   width=\"1024\" height=\"576\" loading=\"lazy\" decoding=\"async\" alt=\"Media Image\" fetchpriority=\"auto\" class=\"image ho-image\"\/>\u00a9 Telecinco<\/p>\n<p id=\"eC1vySbZsZ\" data-wc=\"109\">Durante la gala se han vivido varios momentos que han provocado las carcajadas del p\u00fablico. Alrededor de las 23:00 horas, <a class=\"hm-link ho-link\" href=\"https:\/\/www.hola.com\/actualidad\/20250908854404\/adara-una-de-las-primeras-protagonistas-4-intentos-para-saltar-y-luego-tuvo-que-ser-atendida-por-los-medicos-en-supervivientes\/\" data-mrf-recirculation=\"article-body-link\" rel=\"nofollow noopener\" target=\"_blank\">se ha producido un divertid\u00edsimo instante protagonizado por Jorge Javier V\u00e1zquez. <\/a>El presentador estaba manteniendo una conversaci\u00f3n con Yola Berrocal, quien se encontraba en el plat\u00f3 con un peluche de mono y le reprochaba que nunca hab\u00eda entendido por qu\u00e9 los concursantes llevan mu\u00f1ecos a la isla, ya que, seg\u00fan ella, solo atraen suciedad. En ese instante, la cantante se puso a hablar como si fuera el mono y el conductor de Telecinco, sin poder contener la risa, le respondi\u00f3: <strong>\u00ab<\/strong><strong>Ese mono tiene menos expresi\u00f3n que yo ahora mismo\u00bb.<\/strong><\/p>\n<p> <img src=\"https:\/\/www.europesays.com\/es\/wp-content\/uploads\/2025\/09\/21550c731a40-jj2.png\"   width=\"1024\" height=\"576\" loading=\"lazy\" decoding=\"async\" alt=\"Media Image\" fetchpriority=\"auto\" class=\"image ho-image\"\/>\u00a9 Telecinco<\/p>\n<p id=\"eHYcZ7Fm_A0\" data-wc=\"142\">Unas declaraciones con las que ni \u00e9l ni los presentes en el plat\u00f3 pudieron contener la risa, sobre todo si se tiene en cuenta que, en los \u00faltimos d\u00edas, Jorge Javier ha acaparado titulares por su cambio f\u00edsico. \u00abHola a todos, soy Jorge Javier, aunque no lo parezca\u00bb, dijo en el primer programa de El diario de Jorge, despu\u00e9s de que en la primera gala de Supervivientes la audiencia y las redes ardieran comentando su cambio de look. La estrella televisiva se ha sometido a un lifting para tensar la piel, a una otoplastia para corregir las orejas y a una rinoplastia para modificar la nariz, t\u00e9cnicas de rejuvenecimiento que espera, con ganas a la vista, que terminen de asentarse por completo tras aplic\u00e1rselas. \u00abLos programas, como las caras, necesitan tiempo para asentarse\u00bb, comentaba V\u00e1zquez al respecto, utilizando una met\u00e1fora tan apropiada.<\/p>\n<p id=\"eda1tiMa_WM\" data-wc=\"101\">Otro de los momentos <a class=\"hm-link ho-link\" href=\"https:\/\/www.hola.com\/actualidad\/20250905854044\/supervivientes-all-stars-2-arranca-con-presencia-policial\/\" data-mrf-recirculation=\"article-body-link\" rel=\"nofollow noopener\" target=\"_blank\">m\u00e1s destacados de la noche se produjo tras una de las pruebas de recompensa<\/a>. Al finalizar la ronda del primer grupo, la alegr\u00eda fue tal que Adara y Fani se fundieron en un abrazo, una escena que sorprendi\u00f3, especialmente despu\u00e9s del fuerte enfrentamiento que protagonizaron hace unos d\u00edas. \u00abQuiero destacar el abrazo que os hab\u00e9is dado, Adara y Fani\u00bb, coment\u00f3 Jorge Javier. Entre risas, las concursantes respondieron: \u00abSon las emociones del juego. Incre\u00edble, pero en las pruebas nos unimos\u00bb. El presentador quiso saber si ya eran amigas, a lo que Adara replic\u00f3 con humor: \u00abTampoco nos pasemos\u00bb.<\/p>\n<p> <img src=\"https:\/\/www.europesays.com\/es\/wp-content\/uploads\/2025\/09\/9699a64f3edb-sin-ttulo.png\"   width=\"1024\" height=\"569\" loading=\"lazy\" decoding=\"async\" alt=\"Media Image\" fetchpriority=\"auto\" class=\"image ho-image\"\/>\u00a9 Telecinco<\/p>\n<p id=\"eh6xPIwD99\" data-wc=\"81\">La mala relaci\u00f3n de F<strong>ani Carbajo con Adara Molinero <\/strong>viene de antes de entrar al concurso. Seg\u00fan la exparticipante de La isla de las tentaciones, su contacto ha sido \u201cnefasto\u201d, ya que le han dicho \u201cbarbaridades sin venir a cuento\u201d, o al menos eso confes\u00f3 en unos totales previos a su llegada a Honduras. En cuanto a Elena Rodr\u00edguez, la influencer admiti\u00f3 que no quer\u00eda coincidir con ella, porque durante su edici\u00f3n de Supervivientes fue muy cr\u00edtica con ella \u00absin motivos\u00bb.<\/p>\n<p> <img src=\"https:\/\/www.europesays.com\/es\/wp-content\/uploads\/2025\/09\/b236c6f27966-sin-ttulo2.png\"   width=\"1024\" height=\"548\" loading=\"lazy\" decoding=\"async\" alt=\"Media Image\" fetchpriority=\"auto\" class=\"image ho-image\"\/>\u00a9 Telecinco<\/p>\n","protected":false},"excerpt":{"rendered":"Una noche m\u00e1s, Jorge Javier V\u00e1zquez se ha puesto al frente de Telecinco para presentar la nueva gala&hellip;\n","protected":false},"author":2,"featured_media":109054,"comment_status":"","ping_status":"","sticky":false,"template":"","format":"standard","meta":{"footnotes":""},"categories":[171],"tags":[517,146,147,25,24,23,3947,692,214],"class_list":{"0":"post-109053","1":"post","2":"type-post","3":"status-publish","4":"format-standard","5":"has-post-thumbnail","7":"category-tv","8":"tag-actualidad","9":"tag-entertainment","10":"tag-entretenimiento","11":"tag-es","12":"tag-espana","13":"tag-spain","14":"tag-supervivientes","15":"tag-telecinco","16":"tag-tv"},"share_on_mastodon":{"url":"","error":""},"_links":{"self":[{"href":"https:\/\/www.europesays.com\/es\/wp-json\/wp\/v2\/posts\/109053","targetHints":{"allow":["GET"]}}],"collection":[{"href":"https:\/\/www.europesays.com\/es\/wp-json\/wp\/v2\/posts"}],"about":[{"href":"https:\/\/www.europesays.com\/es\/wp-json\/wp\/v2\/types\/post"}],"author":[{"embeddable":true,"href":"https:\/\/www.europesays.com\/es\/wp-json\/wp\/v2\/users\/2"}],"replies":[{"embeddable":true,"href":"https:\/\/www.europesays.com\/es\/wp-json\/wp\/v2\/comments?post=109053"}],"version-history":[{"count":0,"href":"https:\/\/www.europesays.com\/es\/wp-json\/wp\/v2\/posts\/109053\/revisions"}],"wp:featuredmedia":[{"embeddable":true,"href":"https:\/\/www.europesays.com\/es\/wp-json\/wp\/v2\/media\/109054"}],"wp:attachment":[{"href":"https:\/\/www.europesays.com\/es\/wp-json\/wp\/v2\/media?parent=109053"}],"wp:term":[{"taxonomy":"category","embeddable":true,"href":"https:\/\/www.europesays.com\/es\/wp-json\/wp\/v2\/categories?post=109053"},{"taxonomy":"post_tag","embeddable":true,"href":"https:\/\/www.europesays.com\/es\/wp-json\/wp\/v2\/tags?post=109053"}],"curies":[{"name":"wp","href":"https:\/\/api.w.org\/{rel}","templated":true}]}}