{"id":109055,"date":"2025-09-12T01:39:16","date_gmt":"2025-09-12T01:39:16","guid":{"rendered":"https:\/\/www.europesays.com\/es\/109055\/"},"modified":"2025-09-12T01:39:16","modified_gmt":"2025-09-12T01:39:16","slug":"valencia-acoge-el-estreno-de-la-nueva-pelicula-de-alejandro-amenabar-el-cautivo-sobre-los-cinco-anos-en-prision-de-miguel-de-cervantes","status":"publish","type":"post","link":"https:\/\/www.europesays.com\/es\/109055\/","title":{"rendered":"Valencia acoge el estreno de la nueva pelicula de Alejandro Amenabar, El Cautivo, sobre los cinco a\u00f1os en prisi\u00f3n de Miguel de Cervantes"},"content":{"rendered":"<p class=\"ft-text ft-helper-align-justify\">El cine de<a class=\"ft-link ft-link--decoration\" href=\"https:\/\/www.levante-emv.com\/tags\/alejandro-amenabar\/\" target=\"_blank\" rel=\"nofollow noopener\"> Alejandro Amen\u00e1bar <\/a>hace escala en Val\u00e8ncia con la presentaci\u00f3n de &#8216;El cautivo&#8217;, su \u00faltimo largometraje. Se presenta dentro de <strong>La Mostra de Val\u00e8ncia &#8211; Cinema del Mediterrani,<\/strong> un d\u00eda despu\u00e9s de haberlo hecho en Madrid y del estreno mundial que acogi\u00f3 el <strong>Festival de Cine de Toronto (TIFF) <\/strong>en la secci\u00f3n \u2018Special Presentations\u2019. La pel\u00edcula fue recibida con una gran ovaci\u00f3n y su llegada a los cines ser\u00e1 el viernes <strong>12 de septiembre<\/strong>.<\/p>\n<p class=\"ft-text ft-helper-align-justify\">As\u00ed, la Sala Oval del Oceanogr\u00e0fic fue el escenario de este encuentro donde particip\u00f3 el director y los protagonistas, <strong>Julio Pe\u00f1a<\/strong> en el papel de Miguel de Cervantes y <strong>Fernando Tejero<\/strong> en el de Blanco de Paz, adem\u00e1s de la actriz <strong>Luna Berroa<\/strong> y el productor valenciano <strong>Fernando Bovaira<\/strong>. <a class=\"ft-link ft-link--decoration\" href=\"https:\/\/www.levante-emv.com\/cultura\/2025\/06\/11\/cautivo-pelicula-valenciana-amenabar-llegara-cervantes-118493684.html\" target=\"_blank\" rel=\"nofollow noopener\">Cabe recordar que para el rodaje de esta pel\u00edcula, Amen\u00e1bar y su equipo rodaron en diversos municipios de la Comunitat Valenciana <\/a>entre los que se encuentran Bu\u00f1ol, Anna y Bocairent, para donde se hicieron castings de extras y se despleg\u00f3 el set de rodaje durante varios d\u00edas.<\/p>\n<p><img decoding=\"async\" src=\"https:\/\/www.europesays.com\/es\/wp-content\/uploads\/2025\/09\/77211900-badf-42b9-9a3f-247fefc838f0_alta-libre-aspect-ratio_default_0.jpg\" width=\"1200\" height=\"800\" alt=\"El Oceanogr\u00e0fic acoge el estreno de 'El Cautivo' de Alejandro Amen\u00e1bar\" class=\"ft-helper-img-rd\" loading=\"lazy\" hasdataaida=\"true\"\/><\/p>\n<p class=\"ft-helper-fontColor-quaternary ft-helper-fontSize-body-S ft-helper-spacer-t-xxs\">El Oceanogr\u00e0fic acoge el estreno de &#8216;El Cautivo&#8217; de Alejandro Amen\u00e1bar  \/ Francisco Calabuig<\/p>\n<p>Cinco a\u00f1os que marcaron la historia<\/p>\n<p class=\"ft-text\">&#8216;El cautivo&#8217; se inspira en hechos reales y aborda los cinco a\u00f1os que Cervantes pas\u00f3 en Argel prisionero, tras ser capturado por piratas berberiscos en el siglo XVI. Fue vendido como esclavo y la pel\u00edcula explora la tensi\u00f3n entre culturas y religiones, as\u00ed como los dilemas morales y vitales del protagonista, atrapado entre dos mundos y obligado a replantearse su identidad y sus lealtades. Amen\u00e1bar vuelve as\u00ed a sumergirse en una gran producci\u00f3n hist\u00f3rica tras t\u00edtulos como &#8216;\u00c1gora&#8217;, con su sello caracter\u00edstico de rigor, espect\u00e1culo y emoci\u00f3n.<\/p>\n<p><img decoding=\"async\" src=\"https:\/\/www.europesays.com\/es\/wp-content\/uploads\/2025\/09\/3d642997-100d-4322-857b-5575e37d65ee_alta-libre-aspect-ratio_default_0.jpg\" width=\"1200\" height=\"675\" alt=\"El Cautivo de Alejandro Amen\u00e1bar.\" class=\"ft-helper-img-rd\" loading=\"lazy\" hasdataaida=\"true\"\/><\/p>\n<p class=\"ft-helper-fontColor-quaternary ft-helper-fontSize-body-S ft-helper-spacer-t-xxs\">El Cautivo de Alejandro Amen\u00e1bar.  \/ El Cautivo<\/p>\n<p class=\"ft-text\">La proyecci\u00f3n y posterior presentaci\u00f3n ha reunido a numerosas autoridades y representantes del \u00e1mbito cultural y pol\u00edtico valenciano. Entre ellos, <strong>Marta Alonso, <\/strong>directora general de Patrimonio de la Generalitat, <strong>Jos\u00e9 Luis Moreno, <\/strong>concejal de Cultura y Patrimonio y presidente del Palau de la M\u00fasica, <strong>Maite Ib\u00e1\u00f1ez, <\/strong>concejala del PSOE, <strong>Vicente Llimer\u00e1, <\/strong>director del Palau de la M\u00fasica, <strong>\u00c1lvaro L\u00f3pez-Jamar, <\/strong>director del IVC, <strong>Fani Blanch, <\/strong>directora del ISEACV, <strong>y Teresa Cebri\u00e1n, <\/strong>presidenta de la Academia Valenciana del Audiovisual.<\/p>\n<p class=\"ft-text\">Tambi\u00e9n han asistido representantes del tejido audiovisual y municipal valenciano, como <strong>Ferm\u00edn Crespo, <\/strong>director de Ciudad de la Luz, as\u00ed como mun\u00edcipes cuyps municipios son tambi\u00e9n protagonistas del filme. As\u00ed, estaban invitados <strong>Loreto Serrano, <\/strong>alcaldesa de Santa Pola, <strong>Miguel \u00c1ngel Garc\u00eda Buigues, <\/strong>alcalde de El Poble Nou de Benitatxell, <strong>Miguel Mar\u00edn Beneyto, <\/strong>alcalde de Anna, <strong>Virginia Sanz Ferr\u00fas, <\/strong>alcaldesa de Bu\u00f1ol y <strong>Xavier Molina Mart\u00ed, <\/strong>alcalde de Bocairent.<\/p>\n","protected":false},"excerpt":{"rendered":"El cine de Alejandro Amen\u00e1bar hace escala en Val\u00e8ncia con la presentaci\u00f3n de &#8216;El cautivo&#8217;, su \u00faltimo largometraje.&hellip;\n","protected":false},"author":2,"featured_media":109056,"comment_status":"","ping_status":"","sticky":false,"template":"","format":"standard","meta":{"footnotes":""},"categories":[169],"tags":[771,10114,13339,15992,25326,177,21099,16007,29512,9806,209,146,147,25,24,1055,176,13246,175,36574,1257,753,23,706],"class_list":{"0":"post-109055","1":"post","2":"type-post","3":"status-publish","4":"format-standard","5":"has-post-thumbnail","7":"category-cine","8":"tag-acoge","9":"tag-alejandro","10":"tag-alejandro-amenabar","11":"tag-amenabar","12":"tag-cautivo","13":"tag-cine","14":"tag-cineasta","15":"tag-cineastas","16":"tag-cinema","17":"tag-cines","18":"tag-cultura","19":"tag-entertainment","20":"tag-entretenimiento","21":"tag-es","22":"tag-espana","23":"tag-estreno","24":"tag-film","25":"tag-mejor-pelicula","26":"tag-movies","27":"tag-oceanografic","28":"tag-pelicula","29":"tag-peliculas","30":"tag-spain","31":"tag-valenciano"},"share_on_mastodon":{"url":"","error":""},"_links":{"self":[{"href":"https:\/\/www.europesays.com\/es\/wp-json\/wp\/v2\/posts\/109055","targetHints":{"allow":["GET"]}}],"collection":[{"href":"https:\/\/www.europesays.com\/es\/wp-json\/wp\/v2\/posts"}],"about":[{"href":"https:\/\/www.europesays.com\/es\/wp-json\/wp\/v2\/types\/post"}],"author":[{"embeddable":true,"href":"https:\/\/www.europesays.com\/es\/wp-json\/wp\/v2\/users\/2"}],"replies":[{"embeddable":true,"href":"https:\/\/www.europesays.com\/es\/wp-json\/wp\/v2\/comments?post=109055"}],"version-history":[{"count":0,"href":"https:\/\/www.europesays.com\/es\/wp-json\/wp\/v2\/posts\/109055\/revisions"}],"wp:featuredmedia":[{"embeddable":true,"href":"https:\/\/www.europesays.com\/es\/wp-json\/wp\/v2\/media\/109056"}],"wp:attachment":[{"href":"https:\/\/www.europesays.com\/es\/wp-json\/wp\/v2\/media?parent=109055"}],"wp:term":[{"taxonomy":"category","embeddable":true,"href":"https:\/\/www.europesays.com\/es\/wp-json\/wp\/v2\/categories?post=109055"},{"taxonomy":"post_tag","embeddable":true,"href":"https:\/\/www.europesays.com\/es\/wp-json\/wp\/v2\/tags?post=109055"}],"curies":[{"name":"wp","href":"https:\/\/api.w.org\/{rel}","templated":true}]}}