{"id":109069,"date":"2025-09-12T01:52:13","date_gmt":"2025-09-12T01:52:13","guid":{"rendered":"https:\/\/www.europesays.com\/es\/109069\/"},"modified":"2025-09-12T01:52:13","modified_gmt":"2025-09-12T01:52:13","slug":"gana-su-primer-partido-en-el-circuito-con-15-anos","status":"publish","type":"post","link":"https:\/\/www.europesays.com\/es\/109069\/","title":{"rendered":"gana su primer partido en el circuito \u00a1con 15 a\u00f1os!"},"content":{"rendered":"<p data-gtm-element-container=\"modulo-texto-link\" class=\"paragraph\"><strong>Tras el US Open, el tenis vive una semana de transici\u00f3n a la espera de la gira asi\u00e1tica<\/strong>. Sin embargo, estos d\u00edas tambi\u00e9n estamos viviendo momentos destacables, como la irrupci\u00f3n de una nueva ni\u00f1a prodigio.<\/p>\n<p data-gtm-element-container=\"modulo-texto-link\" class=\"paragraph\">Nos referimos a la brasile\u00f1a<strong> Nauhany Vitoria Leme Da Silva que, con s\u00f3lo 15 a\u00f1os, sum\u00f3 su primera victoria profesional <\/strong>en el circuito.<\/p>\n<blockquote class=\"twitter-tweet\" data-lang=\"es\"><p>\n<a href=\"https:\/\/twitter.com\/WTA\/status\/1965184854842020336\" rel=\"nofollow noopener\" target=\"_blank\">\n<\/p><\/blockquote>\n<p data-gtm-element-container=\"modulo-texto-link\" class=\"paragraph\">Fue en el torneo de Sao Paulo, donde<strong> super\u00f3 la primera ronda al imponerse a su compatriota Carolina Alves por 6-7(0), 6-0, 6-2<\/strong>, convirti\u00e9ndose en la primera jugadora nacida en 2010 que gana un partido en un torneo de la WTA.<\/p>\n<blockquote class=\"twitter-tweet\" data-lang=\"es\"><p>\n<a href=\"https:\/\/twitter.com\/WTA\/status\/1965246935876726986\" rel=\"nofollow noopener\" target=\"_blank\">\n<\/p><\/blockquote>\n<p data-gtm-element-container=\"modulo-texto-link\" class=\"paragraph\">El periplo de\u00a0Leme Da Silva no dur\u00f3 mucho m\u00e1s, ya que <strong>cay\u00f3 la pasada madrugada en octavos de final ante la argentina Solana Sierra<\/strong>, segunda cabeza de serie, por 6-0, 6-4.<\/p>\n<p data-gtm-element-container=\"modulo-texto-link\" class=\"paragraph\"><strong>N\u00famero 1.206 del ranking mundial<\/strong>,\u00a0Leme Da Silva est\u00e1 considerada una de las promesas m\u00e1s firmes del circuito, donde la veremos cada vez m\u00e1s a menudo en los pr\u00f3ximos meses.\u00a0<\/p>\n<p><script async src=\"https:\/\/platform.twitter.com\/widgets.js\" charset=\"utf-8\"><\/script><\/p>\n","protected":false},"excerpt":{"rendered":"Tras el US Open, el tenis vive una semana de transici\u00f3n a la espera de la gira asi\u00e1tica.&hellip;\n","protected":false},"author":2,"featured_media":109070,"comment_status":"","ping_status":"","sticky":false,"template":"","format":"standard","meta":{"footnotes":""},"categories":[274],"tags":[168,25,24,23,167,327,326],"class_list":{"0":"post-109069","1":"post","2":"type-post","3":"status-publish","4":"format-standard","5":"has-post-thumbnail","7":"category-tenis","8":"tag-deportes","9":"tag-es","10":"tag-espana","11":"tag-spain","12":"tag-sports","13":"tag-tenis","14":"tag-tennis"},"share_on_mastodon":{"url":"","error":""},"_links":{"self":[{"href":"https:\/\/www.europesays.com\/es\/wp-json\/wp\/v2\/posts\/109069","targetHints":{"allow":["GET"]}}],"collection":[{"href":"https:\/\/www.europesays.com\/es\/wp-json\/wp\/v2\/posts"}],"about":[{"href":"https:\/\/www.europesays.com\/es\/wp-json\/wp\/v2\/types\/post"}],"author":[{"embeddable":true,"href":"https:\/\/www.europesays.com\/es\/wp-json\/wp\/v2\/users\/2"}],"replies":[{"embeddable":true,"href":"https:\/\/www.europesays.com\/es\/wp-json\/wp\/v2\/comments?post=109069"}],"version-history":[{"count":0,"href":"https:\/\/www.europesays.com\/es\/wp-json\/wp\/v2\/posts\/109069\/revisions"}],"wp:featuredmedia":[{"embeddable":true,"href":"https:\/\/www.europesays.com\/es\/wp-json\/wp\/v2\/media\/109070"}],"wp:attachment":[{"href":"https:\/\/www.europesays.com\/es\/wp-json\/wp\/v2\/media?parent=109069"}],"wp:term":[{"taxonomy":"category","embeddable":true,"href":"https:\/\/www.europesays.com\/es\/wp-json\/wp\/v2\/categories?post=109069"},{"taxonomy":"post_tag","embeddable":true,"href":"https:\/\/www.europesays.com\/es\/wp-json\/wp\/v2\/tags?post=109069"}],"curies":[{"name":"wp","href":"https:\/\/api.w.org\/{rel}","templated":true}]}}