{"id":109071,"date":"2025-09-12T01:53:03","date_gmt":"2025-09-12T01:53:03","guid":{"rendered":"https:\/\/www.europesays.com\/es\/109071\/"},"modified":"2025-09-12T01:53:03","modified_gmt":"2025-09-12T01:53:03","slug":"la-imprudente-maniobra-de-un-policia-que-genero-un-impactante-accidente-en-una-carrera-de-ciclismo","status":"publish","type":"post","link":"https:\/\/www.europesays.com\/es\/109071\/","title":{"rendered":"La imprudente maniobra de un polic\u00eda que gener\u00f3 un impactante accidente en una carrera de ciclismo"},"content":{"rendered":"<p>El accidente en la Vuelta a Venezuela<\/p>\n<p class=\"paragraph\">El desarrollo de la tercera etapa de la <b>Vuelta a Venezuela 2025<\/b> en <b>M\u00e9rida<\/b> se vio abruptamente interrumpido por un <b>accidente<\/b> que involucr\u00f3 a un funcionario de la <b>Polic\u00eda Nacional Bolivariana (PNB)<\/b>, generando preocupaci\u00f3n sobre la seguridad en las competencias cicl\u00edsticas de alto nivel. El incidente, que tuvo lugar en <b>Santa Elena de Arenales<\/b>, municipio <b>Obispo Ramos de Lora<\/b>, dej\u00f3 al menos <b>cinco personas lesionadas<\/b>, entre ellas tres ciclistas, un oficial de polic\u00eda y un juez de carrera.<\/p>\n<p class=\"paragraph\">La secuencia del accidente qued\u00f3 registrada en videos que circularon ampliamente en redes sociales, donde se observa c\u00f3mo el funcionario de la <b>PNB<\/b>, a bordo de una motocicleta, intent\u00f3 cruzar la pista durante el desarrollo de la etapa. Su maniobra termin\u00f3 en un fuerte impacto contra una valla de seguridad, provocando la ca\u00edda de la estructura y desencadenando un efecto domin\u00f3 que arrastr\u00f3 a varios ciclistas al suelo. <\/p>\n<p class=\"paragraph\">El suceso gener\u00f3 una ola de indignaci\u00f3n entre los aficionados y participantes y reaviv\u00f3 el debate sobre la necesidad de reforzar los protocolos de seguridad en eventos deportivos de esta magnitud. Las autoridades han iniciado las investigaciones pertinentes para esclarecer las circunstancias que rodearon el accidente y determinar las responsabilidades correspondientes.<\/p>\n<p><img alt=\"Un polic\u00eda caus\u00f3 un accidente\" class=\"global-image\" decoding=\"async\" fetchpriority=\"low\" height=\"1080\" loading=\"lazy\" src=\"https:\/\/www.europesays.com\/es\/wp-content\/uploads\/2025\/09\/LUQYLKKBQJASVORGOMXXTZ7XGI.jpg\" width=\"1920\"\/>Un polic\u00eda caus\u00f3 un accidente en la Vuelta a Venezuela<\/p>\n<p class=\"paragraph\">Todos los heridos recibieron atenci\u00f3n m\u00e9dica inmediata en el lugar del incidente. Entre los afectados se encuentran <b>tres ciclistas que participaban activamente en la competencia<\/b>, adem\u00e1s de un juez de carrera y el propio funcionario policial involucrado en el accidente.<\/p>\n<p class=\"paragraph\">La <b>Vuelta a Venezuela<\/b> celebra este a\u00f1o su <b>62\u00aa edici\u00f3n<\/b>, que se disputa del 7 al 14 de septiembre y abarca un recorrido de <b>1.169 kil\u00f3metros<\/b> distribuidos en ocho etapas exigentes. La competencia cuenta con la participaci\u00f3n de <b>13 equipos nacionales y 6 internacionales<\/b>, atravesando diversos estados del pa\u00eds desde <b>San Crist\u00f3bal<\/b> hasta <b>Caracas<\/b>.<\/p>\n<p class=\"paragraph\">De todos modos, la tradicional carrera venezolana sigui\u00f3 con su desarrollo normal. En la cuarta etapa, disputada sobre 126 kil\u00f3metros en un trazado ondulado por la ciudad de Valera, Camilo G\u00f3mez (GW Erco Shimano) cruz\u00f3 primero la meta y consigui\u00f3 as\u00ed su primer triunfo en una competencia UCI. El podio de la jornada lo completaron el venezolano Luis Mora (Gobernaci\u00f3n de Trujillo), segundo clasificado; y los colombianos Juan Carlos L\u00f3pez y Johnatan Ca\u00f1averal (ambos de GW Erco Shimano), quienes ocuparon la tercera y cuarta posici\u00f3n respectivamente.<\/p>\n<p class=\"paragraph\">En la clasificaci\u00f3n general individual, Luis Guillermo Mora (Gobernaci\u00f3n de Trujillo) mantiene el liderato, seguido por Juan Carlos L\u00f3pez (GW Erco Shimano), hermano del reconocido <b>Miguel <\/b><b>Superm\u00e1n<\/b><b> L\u00f3pez<\/b>, y con Juan Ruiz (Gobernaci\u00f3n de Trujillo) completando el podio provisional.<\/p>\n<p class=\"paragraph\">La \u00faltima jornada de la Vuelta Venezuela 2025 se disputar\u00e1 el domingo, con un trayecto de 201 kil\u00f3metros entre <b>Carora <\/b>y <b>Araure<\/b>, momento en el que se definir\u00e1 al sucesor del antioque\u00f1o <b>Walter Vargas<\/b>, campe\u00f3n anterior, en el estado de <b>Miranda<\/b>.<\/p>\n<p class=\"paragraph\">LOS PRIMEROS 10 DE LA CLASIFICACI\u00d3N HASTA LA 4TA ETAPA<\/p>\n<ol data-icon=\"\u2b24\" class=\"list\">\n<li data-icon=\"\u2b24\">Luis Guillermo Mora: 14:44:44<\/li>\n<li data-icon=\"\u2b24\">Juan Carlos L\u00f3pez: + 0:42<\/li>\n<li data-icon=\"\u2b24\">Juan Ruiz: + 0:52<\/li>\n<li data-icon=\"\u2b24\">Anderson Paredes: + 1:19<\/li>\n<li data-icon=\"\u2b24\">\u00c1ngel S\u00e1nchez: + 2:11<\/li>\n<li data-icon=\"\u2b24\">Camilo G\u00f3mez: + 2:50<\/li>\n<li data-icon=\"\u2b24\">Johnatan Ca\u00f1averal: + 3:04<\/li>\n<li data-icon=\"\u2b24\">Roniel Campos: + 4:03<\/li>\n<li data-icon=\"\u2b24\">Anthuar Gonz\u00e1lez: + 4:13<\/li>\n<li data-icon=\"\u2b24\">Gonzalo Carvalho: + 4: 36<\/li>\n<\/ol>\n","protected":false},"excerpt":{"rendered":"El accidente en la Vuelta a Venezuela El desarrollo de la tercera etapa de la Vuelta a Venezuela&hellip;\n","protected":false},"author":2,"featured_media":109072,"comment_status":"","ping_status":"","sticky":false,"template":"","format":"standard","meta":{"footnotes":""},"categories":[273],"tags":[313,312,168,25,24,23,167],"class_list":{"0":"post-109071","1":"post","2":"type-post","3":"status-publish","4":"format-standard","5":"has-post-thumbnail","7":"category-ciclismo","8":"tag-ciclismo","9":"tag-cycling","10":"tag-deportes","11":"tag-es","12":"tag-espana","13":"tag-spain","14":"tag-sports"},"share_on_mastodon":{"url":"","error":""},"_links":{"self":[{"href":"https:\/\/www.europesays.com\/es\/wp-json\/wp\/v2\/posts\/109071","targetHints":{"allow":["GET"]}}],"collection":[{"href":"https:\/\/www.europesays.com\/es\/wp-json\/wp\/v2\/posts"}],"about":[{"href":"https:\/\/www.europesays.com\/es\/wp-json\/wp\/v2\/types\/post"}],"author":[{"embeddable":true,"href":"https:\/\/www.europesays.com\/es\/wp-json\/wp\/v2\/users\/2"}],"replies":[{"embeddable":true,"href":"https:\/\/www.europesays.com\/es\/wp-json\/wp\/v2\/comments?post=109071"}],"version-history":[{"count":0,"href":"https:\/\/www.europesays.com\/es\/wp-json\/wp\/v2\/posts\/109071\/revisions"}],"wp:featuredmedia":[{"embeddable":true,"href":"https:\/\/www.europesays.com\/es\/wp-json\/wp\/v2\/media\/109072"}],"wp:attachment":[{"href":"https:\/\/www.europesays.com\/es\/wp-json\/wp\/v2\/media?parent=109071"}],"wp:term":[{"taxonomy":"category","embeddable":true,"href":"https:\/\/www.europesays.com\/es\/wp-json\/wp\/v2\/categories?post=109071"},{"taxonomy":"post_tag","embeddable":true,"href":"https:\/\/www.europesays.com\/es\/wp-json\/wp\/v2\/tags?post=109071"}],"curies":[{"name":"wp","href":"https:\/\/api.w.org\/{rel}","templated":true}]}}