{"id":10910,"date":"2025-07-29T05:08:09","date_gmt":"2025-07-29T05:08:09","guid":{"rendered":"https:\/\/www.europesays.com\/es\/10910\/"},"modified":"2025-07-29T05:08:09","modified_gmt":"2025-07-29T05:08:09","slug":"de-jokic-a-bogdanovic-la-temible-lista-de-serbia-para-el-eurobasket","status":"publish","type":"post","link":"https:\/\/www.europesays.com\/es\/10910\/","title":{"rendered":"De Jokic a Bogdanovic: la temible lista de Serbia para el Eurobasket"},"content":{"rendered":"<p class=\"ft-text\">La selecci\u00f3n de Serbia ha anunciado la prelista de 17 jugadores para el Eurobasket y da miedo. Sin duda, <strong>el conjunto dirigido por Pesic ser\u00e1 uno de los rivales a batir<\/strong>, si no el m\u00e1ximo favorito a llevarse la medalla de oro en el torneo. <a href=\"https:\/\/www.sport.es\/es\/noticias\/nba\/jokic-estalla-lagrimas-victoria-caballo-120114317\" class=\"ft-link ft-link--decoration\" rel=\"nofollow noopener\" target=\"_blank\"><strong>Cinco jugadores de la NBA encabezan una lista<\/strong><\/a> que no tiene nada que envidiar a la de las dem\u00e1s selecciones.<\/p>\n<p class=\"ft-text\">Los dos nombres m\u00e1s destacados de Serbia ser\u00e1n <strong>Nikola Jokic y Bogdan Bogdanovic<\/strong>. El primero de ellos es uno de los mejores jugadores del mundo, tres veces MVP de la NBA, mientras que el segundo tambi\u00e9n lleva a\u00f1os en la liga norteamericana y es todo un peligro desde el exterior, adem\u00e1s de acudir con frecuencia a las llamadas nacionales.<\/p>\n<p class=\"ft-text\">Adem\u00e1s de Jokic y Bogdanovic, <strong>Nikola Topic (Oklahoma City Thunder), Nikola Jovic (Miami Heat) y Tristan Vukcevic (Washington Wizards)<\/strong> completan el quinteto NBA con el que contar\u00e1 Pesic, que tambi\u00e9n gozar\u00e1 de grandes jugadores procedentes de Europa y que aportar\u00e1n su experiencia en el baloncesto FIBA.<\/p>\n<p class=\"ft-text\"><strong>Uno de ellos es el gran nombre del verano en el baloncesto europeo: Vasilie Micic.<\/strong> El base, que ha estado las \u00faltimas temporadas en Estados Unidos, jugar\u00e1 la pr\u00f3xima temporada en el Hapoel Tel Aviv. Un movimiento inesperado, teniendo en cuenta que hab\u00eda despertado el inter\u00e9s de los grandes clubes del continente, como <strong>Olympiacos, Fenerbahce o el Real Madrid. <\/strong><\/p>\n<p class=\"ft-text\">Los dem\u00e1s jugadores &#8216;made in Euroliga&#8217; que formar\u00e1n parte de la selecci\u00f3n de Serbia son: <strong>Aleksa Avramovic y Filip Petrusev (Dub\u00e1i BC), Alen Smailagic (Virtus Bolonia), Vanja Marinkovic (Partiz\u00e1n Belgrado), Ognjen Dobric y Dejan Davidovac (Estrella Roja), Marko Guduric (Armani Mil\u00e1n) y Nikola Milutinov (Olympiacos). <\/strong><\/p>\n<p><img decoding=\"async\" src=\"https:\/\/www.europesays.com\/es\/wp-content\/uploads\/2025\/07\/8dc788be-dd0a-4590-a433-311bf514a11e_alta-libre-aspect-ratio_default_0.jpg\" width=\"1200\" height=\"675\" alt=\"Svetislav Pesic es historia viva de los banquillos\" class=\"ft-helper-img-rd\" loading=\"lazy\" hasdataaida=\"true\"\/><\/p>\n<p class=\"ft-helper-fontColor-quaternary ft-helper-fontSize-body-S ft-helper-spacer-t-xxs\">Svetislav Pesic, seleccionador de Serbia  \/ EFE<\/p>\n<p class=\"ft-text\">De la misma forma que &#8216;La Famila&#8217;, <strong>Serbia ha iniciado su preparaci\u00f3n para el Eurobasket este mismo lunes en Belgrado<\/strong>, con una serie de partidos preparatorios ante Bosnia y Polonia a puerta cerrada. Despu\u00e9s, se ver\u00e1 las caras con rivales de mayor entidad como Grecia, Turqu\u00eda o Alemania. <strong>Para cerrar, se enfrentar\u00e1 a la Eslovenia de Luka Doncic. <\/strong><\/p>\n<p>Un Eurobasket multisede<\/p>\n<p class=\"ft-text\">El Eurobasket 2025 se disputa este verano del 27 de agosto al 14 de septiembre. al y como ocurri\u00f3 en la pasada edici\u00f3n, el torneo vuelve a ser multisede, y\u00a0<strong>Limassol (Chipre), Tampere (Finlandia), Katowice (Polonia) y Riga (Letonia)<\/strong>\u00a0ser\u00e1n las anfitrionas de la primera fase, mientras que los cruces se llevar\u00e1n a cabo en la capital letona.<\/p>\n<p class=\"ft-text\">El torneo contar\u00e1 con 24 selecciones que luchar\u00e1n por acabar entre las cuatro primeras clasificadas de cada grupo. Dichas posiciones dan acceso a las rondas de octavos de final. Los cruces, que tendr\u00e1n lugar en\u00a0<strong>Riga,<\/strong>\u00a0son a un \u00fanico partido hasta el partido por el t\u00edtulo, que se decidir\u00e1, tambi\u00e9n a partido \u00fanico, el 14 de septiembre.<\/p>\n","protected":false},"excerpt":{"rendered":"La selecci\u00f3n de Serbia ha anunciado la prelista de 17 jugadores para el Eurobasket y da miedo. Sin&hellip;\n","protected":false},"author":2,"featured_media":10911,"comment_status":"","ping_status":"","sticky":false,"template":"","format":"standard","meta":{"footnotes":""},"categories":[269],"tags":[299,298,7902,168,25,24,301,7901,5389,23,167],"class_list":{"0":"post-10910","1":"post","2":"type-post","3":"status-publish","4":"format-standard","5":"has-post-thumbnail","7":"category-baloncesto","8":"tag-baloncesto","9":"tag-basketball","10":"tag-bogdanovic","11":"tag-deportes","12":"tag-es","13":"tag-espana","14":"tag-eurobasket","15":"tag-jokic","16":"tag-serbia","17":"tag-spain","18":"tag-sports"},"share_on_mastodon":{"url":"","error":""},"_links":{"self":[{"href":"https:\/\/www.europesays.com\/es\/wp-json\/wp\/v2\/posts\/10910","targetHints":{"allow":["GET"]}}],"collection":[{"href":"https:\/\/www.europesays.com\/es\/wp-json\/wp\/v2\/posts"}],"about":[{"href":"https:\/\/www.europesays.com\/es\/wp-json\/wp\/v2\/types\/post"}],"author":[{"embeddable":true,"href":"https:\/\/www.europesays.com\/es\/wp-json\/wp\/v2\/users\/2"}],"replies":[{"embeddable":true,"href":"https:\/\/www.europesays.com\/es\/wp-json\/wp\/v2\/comments?post=10910"}],"version-history":[{"count":0,"href":"https:\/\/www.europesays.com\/es\/wp-json\/wp\/v2\/posts\/10910\/revisions"}],"wp:featuredmedia":[{"embeddable":true,"href":"https:\/\/www.europesays.com\/es\/wp-json\/wp\/v2\/media\/10911"}],"wp:attachment":[{"href":"https:\/\/www.europesays.com\/es\/wp-json\/wp\/v2\/media?parent=10910"}],"wp:term":[{"taxonomy":"category","embeddable":true,"href":"https:\/\/www.europesays.com\/es\/wp-json\/wp\/v2\/categories?post=10910"},{"taxonomy":"post_tag","embeddable":true,"href":"https:\/\/www.europesays.com\/es\/wp-json\/wp\/v2\/tags?post=10910"}],"curies":[{"name":"wp","href":"https:\/\/api.w.org\/{rel}","templated":true}]}}