{"id":109126,"date":"2025-09-12T02:39:08","date_gmt":"2025-09-12T02:39:08","guid":{"rendered":"https:\/\/www.europesays.com\/es\/109126\/"},"modified":"2025-09-12T02:39:08","modified_gmt":"2025-09-12T02:39:08","slug":"el-ciclista-giovanni-carboni-suspendido-por-anomalias-inexplicables-en-su-pasaporte-biologico","status":"publish","type":"post","link":"https:\/\/www.europesays.com\/es\/109126\/","title":{"rendered":"El ciclista Giovanni Carboni suspendido por \u00abanomal\u00edas inexplicables\u00bb en su pasaporte biol\u00f3gico"},"content":{"rendered":"<p data-gtm-element-container=\"modulo-texto-link\" class=\"paragraph\">Mala noticia para el ciclismo. Tal como ha informado la <strong>Uni\u00f3n Ciclista Internacional (UCI<\/strong>), el ciclista italiano <strong>Giovanni Carboni (30 a\u00f1os) <\/strong>ha sido suspendido provisionalmente, de acuerdo con el <strong>Reglamento Antidopaje de la UCI<\/strong>, debido a anomal\u00edas inexplicables en su<strong> Pasaporte Biol\u00f3gico del Atleta<\/strong> en el 2024.<\/p>\n<blockquote class=\"twitter-tweet\" data-lang=\"es\"><p>\n<a href=\"https:\/\/twitter.com\/UCI_media\/status\/1966155166723486180\" rel=\"nofollow noopener\" target=\"_blank\">\n<\/p><\/blockquote>\n<p data-gtm-element-container=\"modulo-texto-link\" class=\"paragraph\">La UCI se\u00f1ala que no har\u00e1 m\u00e1s comentarios mientras el procedimiento est\u00e9 en curso y explica que el Pasaporte Biol\u00f3gico del Atleta \u00abes un registro electr\u00f3nico individual para cada ciclista, en el que se recopilan los resultados de todos los controles antidopaje recopilados como parte del programa PAA durante un per\u00edodo determinado. La Agencia Internacional de Controles (AIT), entidad independiente en la que la UCI, deleg\u00f3 su programa antidopaje, aunque conserva la responsabilidad de la gesti\u00f3n de los resultados y el enjuiciamiento de las infracciones de las normas antidopaje, gestiona el programa PAA en colaboraci\u00f3n con la Unidad de Gesti\u00f3n del Pasaporte del Atleta (UGPA) de Lausana, Suiza (la UGPA de Lausana est\u00e1 asociada al Laboratorio de Lausana acreditado por la Agencia Mundial Antidopaje). Los casos biol\u00f3gicos de los atletas se procesan seg\u00fan la opini\u00f3n de un panel de expertos independiente de la APMU\u00bb.<\/p>\n<p>        Lee tambi\u00e9n<\/p>\n<p>    Celes Piedrabuena<\/p>\n<p>             <img loading=\"lazy\" decoding=\"async\" data-full-src=\"https:\/\/www.mundodeportivo.com\/uploads\/2025\/09\/11\/68c2f39c78e10.jpeg\" alt=\"A Vingegaard se le ha atragantado la crono\" width=\"334\" height=\"164\" src=\"https:\/\/www.europesays.com\/es\/wp-content\/uploads\/2025\/09\/68c2f39c78e10.r_d.3026-1554.jpeg\" class=\"lazy\"\/><\/p>\n<p>        Lee tambi\u00e9n<\/p>\n<p>    Celes Piedrabuena<\/p>\n<p>             <img loading=\"lazy\" decoding=\"async\" data-full-src=\"https:\/\/www.mundodeportivo.com\/uploads\/2025\/09\/11\/68c2f01919181.jpeg\" alt=\"Ganna, en la crono\" width=\"334\" height=\"164\" src=\"https:\/\/www.europesays.com\/es\/wp-content\/uploads\/2025\/09\/68c2f01919181.r_d.2294-1381.jpeg\" class=\"lazy\"\/><\/p>\n<p>        Lee tambi\u00e9n<\/p>\n<p>    Celes Piedrabuena<\/p>\n<p>             <img loading=\"lazy\" decoding=\"async\" data-full-src=\"https:\/\/www.mundodeportivo.com\/uploads\/2025\/07\/26\/6885008e8a14b.jpeg\" alt=\"Pogacar ha  recuperado la sonrisa\" width=\"334\" height=\"164\" src=\"https:\/\/www.europesays.com\/es\/wp-content\/uploads\/2025\/09\/6885008e8a14b.r_d.1350-667.jpeg\" class=\"lazy\"\/><\/p>\n<p data-gtm-element-container=\"modulo-texto-link\" class=\"paragraph\">Carboni fich\u00f3 esta temporada por el <strong>Unibet Tietema Rocket<\/strong>s, despu\u00e9s de su paso por el<strong> JCL Team UKYO (2024)<\/strong> y de estar dos temporadas con anterioridad en el <strong>Equipo Kern Pharma.<\/strong><\/p>\n<blockquote class=\"twitter-tweet\" data-lang=\"es\"><p>\n<a href=\"https:\/\/twitter.com\/rockets_cycling\/status\/1966157062456619201\" rel=\"nofollow noopener\" target=\"_blank\">\n<\/p><\/blockquote>\n<p data-gtm-element-container=\"modulo-texto-link\" class=\"paragraph\">El<strong> ProTeam Unibet Tietema Rockets <\/strong>respondi\u00f3 r\u00e1pidamente a la suspensi\u00f3n provisional, emitiendo un comunicado confirmando una investigaci\u00f3n sobre el hallazgo y suspendiendo al ciclista con efecto inmediato. \u00abHoy, la UCI nos ha informado de que, seg\u00fan se\u00f1alan, antes de unirse a nuestro equipo, el ciclista Giovanni Carboni posiblemente cometi\u00f3 una infracci\u00f3n del reglamento antidopaje\u00bb, apuntaban.<\/p>\n<p><script async src=\"https:\/\/platform.twitter.com\/widgets.js\" charset=\"utf-8\"><\/script><\/p>\n","protected":false},"excerpt":{"rendered":"Mala noticia para el ciclismo. Tal como ha informado la Uni\u00f3n Ciclista Internacional (UCI), el ciclista italiano Giovanni&hellip;\n","protected":false},"author":2,"featured_media":109127,"comment_status":"","ping_status":"","sticky":false,"template":"","format":"standard","meta":{"footnotes":""},"categories":[273],"tags":[313,312,168,25,24,23,167],"class_list":{"0":"post-109126","1":"post","2":"type-post","3":"status-publish","4":"format-standard","5":"has-post-thumbnail","7":"category-ciclismo","8":"tag-ciclismo","9":"tag-cycling","10":"tag-deportes","11":"tag-es","12":"tag-espana","13":"tag-spain","14":"tag-sports"},"share_on_mastodon":{"url":"","error":""},"_links":{"self":[{"href":"https:\/\/www.europesays.com\/es\/wp-json\/wp\/v2\/posts\/109126","targetHints":{"allow":["GET"]}}],"collection":[{"href":"https:\/\/www.europesays.com\/es\/wp-json\/wp\/v2\/posts"}],"about":[{"href":"https:\/\/www.europesays.com\/es\/wp-json\/wp\/v2\/types\/post"}],"author":[{"embeddable":true,"href":"https:\/\/www.europesays.com\/es\/wp-json\/wp\/v2\/users\/2"}],"replies":[{"embeddable":true,"href":"https:\/\/www.europesays.com\/es\/wp-json\/wp\/v2\/comments?post=109126"}],"version-history":[{"count":0,"href":"https:\/\/www.europesays.com\/es\/wp-json\/wp\/v2\/posts\/109126\/revisions"}],"wp:featuredmedia":[{"embeddable":true,"href":"https:\/\/www.europesays.com\/es\/wp-json\/wp\/v2\/media\/109127"}],"wp:attachment":[{"href":"https:\/\/www.europesays.com\/es\/wp-json\/wp\/v2\/media?parent=109126"}],"wp:term":[{"taxonomy":"category","embeddable":true,"href":"https:\/\/www.europesays.com\/es\/wp-json\/wp\/v2\/categories?post=109126"},{"taxonomy":"post_tag","embeddable":true,"href":"https:\/\/www.europesays.com\/es\/wp-json\/wp\/v2\/tags?post=109126"}],"curies":[{"name":"wp","href":"https:\/\/api.w.org\/{rel}","templated":true}]}}