{"id":109128,"date":"2025-09-12T02:40:08","date_gmt":"2025-09-12T02:40:08","guid":{"rendered":"https:\/\/www.europesays.com\/es\/109128\/"},"modified":"2025-09-12T02:40:08","modified_gmt":"2025-09-12T02:40:08","slug":"lewis-hamilton-bromeo-con-la-estatura-de-yuki-tsunoda-en-el-gran-premio-de-italia-video-fox-sports","status":"publish","type":"post","link":"https:\/\/www.europesays.com\/es\/109128\/","title":{"rendered":"Lewis Hamilton brome\u00f3 con la estatura de Yuki Tsunoda en el Gran Premio de Italia (VIDEO) \u2013 Fox Sports"},"content":{"rendered":"<p class=\"c-paragraph\">Aunque <b>Ferrari <\/b>no tuvo el fin de semana que esperaba en el <a href=\"https:\/\/www.foxsports.com.mx\/2025\/09\/07\/norris-fue-abucheado-en-podio-del-gp-de-italia-mientras-que-a-piastri-le-aplaudieron-video\/\" target=\"_blank\" rel=\"noreferrer nofollow noopener\" title=\"https:\/\/www.foxsports.com.mx\/2025\/09\/07\/norris-fue-abucheado-en-podio-del-gp-de-italia-mientras-que-a-piastri-le-aplaudieron-video\/\">Gran Premio de Italia<\/a>,<b> Lewis Hamilton<\/b> no dej\u00f3 pasar la oportunidad de lanzar un <b>comentario <\/b>que hizo <b>re\u00edr <\/b>a algunos trabajadores de la escuder\u00eda italiana, la cual comparti\u00f3 el <b>divertido momento <\/b>en sus redes sociales. <\/p>\n<p class=\"c-paragraph\">Hamilton vio con atenci\u00f3n una de las lonas de la F\u00f3rmula 1 y dej\u00f3 en claro que le <b>sorprendi\u00f3 ver lo que hicieron con Yuki Tsunoda<\/b>, quien es el piloto m\u00e1s peque\u00f1o de la parrilla. <\/p>\n<p><b>Hamilton brome\u00f3 con la estatura de Tsunoda<\/b><\/p>\n<p class=\"c-paragraph\">Mientras estaba siendo trasladado en auto, <b>Lewis Hamilton <\/b>vio con <b>atenci\u00f3n <\/b>una de las <b>lonas <\/b>de la F\u00f3rmula 1 donde estaban las <b>fotograf\u00edas <\/b>de todos los <b>pilotos<\/b>. Sin embargo, al ver a Tsunoda no pudo esconder su sorpresa. <\/p>\n<p class=\"c-paragraph\">El piloto brit\u00e1nico <b>vio<\/b> de <b>forma especial la imagen de Tsunoda<\/b>, la cual justamente estaba al lado de la suya, as\u00ed como la de Oscar Piastri (McLaren). <\/p>\n<p class=\"c-paragraph\">Hamilton no pudo evitar su sorpresa, as\u00ed que r\u00e1pidamente lanz\u00f3: \u201c<b>Me encanta que pusieron a Yuki del mismo tama\u00f1o que los dem\u00e1s<\/b>\u201d. Posteriormente, el heptacampe\u00f3n solt\u00f3 una risa, la cual contagi\u00f3 a sus acompa\u00f1antes. <\/p>\n<p class=\"c-paragraph\">Tomando en cuenta a Motorsport, el <b>piloto <\/b>de <a href=\"https:\/\/www.foxsports.com.mx\/2025\/09\/08\/marko-lanza-recado-a-mclaren-tras-victoria-de-verstappen-una-demostracion-increible-de-poder\/\" target=\"_blank\" rel=\"noreferrer nofollow noopener\" title=\"https:\/\/www.foxsports.com.mx\/2025\/09\/08\/marko-lanza-recado-a-mclaren-tras-victoria-de-verstappen-una-demostracion-increible-de-poder\/\"><b>Red Bull Racing<\/b><\/a><b> <\/b>es el de <b>menor estatura <\/b>en la F\u00f3rmula 1 2025 al registrar <b>1.59 metros<\/b>, seguido por Isack Hadjar (Racing Bulls), quien alcanza el 1.67. <\/p>\n<p class=\"c-paragraph\"><b>Hamilton<\/b>, por su parte, se encuentra algunos escalones m\u00e1s arriba al registrar 1.74 metros, mientras que su compa\u00f1ero <b>Charles Leclerc<\/b> lo supera ligeramente con su 1.80. <\/p>\n<p><b>\u00bfQui\u00e9n es el piloto m\u00e1s alto de la F\u00f3rmula 1?<\/b><\/p>\n<p class=\"c-paragraph\">De acuerdo con la informaci\u00f3n recabada por Motorsport, los competidores m\u00e1s altos de la M\u00e1xima Categor\u00eda son<b> Alex Albon<\/b> de Williams y<b> Esteban Ocon <\/b>de Haas, quienes miden 1.86 metros.<\/p>\n<p class=\"c-paragraph\">El podio de altura lo completa <b>George Russell<\/b> de <a href=\"https:\/\/www.foxsports.com.mx\/2025\/09\/07\/verstappen-dejo-en-ridiculo-a-todos-en-monza-toto-wolff-impresionado-por-la-victoria-de-max\/\" target=\"_blank\" rel=\"noreferrer nofollow noopener\" title=\"https:\/\/www.foxsports.com.mx\/2025\/09\/07\/verstappen-dejo-en-ridiculo-a-todos-en-monza-toto-wolff-impresionado-por-la-victoria-de-max\/\">Mercedes<\/a>, quien alcanza los 1.85 metros y supera ligeramente a <b>Nico H\u00fclkenberg <\/b>de Kick Sauber (1.84). <\/p>\n","protected":false},"excerpt":{"rendered":"Aunque Ferrari no tuvo el fin de semana que esperaba en el Gran Premio de Italia, Lewis Hamilton&hellip;\n","protected":false},"author":2,"featured_media":109129,"comment_status":"","ping_status":"","sticky":false,"template":"","format":"standard","meta":{"footnotes":""},"categories":[270],"tags":[168,25,24,306,2091,271,27106,272,33153,37518,2097,212,23,167,2105],"class_list":{"0":"post-109128","1":"post","2":"type-post","3":"status-publish","4":"format-standard","5":"has-post-thumbnail","7":"category-formula-1","8":"tag-deportes","9":"tag-es","10":"tag-espana","11":"tag-f1","12":"tag-ferrari","13":"tag-formula-1","14":"tag-formula-1-2025","15":"tag-formula1","16":"tag-gp-de-italia","17":"tag-jgs","18":"tag-lewis-hamilton","19":"tag-red-bull","20":"tag-spain","21":"tag-sports","22":"tag-yuki-tsunoda"},"share_on_mastodon":{"url":"","error":""},"_links":{"self":[{"href":"https:\/\/www.europesays.com\/es\/wp-json\/wp\/v2\/posts\/109128","targetHints":{"allow":["GET"]}}],"collection":[{"href":"https:\/\/www.europesays.com\/es\/wp-json\/wp\/v2\/posts"}],"about":[{"href":"https:\/\/www.europesays.com\/es\/wp-json\/wp\/v2\/types\/post"}],"author":[{"embeddable":true,"href":"https:\/\/www.europesays.com\/es\/wp-json\/wp\/v2\/users\/2"}],"replies":[{"embeddable":true,"href":"https:\/\/www.europesays.com\/es\/wp-json\/wp\/v2\/comments?post=109128"}],"version-history":[{"count":0,"href":"https:\/\/www.europesays.com\/es\/wp-json\/wp\/v2\/posts\/109128\/revisions"}],"wp:featuredmedia":[{"embeddable":true,"href":"https:\/\/www.europesays.com\/es\/wp-json\/wp\/v2\/media\/109129"}],"wp:attachment":[{"href":"https:\/\/www.europesays.com\/es\/wp-json\/wp\/v2\/media?parent=109128"}],"wp:term":[{"taxonomy":"category","embeddable":true,"href":"https:\/\/www.europesays.com\/es\/wp-json\/wp\/v2\/categories?post=109128"},{"taxonomy":"post_tag","embeddable":true,"href":"https:\/\/www.europesays.com\/es\/wp-json\/wp\/v2\/tags?post=109128"}],"curies":[{"name":"wp","href":"https:\/\/api.w.org\/{rel}","templated":true}]}}