{"id":109132,"date":"2025-09-12T02:42:11","date_gmt":"2025-09-12T02:42:11","guid":{"rendered":"https:\/\/www.europesays.com\/es\/109132\/"},"modified":"2025-09-12T02:42:11","modified_gmt":"2025-09-12T02:42:11","slug":"los-aficionados-del-nottingham-forest-tendran-3-385-entradas-para-el-partido-en-la-cartuja-contra-el-betis","status":"publish","type":"post","link":"https:\/\/www.europesays.com\/es\/109132\/","title":{"rendered":"Los aficionados del Nottingham Forest tendr\u00e1n 3.385 entradas para el partido en la Cartuja contra el Betis"},"content":{"rendered":"<p>El club ingl\u00e9s avisa a sus socios de que el encuentro no se juega en el Villamar\u00edn y recomienda que no se viaje sin tener localidades asignadas <\/p>\n<p><img fetchpriority=\"high\" class=\"voc-img\" src=\"https:\/\/www.europesays.com\/es\/wp-content\/uploads\/2025\/09\/cartuja-betis-gomez-estadio-R3DiO0MQ7V9oWbchv2MeRxI-1200x840@diario_abc.jpg\" loading=\"eager\" decoding=\"async\" alt=\"El estadio de la Cartuja, antes del inicio del Betis - Alav\u00e9s\" width=\"1200\" height=\"840\"\/><\/p>\n<p>El estadio de la Cartuja, antes del inicio del Betis &#8211; Alav\u00e9s    manuel g\u00f3mez  <\/p>\n<p><img decoding=\"async\" class=\"voc-author__img\" src=\"https:\/\/www.europesays.com\/es\/wp-content\/uploads\/2025\/09\/autor-3503-foto-5.png\" alt=\"Mateo Gonz\u00e1lez\"\/><\/p>\n<p class=\"voc-p\" style=\"\">El <strong>Real Betis<\/strong> ha enviado 3.385 entradas al <strong>Nottingham Forest<\/strong> para que las venda entre sus aficionados de cara a poder presenciar en directo el encuentro de la primera jornada de la fase de liga de la Europa League que se disputar\u00e1 en el estadio de la Cartuja el pr\u00f3ximo 24 de septiembre a partir de las 21.00.<\/p>\n<p class=\"voc-p\" style=\"\">El club ingl\u00e9s pondr\u00e1 a la disposici\u00f3n de sus abonados estas localidades este jueves y <strong>advierte de que el encuentro se disputa en la Cartuja y no en el Benito Villamar\u00edn<\/strong> para que no haya confusiones entre sus seguidores aclarando que el motivo es que hay obras en el coliseo heliopolitano y no est\u00e1 disponible en estos momentos.<\/p>\n<p class=\"voc-p\" style=\"\">Adem\u00e1s, el Forest se disculpa por <strong>el retraso en la venta de estas entradas<\/strong> y lo justifica en la necesidad de recibir \u00abinformaci\u00f3n importante\u00bb desde el Betis para sus seguidores antes de inciar este proceso.<\/p>\n<p class=\"voc-p\" style=\"\">\u00abLos aficionados deben leer las actualizaciones sobre las entradas a trav\u00e9s de esta web dado que se incluye importante informaci\u00f3n acerca <strong>de la obligatoria recogida de los tickets en la ciudad que acoge el partido (Sevilla)<\/strong>. El resto de informaci\u00f3n sobre la recogida de entradas se comunicar\u00e1 m\u00e1s cerda del partido. Si alguna persona intenta recoger una entrada que no se le ha asignado, el socio ser\u00e1 retirado de la lista de entradas como visitante sin apelaci\u00f3n y podr\u00e1 recibir una sanci\u00f3n. Se recomienda que lo aficionados sin entradas no viajen a Sevilla\u00ab, se\u00f1ala el Forest en su comunicado.<\/p>\n<p class=\"voc-p\" style=\"\">Cabe recordar que el conjunto ingl\u00e9s llegar\u00e1 con un nuevo entrenador tras despedir a Nuno Espirito Santo despu\u00e9s de las primeras jornadas y sustituirlo por <strong>Ante Postecoglou<\/strong>, que ya se midi\u00f3 a los verdiblancos con el Celtic en la Europa League de la 2021-22.<\/p>\n<p class=\"voc-p\" style=\"\">Adem\u00e1s del Nottingham Forest, el Betis se medir\u00e1 al Ludogorets, Genk, Olympique Lyonnais, Utrech, Dinamo de Zagreb, Paok y Feyenoord en esta fase de grupos de la Europa League.<\/p>\n<p>Reportar un error<\/p>\n","protected":false},"excerpt":{"rendered":"El club ingl\u00e9s avisa a sus socios de que el encuentro no se juega en el Villamar\u00edn y&hellip;\n","protected":false},"author":2,"featured_media":109133,"comment_status":"","ping_status":"","sticky":false,"template":"","format":"standard","meta":{"footnotes":""},"categories":[268],"tags":[37519,2984,291,5587,168,4401,25,24,280,5596,282,25244,1045,281,23,167],"class_list":{"0":"post-109132","1":"post","2":"type-post","3":"status-publish","4":"format-standard","5":"has-post-thumbnail","7":"category-futbol","8":"tag-37519","9":"tag-aficionados","10":"tag-betis","11":"tag-cartuja","12":"tag-deportes","13":"tag-entradas","14":"tag-es","15":"tag-espana","16":"tag-football","17":"tag-forest","18":"tag-futbol","19":"tag-nottingham","20":"tag-partido","21":"tag-soccer","22":"tag-spain","23":"tag-sports"},"share_on_mastodon":{"url":"","error":""},"_links":{"self":[{"href":"https:\/\/www.europesays.com\/es\/wp-json\/wp\/v2\/posts\/109132","targetHints":{"allow":["GET"]}}],"collection":[{"href":"https:\/\/www.europesays.com\/es\/wp-json\/wp\/v2\/posts"}],"about":[{"href":"https:\/\/www.europesays.com\/es\/wp-json\/wp\/v2\/types\/post"}],"author":[{"embeddable":true,"href":"https:\/\/www.europesays.com\/es\/wp-json\/wp\/v2\/users\/2"}],"replies":[{"embeddable":true,"href":"https:\/\/www.europesays.com\/es\/wp-json\/wp\/v2\/comments?post=109132"}],"version-history":[{"count":0,"href":"https:\/\/www.europesays.com\/es\/wp-json\/wp\/v2\/posts\/109132\/revisions"}],"wp:featuredmedia":[{"embeddable":true,"href":"https:\/\/www.europesays.com\/es\/wp-json\/wp\/v2\/media\/109133"}],"wp:attachment":[{"href":"https:\/\/www.europesays.com\/es\/wp-json\/wp\/v2\/media?parent=109132"}],"wp:term":[{"taxonomy":"category","embeddable":true,"href":"https:\/\/www.europesays.com\/es\/wp-json\/wp\/v2\/categories?post=109132"},{"taxonomy":"post_tag","embeddable":true,"href":"https:\/\/www.europesays.com\/es\/wp-json\/wp\/v2\/tags?post=109132"}],"curies":[{"name":"wp","href":"https:\/\/api.w.org\/{rel}","templated":true}]}}