{"id":109146,"date":"2025-09-12T02:55:13","date_gmt":"2025-09-12T02:55:13","guid":{"rendered":"https:\/\/www.europesays.com\/es\/109146\/"},"modified":"2025-09-12T02:55:13","modified_gmt":"2025-09-12T02:55:13","slug":"los-bares-no-encuentran-trabajadores","status":"publish","type":"post","link":"https:\/\/www.europesays.com\/es\/109146\/","title":{"rendered":"\u00abLos bares no encuentran trabajadores\u00bb"},"content":{"rendered":"<p><img decoding=\"async\" class=\"voc-author__img\" src=\"https:\/\/www.europesays.com\/es\/wp-content\/uploads\/2025\/08\/autor-5051-foto-8.png\" alt=\"In\u00e9s Romero\"\/><\/p>\n<p>11\/09\/2025<br \/>\n<br \/><strong><br \/>\nActualizado a las 17:12h.<br \/>\n<\/strong><\/p>\n<p class=\"voc-p\" style=\"\">El Congreso de los Diputados se planta y dice \u00abno\u00bb al proyecto de ley de <strong>Yolanda D\u00edaz<\/strong> para <a href=\"https:\/\/www.abc.es\/espana\/psoe-desliga-fracaso-yolanda-diaz-reduccion-jornada-20250911041553-nt.html\" title=\"www.abc.es\" data-voc-vtm-id=\"in-text-traffic\" data-mrf-link=\"www.abc.es\" rel=\"nofollow noopener\" target=\"_blank\">reducir la jornada laboral a 37,5 horas semanales<\/a>. Los <strong>votos de PP, Vox y Junts<\/strong>, que juntos suman 177 esca\u00f1os, <strong>han frenado en seco la medida<\/strong> que pretende impulsar la ministra y, por el momento, se estancar\u00e1 su tramitaci\u00f3n parlamentaria.<\/p>\n<p class=\"voc-p\" style=\"\">El <strong>Ministerio de Trabajo<\/strong> asegura que la norma beneficiar\u00e1 a m\u00e1s de 12 millones de trabajadores en Espa\u00f1a. Por ello, la vicepresidenta segunda del Gobierno asegura que <a href=\"https:\/\/www.abc.es\/espana\/sanchez-voto-reduccion-jornada-laboral-20250911100231-nt.html\" title=\"www.abc.es\" data-voc-vtm-id=\"in-text-traffic\" data-mrf-link=\"www.abc.es\" rel=\"nofollow noopener\" target=\"_blank\">no se va a quedar de brazos cruzados<\/a> a pesar de la derrota. En una entrevista para &#8216;M\u00e1s de uno&#8217; con <strong>Carlos Alsina<\/strong>, D\u00edaz declara que esta batalla \u00abest\u00e1 ganada en la calle\u00bb y considera que \u00abtarde o temprano se va a lograr la victoria\u00bb. <\/p>\n<p class=\"voc-p\" style=\"\">La propuesta de la l\u00edder de Sumar ha generado un enorme debate y son muchos los que han opinado al respecto. Uno de ellos ha sido el <a href=\"https:\/\/www.abc.es\/recreo\/chef-jose-andres-explica-receta-cocinar-tortilla-20250524163537-nt.html\" title=\"www.abc.es\" data-voc-vtm-id=\"in-text-traffic\" data-mrf-link=\"www.abc.es\" rel=\"nofollow noopener\" target=\"_blank\">chef Jos\u00e9 Andr\u00e9s<\/a>, quien <strong>ha lanzado un mensaje en redes sociales<\/strong> tras escuchar las palabras de la ministra en Onda Cero.<\/p>\n<p>\nEl chef Jos\u00e9 Andr\u00e9s opina sin filtros sobre Yolanda D\u00edaz y su medida para reducir la jornada laboral\n<\/p>\n<p class=\"voc-p\" style=\"\">El chef Jos\u00e9 Andr\u00e9s ha lanzado un mensaje a Yolanda D\u00edaz tras escuchar sus declaraciones en &#8216;M\u00e1s de uno&#8217; sobre el fracaso de este proyecto de ley. \u00ab<strong>\u00bfC\u00f3mo vamos a reducir la jornada laboral cuando los negocios, desde bares hasta f\u00e1bricas, no encuentran trabajadores para cubrir puestos?\u00bb<\/strong>, sostiene. <\/p>\n<blockquote class=\"twitter-tweet\">\n<p lang=\"es\" dir=\"ltr\">.<a href=\"https:\/\/twitter.com\/MasDeUno?ref_src=twsrc%5Etfw\" rel=\"nofollow noopener\" target=\"_blank\">@MasDeUno<\/a> <a href=\"https:\/\/twitter.com\/Yolanda_Diaz_?ref_src=twsrc%5Etfw\" rel=\"nofollow noopener\" target=\"_blank\">@Yolanda_Diaz_<\/a> como vamos a reducir la jornada laboral cuando los negocios, desde bares hasta f\u00e1bricas no encuentran trabajadores para cubrir puestos de trabajo? Mientras tenemos un paro elevado y una Espa\u00f1a que envejece? Bajemos el paro hasta el 4%, reforma migratoria\u2026<\/p>\n<p>\u2014 Chef Jos\u00e9 Andr\u00e9s \ud83d\udd4a\ufe0f\ud83e\udd58\ud83c\udf73 (@chefjoseandres) <a href=\"https:\/\/twitter.com\/chefjoseandres\/status\/1966040998309417201?ref_src=twsrc%5Etfw\" rel=\"nofollow noopener\" target=\"_blank\">September 11, 2025<\/a><\/p><\/blockquote>\n<p class=\"voc-p\" style=\"\">El cocinero considera que hay otras cuestiones m\u00e1s importantes que resolver. \u00abMientras tenemos un paro elevado y una <strong>Espa\u00f1a que envejece<\/strong>&#8230; <strong>Bajemos el paro hasta el 4%<\/strong>, reforma migratoria y luego ya rebajaremos la jornada laboral\u00bb, sentencia.<\/p>\n<p>Reportar un error<\/p>\n<p><script async src=\"https:\/\/platform.twitter.com\/widgets.js\" charset=\"utf-8\"><\/script><\/p>\n","protected":false},"excerpt":{"rendered":"11\/09\/2025 Actualizado a las 17:12h. El Congreso de los Diputados se planta y dice \u00abno\u00bb al proyecto de&hellip;\n","protected":false},"author":2,"featured_media":109147,"comment_status":"","ping_status":"","sticky":false,"template":"","format":"standard","meta":{"footnotes":""},"categories":[8],"tags":[2987,6797,17,18,6437,779,4996,25,24,13,14,11,293,2467,9416,19,20,9,10,15,16,33362,23,7725,12,4479,21,22,12392],"class_list":{"0":"post-109146","1":"post","2":"type-post","3":"status-publish","4":"format-standard","5":"has-post-thumbnail","7":"category-espana","8":"tag-andres","9":"tag-bares","10":"tag-breaking-news","11":"tag-breakingnews","12":"tag-chef","13":"tag-diaz","14":"tag-encuentran","15":"tag-es","16":"tag-espana","17":"tag-featured-news","18":"tag-featurednews","19":"tag-headlines","20":"tag-jornada","21":"tag-jose","22":"tag-laboral","23":"tag-latest-news","24":"tag-latestnews","25":"tag-news","26":"tag-noticias","27":"tag-noticias-destacadas","28":"tag-noticiasdestacadas","29":"tag-reduccion","30":"tag-spain","31":"tag-tajante","32":"tag-titulares","33":"tag-trabajadores","34":"tag-ultimas-noticias","35":"tag-ultimasnoticias","36":"tag-yolanda"},"share_on_mastodon":{"url":"","error":""},"_links":{"self":[{"href":"https:\/\/www.europesays.com\/es\/wp-json\/wp\/v2\/posts\/109146","targetHints":{"allow":["GET"]}}],"collection":[{"href":"https:\/\/www.europesays.com\/es\/wp-json\/wp\/v2\/posts"}],"about":[{"href":"https:\/\/www.europesays.com\/es\/wp-json\/wp\/v2\/types\/post"}],"author":[{"embeddable":true,"href":"https:\/\/www.europesays.com\/es\/wp-json\/wp\/v2\/users\/2"}],"replies":[{"embeddable":true,"href":"https:\/\/www.europesays.com\/es\/wp-json\/wp\/v2\/comments?post=109146"}],"version-history":[{"count":0,"href":"https:\/\/www.europesays.com\/es\/wp-json\/wp\/v2\/posts\/109146\/revisions"}],"wp:featuredmedia":[{"embeddable":true,"href":"https:\/\/www.europesays.com\/es\/wp-json\/wp\/v2\/media\/109147"}],"wp:attachment":[{"href":"https:\/\/www.europesays.com\/es\/wp-json\/wp\/v2\/media?parent=109146"}],"wp:term":[{"taxonomy":"category","embeddable":true,"href":"https:\/\/www.europesays.com\/es\/wp-json\/wp\/v2\/categories?post=109146"},{"taxonomy":"post_tag","embeddable":true,"href":"https:\/\/www.europesays.com\/es\/wp-json\/wp\/v2\/tags?post=109146"}],"curies":[{"name":"wp","href":"https:\/\/api.w.org\/{rel}","templated":true}]}}