{"id":109175,"date":"2025-09-12T03:17:09","date_gmt":"2025-09-12T03:17:09","guid":{"rendered":"https:\/\/www.europesays.com\/es\/109175\/"},"modified":"2025-09-12T03:17:09","modified_gmt":"2025-09-12T03:17:09","slug":"el-ataque-con-drones-rusos-a-polonia-iba-dirigido-contra-la-base-logistica-de-ayuda-a-ucrania","status":"publish","type":"post","link":"https:\/\/www.europesays.com\/es\/109175\/","title":{"rendered":"El ataque con drones rusos a Polonia iba dirigido contra la base log\u00edstica de ayuda a Ucrania"},"content":{"rendered":"<p style=\"\">El estudio de los restos de los <a href=\"https:\/\/www.abc.es\/internacional\/putin-viola-territorio-otan-drones-guerra-sobre-20250910194108-nt.html\" title=\"www.abc.es\" data-voc-vtm-id=\"in-text-traffic\" data-mrf-link=\"www.abc.es\" rel=\"nofollow noopener\" target=\"_blank\">drones rusos derribados <\/a>en territorio polaco y la investigaci\u00f3n de los aliados sobre sus trayectorias de vuelo demuestran que no se trat\u00f3 en absoluto de incursiones casuales. Cinco de los diecinueve drones que violaron el espacio a\u00e9reo polaco  &#8230; el mi\u00e9rcoles ten\u00edan como objetivo atacar <strong>el centro log\u00edstico de Rzesz\u00f3w<\/strong>, seg\u00fan fuentes de la OTAN, que llegan a esta conclusi\u00f3n por la ruta de vuelo de los veh\u00edculos a\u00e9reos no tripulados.<\/p>\n<p class=\"voc-p\" style=\"\">Al menos tres de esos drones fueron derribados por cazas F-35 holandeses. Los otros dos tampoco llegaron a su destino, sin que se haya podido todav\u00eda determinar la causa. Rzesz\u00f3w es un centro de distribuci\u00f3n vital para el suministro de armas a Ucrania. \u00abComo parte del apoyo material a Ucrania, Polonia, con el apoyo de Estados Unidos, ha establecido un centro log\u00edstico POLLOGHUB en Rzesz\u00f3w, a donde est\u00e1 llegando constantemente ayuda de todo el mundo. Se estima que m\u00e1s del 80% de las donaciones militares al socio ucraniano han pasado por este centro\u00bb, informaba el Ministerio de Defensa de Polonia el pasado mes de marzo.<\/p>\n<p class=\"voc-p\" style=\"\">Los objetivos del resto de los drones rusos tampoco resultaron aleatorios. Uno de ellos se estrell\u00f3 cerca de un cuartel de la defensa territorial polaca, cerca de almacenes y bases militares de Wohy\u0144, en Bezwola. A unos 20 kil\u00f3metros de distancia, hay un Dep\u00f3sito de Municiones de la Fuerza A\u00e9rea. El representante polaco en el panel SAS-163 de la OTAN, el coronel <strong>Grzegorz Malecki<\/strong>, afirma que los objetivos eran \u00abmuy espec\u00edficos\u00bb.<\/p>\n<p class=\"voc-p\" style=\"\">Otro fue alcanzado cerca de Korytnica, al este de la capital, en direcci\u00f3n a un cuartel, y otro en Nowe Miasto, en Pilica, al suroeste de Varsovia y tambi\u00e9n peligrosamente cerca de instalaciones energ\u00e9ticas. \u00abLa OTAN ha pasado la prueba, no sucumbi\u00f3 a la presi\u00f3n rusa, mostr\u00f3 unidad\u00ab, celebr\u00f3 ayer el ministro de Defensa polaco, <strong>Wladyslaw Kosiniak-Kamysz<\/strong>, en una sesi\u00f3n parlamentaria en el Parlamento polaco \u2013Sejm\u2013 en la que present\u00f3 informaci\u00f3n sobre la violaci\u00f3n del espacio a\u00e9reo por parte de drones rusos y a la que asisti\u00f3 tambi\u00e9n el general <strong>Wieslaw Kukula<\/strong>, jefe del Estado Mayor del ej\u00e9rcito polaco, y <strong>Maciej Klisz<\/strong>, comandante operativo, quienes dieron personalmente las \u00f3rdenes de derribar los drones.<\/p>\n<p class=\"voc-p\" style=\"\">Antes de asistir a una nueva reuni\u00f3n del Consejo de Seguridad Nacional, que tambi\u00e9n tuvo lugar ayer en Varsovia, el presidente <a href=\"https:\/\/www.abc.es\/internacional\/nawrocki-proclama-nuevo-presidente-polonia-anuncia-reforma-20250806140305-nt.html\" title=\"www.abc.es\" data-voc-vtm-id=\"in-text-traffic\" data-mrf-link=\"www.abc.es\" rel=\"nofollow noopener\" target=\"_blank\">Karol Nawrocki <\/a>visit\u00f3 el 31. Base A\u00e9rea T\u00e1ctica de Pozna\u0144-Krzesiny, al tiempo que el primer ministro, <strong>Donald Tusk<\/strong>, visitaba por su parte la 32. Base a\u00e9rea t\u00e1ctica de Lask, de las que partieron los cazas polacos y holandeses que interceptaron los drones. La incursi\u00f3n de drones rusos ha tenido lugar en un momento en el que la pol\u00edtica polaca est\u00e1 afectada por el enfrentamiento fratricida de dos bloques pol\u00edticos que ambos lideran, por eso es especialmente significativo que todas las instituciones polacas \u00abhan actuado como una sola\u00bb, seg\u00fan ha reconocido Tusk. <\/p>\n<p class=\"voc-p\" style=\"\">\u00abEstamos en un lugar que tiene una hermosa historia de aviaci\u00f3n, pero tambi\u00e9n es un lugar de entrenamiento y operaciones de combate de lo mejor de lo mejor. Este fue el punto principal de lo que sucedi\u00f3 ayer: fue aqu\u00ed donde se ubicaron las fuerzas para fortalecer el sistema de defensa a\u00e9rea polaco, que reaccion\u00f3 a otra provocaci\u00f3n rusa\u00bb, comenz\u00f3 el presidente su discurso en Krzesiny. <strong>Karol Nawrocki<\/strong> agradeci\u00f3 al comando, a los pilotos y a todos los t\u00e9cnicos por su servicio.<\/p>\n<p class=\"voc-p\" style=\"\">\u00abDespu\u00e9s de lo que ha pasado, quiero enviar una se\u00f1al a la Federaci\u00f3n Rusa y a <strong>Vlad\u00edmir Putin<\/strong>. Aqu\u00ed estamos, la naci\u00f3n polaca, una naci\u00f3n que no ten\u00eda miedo del Ej\u00e9rcito sovi\u00e9tico en 1920, cuando se par\u00f3 a las puertas de Varsovia. Somos una naci\u00f3n que no renunci\u00f3 a su alma despu\u00e9s de 1945, a pesar de casi 50 a\u00f1os de propaganda de propaganda sovi\u00e9tica, cuando \u00e9ramos una colonia. Hemos preservado nuestra libertad, independencia y amor por nuestra patria. Y gracias a los maravillosos pilotos polacos y a los pilotos de los aliados, Polonia, que est\u00e1 en la Alianza del Atl\u00e1ntico Norte, tampoco tendr\u00e1 miedo de los drones rusos\u00ab, proclam\u00f3 <strong>Karol Nawrocki<\/strong>. <\/p>\n<p class=\"voc-p\" style=\"\">\u00abLo que sucedi\u00f3 anoche me hizo darme cuenta, espero que para todos sin excepci\u00f3n, de lo importante que es que los tengamos a ustedes: pilotos, soldados, oficiales que custodian el cielo polaco. No se trata de ejercicios, demostraciones, maniobras, sino de una acci\u00f3n directa en el aire, que tiene como objetivo proteger nuestra patria y la seguridad de nuestros ciudadanos\u00ab, dijo por su parte Tusk en Lask.<\/p>\n<p class=\"voc-p\" style=\"\">A lo largo del d\u00eda, Polonia fue recibiendo ayer muestras de apoyo concretas por parte de los aliados. Alrededor de 100 soldados checos y tres helic\u00f3pteros est\u00e1n siendo enviados para una operaci\u00f3n especial. La ministra de Defensa checa,<strong> Jana Czernochova<\/strong>, asegur\u00f3 que llegar\u00e1n en los pr\u00f3ximos tres d\u00edas. Alemania, Reino Unido e Italia, <a href=\"https:\/\/www.abc.es\/internacional\/reino-unido-plantea-reunion-reforzar-defensa-aerea-20250910191204-nt.html\" title=\"www.abc.es\" data-voc-vtm-id=\"in-text-traffic\" data-mrf-link=\"www.abc.es\" rel=\"nofollow noopener\" target=\"_blank\">cuyos ministros de Defensa hablaron ayer sobre c\u00f3mo mejorar la seguridad a\u00e9rea <\/a>en la frontera oriental, se guardan las conclusiones de la conversaci\u00f3n para las consultas en el contexto del art\u00edculo 4 del Tratado de la OTAN, <a href=\"https:\/\/www.abc.es\/internacional\/primer-ministro-polaco-donald-tusk-afirma-ante-20250910105045-nt.html\" title=\"www.abc.es\" data-voc-vtm-id=\"in-text-traffic\" data-mrf-link=\"www.abc.es\" rel=\"nofollow noopener\" target=\"_blank\">activado por Polonia<\/a>, pero avanzan que se aumentar\u00e1 su apoyo.<\/p>\n<p class=\"voc-p\" style=\"\">De momento, La Bundeswehr duplic\u00f3 ayer el n\u00famero de cazas Eurofighter desplegados en Polonia, pasando de dos a cuatro unidades. Incluso el presidente de Ucrania, <strong>Volod\u00edmir Zelenski<\/strong>, ofreci\u00f3 apoyo consultivo a Polonia para mejorar su sistema de defensa contra drones, sugiriendo un enfoque m\u00e1s eficiente que el uso de misiles Patriot contra drones de bajo coste. Letonia, al igual que Polonia, ha cerrado su frontera y su espacio a\u00e9reo con Bielorrusia, ante la imposibilidad de prevenir incursiones de drones.<\/p>\n","protected":false},"excerpt":{"rendered":"El estudio de los restos de los drones rusos derribados en territorio polaco y la investigaci\u00f3n de los&hellip;\n","protected":false},"author":2,"featured_media":109176,"comment_status":"","ping_status":"","sticky":false,"template":"","format":"standard","meta":{"footnotes":""},"categories":[42],"tags":[1422,3229,5715,17,18,24044,13,14,11,17576,61,62,63,64,19,20,2639,9,10,15,16,18435,12,7081,21,22,65,66,67],"class_list":{"0":"post-109175","1":"post","2":"type-post","3":"status-publish","4":"format-standard","5":"has-post-thumbnail","7":"category-internacional","8":"tag-ataque","9":"tag-ayuda","10":"tag-base","11":"tag-breaking-news","12":"tag-breakingnews","13":"tag-dirigido","14":"tag-featured-news","15":"tag-featurednews","16":"tag-headlines","17":"tag-iba","18":"tag-internacional","19":"tag-international","20":"tag-international-news","21":"tag-internationalnews","22":"tag-latest-news","23":"tag-latestnews","24":"tag-logistica","25":"tag-news","26":"tag-noticias","27":"tag-noticias-destacadas","28":"tag-noticiasdestacadas","29":"tag-ruso","30":"tag-titulares","31":"tag-ucrania","32":"tag-ultimas-noticias","33":"tag-ultimasnoticias","34":"tag-world","35":"tag-world-news","36":"tag-worldnews"},"share_on_mastodon":{"url":"","error":""},"_links":{"self":[{"href":"https:\/\/www.europesays.com\/es\/wp-json\/wp\/v2\/posts\/109175","targetHints":{"allow":["GET"]}}],"collection":[{"href":"https:\/\/www.europesays.com\/es\/wp-json\/wp\/v2\/posts"}],"about":[{"href":"https:\/\/www.europesays.com\/es\/wp-json\/wp\/v2\/types\/post"}],"author":[{"embeddable":true,"href":"https:\/\/www.europesays.com\/es\/wp-json\/wp\/v2\/users\/2"}],"replies":[{"embeddable":true,"href":"https:\/\/www.europesays.com\/es\/wp-json\/wp\/v2\/comments?post=109175"}],"version-history":[{"count":0,"href":"https:\/\/www.europesays.com\/es\/wp-json\/wp\/v2\/posts\/109175\/revisions"}],"wp:featuredmedia":[{"embeddable":true,"href":"https:\/\/www.europesays.com\/es\/wp-json\/wp\/v2\/media\/109176"}],"wp:attachment":[{"href":"https:\/\/www.europesays.com\/es\/wp-json\/wp\/v2\/media?parent=109175"}],"wp:term":[{"taxonomy":"category","embeddable":true,"href":"https:\/\/www.europesays.com\/es\/wp-json\/wp\/v2\/categories?post=109175"},{"taxonomy":"post_tag","embeddable":true,"href":"https:\/\/www.europesays.com\/es\/wp-json\/wp\/v2\/tags?post=109175"}],"curies":[{"name":"wp","href":"https:\/\/api.w.org\/{rel}","templated":true}]}}