{"id":109177,"date":"2025-09-12T03:18:17","date_gmt":"2025-09-12T03:18:17","guid":{"rendered":"https:\/\/www.europesays.com\/es\/109177\/"},"modified":"2025-09-12T03:18:17","modified_gmt":"2025-09-12T03:18:17","slug":"hacienda-ratifica-que-la-pareja-de-ayuso-hizo-facturas-falsas-para-tributar-menos","status":"publish","type":"post","link":"https:\/\/www.europesays.com\/es\/109177\/","title":{"rendered":"Hacienda ratifica que\u00a0la pareja de Ayuso hizo \u00abfacturas falsas\u00bb para tributar menos"},"content":{"rendered":"<p>\t\t\t \t\t \t\t\t\t\t\t\tAlberto Gonz\u00e1lez Amador, pareja de Isabel D\u00edaz Ayuso. <strong class=\"pd-l\">Rodrigo Jimenez|Rodrigo Jimenez | EFE  <\/strong><\/p>\n<p>\t\t\t\t\t\tEl audio de la declaraci\u00f3n ante la jueza el pasado marzo confirma que las dos t\u00e9cnicos abrieron expediente a Gonz\u00e1lez Amador tras el pelotazo de las mascarillas en pandemia<br \/>\n\t\t\t\t\t\t<strong>11 sep 2025<\/strong> . Actualizado a las 15:20 h.\t\t\t\t\t\t<\/p>\n<p class=\"txt first-paragraph\">&#13;<br \/>\n    \t Las dos t\u00e9cnicos del Ministerio de Hacienda que investigaron durante 19 meses al empresario y comisionista Alberto Gonz\u00e1lez Amador, pareja de la presidenta madrile\u00f1a Isabel\u00a0D\u00edaz Ayuso, ratificaron el pasado 21 de marzo en el juzgado&#13;\n\t<\/p>\n<p>&#13;<br \/>\n\t\t\t\t\tContenido exclusivo para suscriptores&#13;\n\t\t\t\t<\/p>\n<p>\t\t\t\t\tContin\u00faa leyendo con un 85% dto.<\/p>\n<p>\t\t\t\t\t\tSuscripci\u00f3n WEB<br \/>\n\t\t\t\t\t\t\t\t\t\t\t\t1\u20ac\/mes<br \/>\n\t\t\t\t\t\tdurante 6 mes\t\t\t\t\t\t<\/p>\n<p>\t\t\t\t\t\t<a href=\"https:\/\/elquiosco.lavozdegalicia.es\/suscripciones\/19-45-suscripcion-webapp.html?dllvdg=00031757595966456695172&amp;urlData=https:\/\/www.lavozdegalicia.es\/noticia\/espana\/2025\/09\/11\/hacienda-ratifica-pareja-ayuso-hizo-facturas-falsas-tributar\/00031757595966456695172.htm\" class=\"btn-brand btn sz-t-s no-brd t-sserif pd-h-2 btnAddToCart\" data-analytics-event=\"addToCart\" data-product-name=\"Suscripci\u00f3n WEB+APP\" data-product-price=\"1.00 \" data-product-coupon=\"2025_SEPTIEMBRE_1E6M_WEB_MES\" data-product-periodicity=\"Mensual\" rel=\"nofollow noopener\" target=\"_blank\">Suscr\u00edbete <\/a>\t\t\t\t\t\t<\/p>\n<p>\t\t\t\t\t&#13;<br \/>\n\t\t\t\t\t\u00bfYa eres subscriptor? <a href=\"https:\/\/miperfil.lavozdegalicia.es\/login.jsp?url=https:\/\/www.lavozdegalicia.es\/noticia\/espana\/2025\/09\/11\/hacienda-ratifica-pareja-ayuso-hizo-facturas-falsas-tributar\/00031757595966456695172.htm\" class=\"c-white\" rel=\"nofollow noopener\" target=\"_blank\">Inicia sesi\u00f3n<\/a>&#13;<\/p>\n","protected":false},"excerpt":{"rendered":"Alberto Gonz\u00e1lez Amador, pareja de Isabel D\u00edaz Ayuso. Rodrigo Jimenez|Rodrigo Jimenez | EFE El audio de la declaraci\u00f3n&hellip;\n","protected":false},"author":2,"featured_media":109178,"comment_status":"","ping_status":"","sticky":false,"template":"","format":"standard","meta":{"footnotes":""},"categories":[8],"tags":[765,17,18,25,24,13,14,34483,2582,11,3515,19,20,9,10,15,16,23,12,21,22],"class_list":{"0":"post-109177","1":"post","2":"type-post","3":"status-publish","4":"format-standard","5":"has-post-thumbnail","7":"category-espana","8":"tag-agencia-tributaria","9":"tag-breaking-news","10":"tag-breakingnews","11":"tag-es","12":"tag-espana","13":"tag-featured-news","14":"tag-featurednews","15":"tag-fiscalia-general-del-estado","16":"tag-fraude-fiscal","17":"tag-headlines","18":"tag-isabel-diaz-ayuso","19":"tag-latest-news","20":"tag-latestnews","21":"tag-news","22":"tag-noticias","23":"tag-noticias-destacadas","24":"tag-noticiasdestacadas","25":"tag-spain","26":"tag-titulares","27":"tag-ultimas-noticias","28":"tag-ultimasnoticias"},"share_on_mastodon":{"url":"","error":""},"_links":{"self":[{"href":"https:\/\/www.europesays.com\/es\/wp-json\/wp\/v2\/posts\/109177","targetHints":{"allow":["GET"]}}],"collection":[{"href":"https:\/\/www.europesays.com\/es\/wp-json\/wp\/v2\/posts"}],"about":[{"href":"https:\/\/www.europesays.com\/es\/wp-json\/wp\/v2\/types\/post"}],"author":[{"embeddable":true,"href":"https:\/\/www.europesays.com\/es\/wp-json\/wp\/v2\/users\/2"}],"replies":[{"embeddable":true,"href":"https:\/\/www.europesays.com\/es\/wp-json\/wp\/v2\/comments?post=109177"}],"version-history":[{"count":0,"href":"https:\/\/www.europesays.com\/es\/wp-json\/wp\/v2\/posts\/109177\/revisions"}],"wp:featuredmedia":[{"embeddable":true,"href":"https:\/\/www.europesays.com\/es\/wp-json\/wp\/v2\/media\/109178"}],"wp:attachment":[{"href":"https:\/\/www.europesays.com\/es\/wp-json\/wp\/v2\/media?parent=109177"}],"wp:term":[{"taxonomy":"category","embeddable":true,"href":"https:\/\/www.europesays.com\/es\/wp-json\/wp\/v2\/categories?post=109177"},{"taxonomy":"post_tag","embeddable":true,"href":"https:\/\/www.europesays.com\/es\/wp-json\/wp\/v2\/tags?post=109177"}],"curies":[{"name":"wp","href":"https:\/\/api.w.org\/{rel}","templated":true}]}}