{"id":109183,"date":"2025-09-12T03:22:15","date_gmt":"2025-09-12T03:22:15","guid":{"rendered":"https:\/\/www.europesays.com\/es\/109183\/"},"modified":"2025-09-12T03:22:15","modified_gmt":"2025-09-12T03:22:15","slug":"ilia-topuria-la-lia-y-se-busca-otra-pelea","status":"publish","type":"post","link":"https:\/\/www.europesays.com\/es\/109183\/","title":{"rendered":"Ilia Topuria la l\u00eda y se busca otra pelea"},"content":{"rendered":"<p class=\"parrafo\"><strong>Este fin de semana, la UFC tiene una parada en San Antonio (Texas) para acoger una de las Fight Nights m\u00e1s esperadas del a\u00f1o, en la que luchar\u00e1 a Diego Lopes,<\/strong> el luchador brasile\u00f1o que fue suplente en la pelea entre Ilia Topuria y Max Holloway, y que luego se enfrent\u00f3 a Alexander Volkanovski por el cintur\u00f3n del peso Pluma que hab\u00eda liberado El Matador cuando subi\u00f3 de peso.<\/p>\n<p class=\"parrafo\">El luchador brasile\u00f1o, actual n\u00famero 2 del r\u00e1nking del peso Pluma de la UFC, <strong>se cruzar\u00e1 con su compatriota Jean Silva<\/strong>, d\u00e9cimo clasificado, con la intenci\u00f3n de mantener su privilegiada posici\u00f3n en busca de una nueva opci\u00f3n de luchar por el t\u00edtulo. S\u00f3lo tiene por delante a Volkanovski y al &#8216;castigado&#8217; Movsar Evloev.<\/p>\n<p><a class=\"elementos-rel-t2\" href=\"https:\/\/www.estadiodeportivo.com\/ufc\/volkanovski-alza-voz-apunta-ilia-topuria-20250908-511167.html\" title=\"Volkanovski alza la voz y apunta a Ilia Topuria\" rel=\"nofollow noopener\" target=\"_blank\">Volkanovski alza la voz y apunta a Ilia Topuria<img decoding=\"async\" src=\"https:\/\/www.europesays.com\/es\/wp-content\/uploads\/2025\/09\/d570487e-c3b6-43f9-8beb-d15410e2660f_320x180.jpeg\" alt=\"Volkanovski alza la voz y apunta a Ilia Topuria\"\/><\/a><a class=\"elementos-rel-t2\" href=\"https:\/\/www.estadiodeportivo.com\/ufc\/casa-blanca-marcha-atras-cambia-los-planes-ufc-20250908-511137.html\" title=\"La Casa Blanca da marcha atr\u00e1s y cambia los planes de la UFC\" rel=\"nofollow noopener\" target=\"_blank\">La Casa Blanca da marcha atr\u00e1s y cambia los planes de la UFC<img decoding=\"async\" src=\"https:\/\/www.europesays.com\/es\/wp-content\/uploads\/2025\/09\/f49f6d04-fa70-43fa-a4cc-a41228b80d20_320x180.jpeg\" alt=\"La Casa Blanca da marcha atr\u00e1s y cambia los planes de la UFC\"\/><\/a><\/p>\n<p class=\"parrafo\">Sin embargo,<strong> la ateci\u00f3n del m\u00e1ximo dirigente de la UFC y de los aficionados a los deportes de contacto no estar\u00e1n en San Antonio sino en Las Vegas, <\/strong>donde la UFC tambi\u00e9n participa en la organizaci\u00f3n <strong>del llamado &#8216;combate del siglo&#8217; entre <a href=\"https:\/\/www.estadiodeportivo.com\/polideportivo\/canelo-crawford-cartelera-completa-orden-horarios-donde-ver-por-20250909-511276.html\" class=\"intext-link\" rel=\"nofollow noopener\" target=\"_blank\">&#8216;Canelo&#8217; \u00c1lvarez y Terence Crawford <\/a>por la supremac\u00eda del peso Supermedio.<\/strong> Como si se tratase de un evento de la compa\u00f1\u00eda de artes marciales mixtas, Dana White, su m\u00e1ximo dirigente, ha sido el encargado de separar en el cara a cara a los dos contendientes. Ser\u00e1 el primer gran evento que la UFC realice junto al Riyadh Season de Turki Al-Sheikh tras el acuerdo al que llegaron hace unos meses.<\/p>\n<p>Topuria, muy atento al Canelo vs Crawford<\/p>\n<p class=\"parrafo\"><strong>Ilia Topuria, como buen aficionado, no parece ajeno a eso<\/strong>. Ya ret\u00f3 en 2024 a &#8216;Canelo&#8217; \u00c1lvarez para repetir lo que en su d\u00eda protagonizaron Conor McGregor y Floyd Mayweather. Y ante el desinter\u00e9s del mexicano, ahora <strong>parece querer hacerlo con el que ser\u00e1 su rival el pr\u00f3ximo s\u00e1bado: Terence Crawford.<\/strong><\/p>\n<p><img decoding=\"async\" src=\"https:\/\/www.europesays.com\/es\/wp-content\/uploads\/2025\/09\/16dd38ab-573d-402f-809e-798432ffa0d5_800x453.jpeg\" loading=\"lazy\"\/><\/p>\n<p class=\"parrafo\">Campe\u00f3n de cuatro divisiones e invicto, el p\u00fagil norteamericano es uno de los boxeadores m\u00e1s populares y son espectaculares sus victorias antes del l\u00edmite. Sin embargo, no eso parece amilanar a un Topuria que reta a cualquiera.<\/p>\n<p><a class=\"elementos-rel-t2\" href=\"https:\/\/www.estadiodeportivo.com\/polideportivo\/canelo-crawford-cartelera-completa-orden-horarios-donde-ver-por-20250909-511276.html\" title=\"Canelo vs Crawford: Cartelera completa, orden, horarios y d\u00f3nde ver por TV\" rel=\"nofollow noopener\" target=\"_blank\">Canelo vs Crawford: Cartelera completa, orden, horarios y d\u00f3nde ver por TV<img decoding=\"async\" src=\"https:\/\/www.europesays.com\/es\/wp-content\/uploads\/2025\/09\/2f1c4d0d-c236-41c0-9337-e8043e28d6ed_320x180.jpeg\" alt=\"Canelo vs Crawford: Cartelera completa, orden, horarios y d\u00f3nde ver por TV\"\/><\/a><\/p>\n<p class=\"parrafo\"><strong>Lo hizo a trav\u00e9s de sus redes sociales, donde public\u00f3 una foto de \u00e9l saludando a Crawford y dej\u00f3 una pregunta: \u201c\u00bfQui\u00e9n ganar\u00eda esta pelea?\u201d<\/strong>. La &#8216;broma&#8217; tuvo respuesta y fueron muchos los que han contestado sobre las opciones de uno y otro, valorando en muchos casos la capacidad de lucha en el suelo del espa\u00f1ol.<\/p>\n<p class=\"parrafo\">Ante esto, <strong>Topuria se vino arriba, indic\u00f3 que no estaba hablando de un combate de artes marciales mixtas y mand\u00f3 un aviso que puede servir de reto: <\/strong>\u201cNo hablar\u00e9 de lo que pasar\u00eda entre Crawford y yo en un oct\u00e1gono, hablar\u00e9 de lo que pasar\u00eda en un ring. \u00a1\u00a1Lo pongo a dormir con el primer contacto!!\u201d, public\u00f3 El Matador en sus perfiles de redes sociales.<\/p>\n<p class=\"parrafo\">Ilia Topuria llevaba tiempo callado, apenas hab\u00eda aparecido desde que le <strong><a href=\"https:\/\/www.estadiodeportivo.com\/polideportivo\/ilia-touria-destroza-charles-oliveira-para-entrar-historia-ufc-20250629-501748.html\" class=\"intext-link\" rel=\"nofollow noopener\" target=\"_blank\">gan\u00f3 a Charles Oliveira<\/a><\/strong>, pero est\u00e1 claro que cuando lo hace, la l\u00eda.<\/p>\n","protected":false},"excerpt":{"rendered":"Este fin de semana, la UFC tiene una parada en San Antonio (Texas) para acoger una de las&hellip;\n","protected":false},"author":2,"featured_media":109184,"comment_status":"","ping_status":"","sticky":false,"template":"","format":"standard","meta":{"footnotes":""},"categories":[276],"tags":[4791,168,25,24,284,744,19709,23,167,343],"class_list":{"0":"post-109183","1":"post","2":"type-post","3":"status-publish","4":"format-standard","5":"has-post-thumbnail","7":"category-ufc","8":"tag-boxeo","9":"tag-deportes","10":"tag-es","11":"tag-espana","12":"tag-estadio-deportivo","13":"tag-polideportivo","14":"tag-saul-canelo-alvarez","15":"tag-spain","16":"tag-sports","17":"tag-ufc"},"share_on_mastodon":{"url":"","error":""},"_links":{"self":[{"href":"https:\/\/www.europesays.com\/es\/wp-json\/wp\/v2\/posts\/109183","targetHints":{"allow":["GET"]}}],"collection":[{"href":"https:\/\/www.europesays.com\/es\/wp-json\/wp\/v2\/posts"}],"about":[{"href":"https:\/\/www.europesays.com\/es\/wp-json\/wp\/v2\/types\/post"}],"author":[{"embeddable":true,"href":"https:\/\/www.europesays.com\/es\/wp-json\/wp\/v2\/users\/2"}],"replies":[{"embeddable":true,"href":"https:\/\/www.europesays.com\/es\/wp-json\/wp\/v2\/comments?post=109183"}],"version-history":[{"count":0,"href":"https:\/\/www.europesays.com\/es\/wp-json\/wp\/v2\/posts\/109183\/revisions"}],"wp:featuredmedia":[{"embeddable":true,"href":"https:\/\/www.europesays.com\/es\/wp-json\/wp\/v2\/media\/109184"}],"wp:attachment":[{"href":"https:\/\/www.europesays.com\/es\/wp-json\/wp\/v2\/media?parent=109183"}],"wp:term":[{"taxonomy":"category","embeddable":true,"href":"https:\/\/www.europesays.com\/es\/wp-json\/wp\/v2\/categories?post=109183"},{"taxonomy":"post_tag","embeddable":true,"href":"https:\/\/www.europesays.com\/es\/wp-json\/wp\/v2\/tags?post=109183"}],"curies":[{"name":"wp","href":"https:\/\/api.w.org\/{rel}","templated":true}]}}