{"id":109185,"date":"2025-09-12T03:24:07","date_gmt":"2025-09-12T03:24:07","guid":{"rendered":"https:\/\/www.europesays.com\/es\/109185\/"},"modified":"2025-09-12T03:24:07","modified_gmt":"2025-09-12T03:24:07","slug":"los-proximos-tres-meses-son-peligrosos","status":"publish","type":"post","link":"https:\/\/www.europesays.com\/es\/109185\/","title":{"rendered":"Los pr\u00f3ximos tres meses son peligrosos"},"content":{"rendered":"<p><b>Andy Roddick<\/b>, exn\u00famero 1 del mundo y ganador del US Open 2003, ha analizado la final jugada entre <b>Alcaraz<\/b> y <b>Jannik Sinner<\/b> el pasado domingo en la Arthur Ashe, dejando claro que \u00abfue <b><a title=\"una victoria rotunda\" href=\"https:\/\/www.antena3.com\/noticias\/deportes\/tenis\/jannik-sinner-carlos-alcaraz-directo-resultado-ultima-hora-final-tenis-open_2025090768bd7ade8f77821956b9044b.html\" target=\"_blank\" rel=\"nofollow noopener\">una victoria rotunda<\/a><\/b> para Carlos\u00bb y que el italiano acierta en su an\u00e1lisis posterior, en el que asegur\u00f3 que <b><a title=\"iba a implementar cambios\" href=\"https:\/\/www.antena3.com\/noticias\/deportes\/tenis\/sinner-explica-derrota-alcaraz-frase-demoledora-sencillo_2025090868beaa95eba4e96e2ec66b93.html\" target=\"_blank\" rel=\"nofollow noopener\">iba a implementar cambios<\/a><\/b> en su juego para ser un tenista m\u00e1s imprevisible.<\/p>\n<p>El extenista de 43 a\u00f1os de Nebraska reconoce que a veces es m\u00e1s sencillo gestionar derrotas abultadas, como la que sufri\u00f3 Sinner en la \u00faltima final del US Open.<\/p>\n<p>\u00abNo se equivoca (Sinner), Carlos dijo esencialmente lo mismo. Darren Cahill (entrenador de Jannik) no nos estaba mintiendo. Fue una victoria rotunda para Carlos, a veces es m\u00e1s f\u00e1cil lidiar con algo as\u00ed, como cuando perd\u00ed en sets corridos en una final de grand slam ante Roger (Federer) en Wimbledon 2005. Me fui pensando: &#8216;Vale, estoy decepcionado, pero no creo que fuera una decisi\u00f3n err\u00f3nea que tomara con una bola de break&#8217;. Es como si me hubiera expulsado del partido. No me estoy comparando con Jannik ni con Carlos en absoluto. Solo digo que hay ciertas derrotas que uno sale y te da una paliza. Entonces<b> sabes que tienes que trabajar, no has estado ni cerca<\/b>\u00ab, analiza el exn\u00famero 1 del mundo en su podcast &#8216;Served with Andy Roddick&#8217;.<\/p>\n<p>\u00ab\u00c9l (Sinner) dice hacer saque y volea, pero es dif\u00edcil sacar y volear cuando estas haciendo un 40% con tu primer servicio<b>. Eso es dif\u00edcil, es dif\u00edcil comprometerse y adaptarse y hacer todo eso<\/b>\u00ab, subraya el ganador de 32 t\u00edtulos ATP.<\/p>\n<p>El consejo de Roddick a Carlos Alcaraz: \u00abMi error fue&#8230;\u00bb<\/p>\n<p>Andy Roddick gan\u00f3 el US Open en 2003, superando a Juan Carlos Ferrero en tres sets, y sabe de primera mano toda la exposici\u00f3n medi\u00e1tica que hay que soportar tras triunfar en Nueva York. Por esa raz\u00f3n, el estadounidense se atreve a dar un consejo al jugador murciano, <b><a title=\"ganador de seis grand slam con tan solo 22 a\u00f1os\" href=\"https:\/\/www.antena3.com\/noticias\/deportes\/tenis\/brutal-record-carlos-alcaraz-ganar-sexto-grand-slam-22-anos-125-dias_2025090868befbf5c752286abd9ea3cf.html\" target=\"_blank\" rel=\"nofollow noopener\">ganador de seis grand slam con tan solo 22 a\u00f1os<\/a><\/b>.<\/p>\n<p>\u00abParticip\u00e9 en muchas entrevistas y actos el d\u00eda despu\u00e9s de ganar el US Open&#8230; Pero <b>Carlos no necesita hacer nada. No necesita ser m\u00e1s famoso<\/b>. Todo el mundo le adora. No necesita entrenar la narrativa de los medios. El carisma simplemente salta de su cuerpo. <b>Puedes aguantar una jornada de diez horas de publicidad, pero las consecuencias se ver\u00e1n en los pr\u00f3ximos tres meses<\/b>. Para Carlos, las cosas siempre han sido diferentes al final del a\u00f1o. En la gira indoor de pista dura no ha jugado bien, no ha jugado bien en las World Tour finals\u00bb, avisa Roddick.<\/p>\n<p>\u00abNo hay grand slam durante cuatro meses, est\u00e1s recogiendo migajas hasta fin de a\u00f1o. Mi error fue asegurar el n\u00famero 1 del ranking y luego<b> estaba frito. Me sent\u00eda como un zombi<\/b>. As\u00ed que los pr\u00f3ximos tres meses son peligrosos para Carlos Alcaraz\u00bb, advierte el extenista de 43 a\u00f1os.<\/p>\n<p>S\u00edguenos en nuestro <a title=\"canal de WhatsApp\" href=\"https:\/\/www.whatsapp.com\/channel\/0029Va6BhYH2phHPnlatwW3b\" target=\"_blank\" rel=\"nofollow noopener\">canal de WhatsApp<\/a> y no te pierdas la \u00faltima hora y toda la actualidad de antena3noticias.com<\/p>\n<p>   <img decoding=\"async\" title=\"Rafa Nadal atiene a los medios durante 'The Battle of Stars' 2025\" alt=\"Rafa Nadal atiene a los medios durante 'The Battle of Stars' 2025\" width=\"480\" height=\"270\" src=\"https:\/\/www.europesays.com\/es\/wp-content\/uploads\/2025\/09\/rafa-nadal-atiene-medios-the-battle-stars-2025_70.jpg\" loading=\"lazy\" class=\"lazy\"\/><\/p>\n","protected":false},"excerpt":{"rendered":"Andy Roddick, exn\u00famero 1 del mundo y ganador del US Open 2003, ha analizado la final jugada entre&hellip;\n","protected":false},"author":2,"featured_media":109186,"comment_status":"","ping_status":"","sticky":false,"template":"","format":"standard","meta":{"footnotes":""},"categories":[274],"tags":[168,25,24,23,167,327,326],"class_list":{"0":"post-109185","1":"post","2":"type-post","3":"status-publish","4":"format-standard","5":"has-post-thumbnail","7":"category-tenis","8":"tag-deportes","9":"tag-es","10":"tag-espana","11":"tag-spain","12":"tag-sports","13":"tag-tenis","14":"tag-tennis"},"share_on_mastodon":{"url":"","error":""},"_links":{"self":[{"href":"https:\/\/www.europesays.com\/es\/wp-json\/wp\/v2\/posts\/109185","targetHints":{"allow":["GET"]}}],"collection":[{"href":"https:\/\/www.europesays.com\/es\/wp-json\/wp\/v2\/posts"}],"about":[{"href":"https:\/\/www.europesays.com\/es\/wp-json\/wp\/v2\/types\/post"}],"author":[{"embeddable":true,"href":"https:\/\/www.europesays.com\/es\/wp-json\/wp\/v2\/users\/2"}],"replies":[{"embeddable":true,"href":"https:\/\/www.europesays.com\/es\/wp-json\/wp\/v2\/comments?post=109185"}],"version-history":[{"count":0,"href":"https:\/\/www.europesays.com\/es\/wp-json\/wp\/v2\/posts\/109185\/revisions"}],"wp:featuredmedia":[{"embeddable":true,"href":"https:\/\/www.europesays.com\/es\/wp-json\/wp\/v2\/media\/109186"}],"wp:attachment":[{"href":"https:\/\/www.europesays.com\/es\/wp-json\/wp\/v2\/media?parent=109185"}],"wp:term":[{"taxonomy":"category","embeddable":true,"href":"https:\/\/www.europesays.com\/es\/wp-json\/wp\/v2\/categories?post=109185"},{"taxonomy":"post_tag","embeddable":true,"href":"https:\/\/www.europesays.com\/es\/wp-json\/wp\/v2\/tags?post=109185"}],"curies":[{"name":"wp","href":"https:\/\/api.w.org\/{rel}","templated":true}]}}