{"id":109193,"date":"2025-09-12T03:28:09","date_gmt":"2025-09-12T03:28:09","guid":{"rendered":"https:\/\/www.europesays.com\/es\/109193\/"},"modified":"2025-09-12T03:28:09","modified_gmt":"2025-09-12T03:28:09","slug":"la-fifa-permite-la-inscripcion-de-laporte-en-el-athletic","status":"publish","type":"post","link":"https:\/\/www.europesays.com\/es\/109193\/","title":{"rendered":"La FIFA permite la inscripci\u00f3n de Laporte en el Athletic"},"content":{"rendered":"<p>Aymeric Laporte (Agen, Francia, 31 a\u00f1os) ha cumplido su sue\u00f1o. Siete a\u00f1os y medio despu\u00e9s de irse, vuelve al Athletic en una operaci\u00f3n retorno muy  &#8230; complicada y estresante que ha estado a punto de irse al garete. El jefe de la C\u00e1mara de Disputas de la organizaci\u00f3n, el abogado neerland\u00e9s Fracs de Weger, dictamin\u00f3 ayer que el central internacional debe ser inscrito de inmediato como jugador del club de San Mam\u00e9s. Anoche Ibaigane confirm\u00f3 que se ha fichado al central hasta 2028.<\/p>\n<p class=\"v-p\">La resoluci\u00f3n de la FIFA autoriza a la Federaci\u00f3n Espa\u00f1ola a solicitar a la saud\u00ed el Certificado de Transferencia Internacional. En traspasos entre distintos pa\u00edses son las federaciones nacionales implicadas las que validan la documentaci\u00f3n facilitada. Es un proceso r\u00e1pido y que apenas tarda. La Espa\u00f1ola pide el CTI y desde Riad se da el OK. A partir de ah\u00ed, el Athletic podr\u00e1 inscribir al jugador en la Liga para competiciones nacionales. Queda la duda de qu\u00e9 suceder\u00e1 con la Champions.<\/p>\n<p class=\"v-p\">Este escenario supone un enorme alivio para Ernesto Valverde. El entrenador ten\u00eda claro que para un curso de tanta exigencia como el actual -con cuatro competiciones, entre ellas la Champions-, Laporte era el central que elevaba el nivel competitivo del eje de la defensa rojiblanca. Con Yeray sancionado por dopaje y Egiluz de baja lo que resta de campa\u00f1a, el t\u00e9cnico vuelve a contar con tres centrales de primera plantilla, Vivi\u00e1n, Paredes y el franc\u00e9s. <\/p>\n<p class=\"v-p\">Cuando la FIFA dijo &#8216;no&#8217;, se extendi\u00f3 una enorme depresi\u00f3n en el entorno del Athletic. Alcanz\u00f3 tal calibre que el propio entrenador decidi\u00f3 salir en p\u00fablico la semana pasada a proclamar \u00abno nos lamentemos tanto y miremos hacia adelante\u00bb.<\/p>\n<p>Los contratos valen<\/p>\n<p class=\"v-p\">El club rojiblanco y el central han tenido que pelear para lograr su objetivo despu\u00e9s de verse sacudidos por una enorme tormenta cuando la FIFA se neg\u00f3 a inscribir al jugador porque el Al-Nassr facilit\u00f3 fuera de plazo la documentaci\u00f3n del traspaso del central al club rojiblanco.<\/p>\n<p class=\"v-p\">La directiva de Jon Uriarte hab\u00eda pactado pagar 10 millones y tiene firmado un contrato con el central internacional por tres a\u00f1os a cambio de algo m\u00e1s de 4 millones netos por campa\u00f1a. Estos acuerdos quedaron en barbecho con la negativa de la FIFA, pero vuelven a estar en vigor.<\/p>\n<p class=\"v-p\">El Athletic y el jugador no se quedaron cruzados de brazos ante la cr\u00edtica situaci\u00f3n. Con el futbolista a la espera desde hace d\u00edas en Bilbao, elevaron un recurso ante el jefe de la C\u00e1mara de Disputas de la organizaci\u00f3n. Es un \u00f3rgano que se dedica a resolver situaciones como las derivadas de contratos y los salarios de los jugadores.<\/p>\n<p class=\"v-p\">El Athletic puede sacar pecho. Ha logrado que la FIFA rectifique, algo muy poco habitual. El gobierno del f\u00fatbol mundial es enemigo de las excepciones. Es comprensible teniendo en cuenta que en este mercado de verano ha validado 12.000 fichajes. Por eso que se ocupara del problema del Athletic y Laporte y que echara marcha atr\u00e1s parec\u00eda un escenario remoto.<\/p>\n<p class=\"v-p\">Pero el Athletic ha puesto en evidencia la potencia de sus servicios jur\u00eddicos, que han logrado dar un vuelco a la crisis. El club ha presentado en sus alegaciones pruebas que confirman que las tres partes firmaron los acuerdos antes de las 24.00 horas del 1 de septiembre. Fuentes de la FIFA indican que el club rojiblanco ha demostrado que todo estaba en regla y rubricado a las 23.56 horas, tal y como avalaron la Federaci\u00f3n y LaLiga. El argumento rojiblanco que ha sido dado por bueno es que las tres partes estaban de acuerdo en la operaci\u00f3n y que un error de una de ellas al entregar la documentaci\u00f3n gener\u00f3 el problema.<\/p>\n<p>Las otras ofertas<\/p>\n<p class=\"v-p\">\u00bfPor qu\u00e9 se alargaron tanto las negociaciones? Fuentes cercanas a las mismas indican a EL CORREO que el problema es que el Al-Nassr no se lo quer\u00eda traspasar al Athletic sino a alguno de los otros clubes que presentaron una oferta econ\u00f3mica superior que los diez millones rojiblancos.<\/p>\n<p class=\"v-p\">Laporte, sin embargo, se neg\u00f3 en redondo e insisti\u00f3 en que s\u00f3lo quer\u00eda volver al Athletic. La primera negativa de la FIFA provoc\u00f3 que el contrato del jugador con el Al-Nassr siguiera vigente. Como los saud\u00edes no metieron en hora su documentaci\u00f3n para llevar a cabo la operaci\u00f3n, ninguno de los acuerdos anteriores entre las partes era v\u00e1lido.<\/p>\n<p class=\"v-p\">El contrato de un jugador se extingue cuando se ejecuta el &#8216;transfer&#8217; y sus derechos pasan a otro club. Como eso no sucedi\u00f3 en un primer momento, el central ten\u00eda un a\u00f1o m\u00e1s de contrato con los saud\u00edes a cambio de 25 millones. Laporte tendr\u00eda que haber regresado a Riad en caso de una respuesta negativa de la FIFA. De hecho, tal y como desvel\u00f3 este peri\u00f3dico, fue inscrito por su club en la lista de jugadores de la Champions asi\u00e1tica, aunque no en la Liga y la Copa nacionales, en donde hay limitaci\u00f3n de extranjeros. S\u00f3lo volver\u00e1 a pisar Riad cuando vaya con el Athletic en enero a jugar la Supercopa. Su etapa en el Al-Nassr queda atr\u00e1s.<\/p>\n<p><a class=\"v-a-link\" href=\"https:\/\/www.elcorreo.com\/athletic\/laporte-viste-camiseta-athletic-20250911210019-ga.html\" data-voc-vtm-id=\"in-text-traffic\" title=\"\" aria-label=\"Imagen\" rel=\"nofollow noopener\" target=\"_blank\"><br \/>\n<img decoding=\"async\" loading=\"lazy\" src=\"https:\/\/www.europesays.com\/es\/wp-content\/uploads\/2025\/09\/1_laporte.jpg\" class=\"v-a-img\" width=\"650\" height=\"455\" alt=\"\" data-voc-vtm-id=\"in-text-traffic\"\/><\/p>\n<p><\/a><\/p>\n<p class=\"v-p\">En todo caso, hay que esperar para verle en activo. A\u00fan no se sabe cu\u00e1ndo ser\u00e1 presentado y cu\u00e1ndo podr\u00e1 entrenar en Lezama. Su reaparici\u00f3n como rojiblanco cuenta con un problema. Laporte no juega desde abril y su pretemporada ha sido muy deficiente porque el Al-Nassr no le llev\u00f3 a Riad. Luego le reclut\u00f3 para la \u00faltima fase de ese periodo. Las previsiones con las que se trabaja en Lezama es que a su regreso a los entrenamientos est\u00e9 para jugar en diez d\u00edas o un par de semanas.<\/p>\n<p class=\"v-p\">Anoche, en una extenuante sucesi\u00f3n de v\u00eddeos, el central internacional, con la camiseta del Athletic con el n\u00famero 14, declar\u00f3 estar \u00abmuy contento\u00bb y a\u00f1adi\u00f3 que era \u00abun grand\u00edsimo d\u00eda\u00bb para \u00e9l. Asimismo, afirm\u00f3 que afronta una temporada \u00abmuy ilusionante con \u00abmuchos partidos por delante\u00bb. Laporte dijo tener \u00abganas de poder pisar San Mam\u00e9s\u00bb y \u00abayudar al equipo\u00bb. \u00abEs todo lo que deseaba\u00bb, subray\u00f3. \u00abAs\u00ed que nada, al ruedo ahora y que todo vaya muy bien. Un fuerte abrazo y muchas gracias por el apoyo\u00bb, concluy\u00f3.<\/p>\n<p><a class=\"v-a-link\" href=\"https:\/\/www.elcorreo.com\/athletic\/laporte-viste-camiseta-athletic-20250911210019-ga.html\" data-voc-vtm-id=\"in-text-traffic\" title=\"\" aria-label=\"Imagen\" rel=\"nofollow noopener\" target=\"_blank\"><br \/>\n<img decoding=\"async\" loading=\"lazy\" src=\"https:\/\/www.europesays.com\/es\/wp-content\/uploads\/2025\/09\/1_laporte.jpg\" class=\"v-a-img\" width=\"650\" height=\"455\" alt=\"\" data-voc-vtm-id=\"in-text-traffic\"\/><\/p>\n<p><\/a><\/p>\n","protected":false},"excerpt":{"rendered":"Aymeric Laporte (Agen, Francia, 31 a\u00f1os) ha cumplido su sue\u00f1o. Siete a\u00f1os y medio despu\u00e9s de irse, vuelve&hellip;\n","protected":false},"author":2,"featured_media":109194,"comment_status":"","ping_status":"","sticky":false,"template":"","format":"standard","meta":{"footnotes":""},"categories":[268],"tags":[168,25,24,14013,280,282,3249,2179,3227,281,23,167],"class_list":{"0":"post-109193","1":"post","2":"type-post","3":"status-publish","4":"format-standard","5":"has-post-thumbnail","7":"category-futbol","8":"tag-deportes","9":"tag-es","10":"tag-espana","11":"tag-fifa","12":"tag-football","13":"tag-futbol","14":"tag-inscripcion","15":"tag-laporte","16":"tag-permite","17":"tag-soccer","18":"tag-spain","19":"tag-sports"},"share_on_mastodon":{"url":"","error":""},"_links":{"self":[{"href":"https:\/\/www.europesays.com\/es\/wp-json\/wp\/v2\/posts\/109193","targetHints":{"allow":["GET"]}}],"collection":[{"href":"https:\/\/www.europesays.com\/es\/wp-json\/wp\/v2\/posts"}],"about":[{"href":"https:\/\/www.europesays.com\/es\/wp-json\/wp\/v2\/types\/post"}],"author":[{"embeddable":true,"href":"https:\/\/www.europesays.com\/es\/wp-json\/wp\/v2\/users\/2"}],"replies":[{"embeddable":true,"href":"https:\/\/www.europesays.com\/es\/wp-json\/wp\/v2\/comments?post=109193"}],"version-history":[{"count":0,"href":"https:\/\/www.europesays.com\/es\/wp-json\/wp\/v2\/posts\/109193\/revisions"}],"wp:featuredmedia":[{"embeddable":true,"href":"https:\/\/www.europesays.com\/es\/wp-json\/wp\/v2\/media\/109194"}],"wp:attachment":[{"href":"https:\/\/www.europesays.com\/es\/wp-json\/wp\/v2\/media?parent=109193"}],"wp:term":[{"taxonomy":"category","embeddable":true,"href":"https:\/\/www.europesays.com\/es\/wp-json\/wp\/v2\/categories?post=109193"},{"taxonomy":"post_tag","embeddable":true,"href":"https:\/\/www.europesays.com\/es\/wp-json\/wp\/v2\/tags?post=109193"}],"curies":[{"name":"wp","href":"https:\/\/api.w.org\/{rel}","templated":true}]}}