{"id":109215,"date":"2025-09-12T03:45:09","date_gmt":"2025-09-12T03:45:09","guid":{"rendered":"https:\/\/www.europesays.com\/es\/109215\/"},"modified":"2025-09-12T03:45:09","modified_gmt":"2025-09-12T03:45:09","slug":"mackenzie-dern-la-estrella-que-no-acaba-de-explotar-y-que-provoco-que-mark-zuckerberg-cerrase-el-ufc-apex-relevo","status":"publish","type":"post","link":"https:\/\/www.europesays.com\/es\/109215\/","title":{"rendered":"Mackenzie Dern, la estrella que no acaba de explotar y que provoc\u00f3 que Mark Zuckerberg &#8216;cerrase&#8217; el UFC Apex\n| Relevo"},"content":{"rendered":"<p class=\"paragraph\" data-mrf-recirculation=\"Links art\u00edculo\">La <a class=\"link\" data-voc-vtm-id=\"in-text-traffic\" href=\"https:\/\/www.relevo.com\/mma\/ufc\/\" target=\"_self\" rel=\"nofollow noopener\">UFC<\/a> regresa. Su estreno en 2025 tardar\u00e1 \u00fanicamente 11 d\u00edas en llegar, pero la espera se le ha hecho larga a los aficionados. <strong>La empresa acostumbra en los \u00faltimos a\u00f1os a tomarse aproximadamente un mes de vacaciones en Navidad<\/strong>. Este curso llevan &#8216;parados&#8217; desde el 14 de diciembre. La vuelta siempre suele ser al ralent\u00ed debido a la coincidencia con la parte fuerte de la temporada <a class=\"link\" data-voc-vtm-id=\"in-text-traffic\" href=\"https:\/\/www.relevo.com\/nfl\/\" target=\"_self\" rel=\"nofollow noopener\">NFL<\/a>. Habr\u00e1 poco, pero potente. <strong>En enero se dar\u00e1n \u00fanicamente dos shows<\/strong>. La pr\u00f3xima semana ser\u00e1 el primer PPV del a\u00f1o, el cual tendr\u00e1 dos t\u00edtulos.<\/p>\n<p class=\"paragraph\" data-mrf-recirculation=\"Links art\u00edculo\">Para este s\u00e1bado, en el UFC Las Vegas 101, la compa\u00f1\u00eda tirar\u00e1 del Apex. Ser\u00e1 un show, pr\u00e1cticamente para televisi\u00f3n, pero <strong>es necesario tener importantes nombres.<\/strong> Les cost\u00f3 encontrarlos, por ello decidi\u00f3 pasar un combate del evento del 14 de diciembre al de este s\u00e1bado. <strong>No dudaron y fueron a por un nombre relevante, el de Mackenzie Dern<\/strong>. La estadounidense, de padre brasile\u00f1o, es una de esas luchadoras que est\u00e1 llamada a tomar el mando de la divisi\u00f3n femenina. Desde la <a class=\"link\" data-voc-vtm-id=\"in-text-traffic\" href=\"https:\/\/www.relevo.com\/mma\/ufc\/amanda-nunes-retira-sorpresa-tras-20230611071919-nt.html\" target=\"_self\" rel=\"nofollow noopener\">retirada de Amanda Nunes<\/a> falta un nombre referente en f\u00e9minas.<\/p>\n<p class=\"paragraph\" data-mrf-recirculation=\"Links art\u00edculo\">Dern, de 31 a\u00f1os, lo tiene todo, pero ha fallado en lo deportivo. La peleadora se cri\u00f3 en un tatami. Su padre es Wellington Megaton Dias, una leyenda del jiujitsu. La pareja de su padre, Lucia Tavares, tambi\u00e9n es una competidora en esa modalidad. <strong>Criada entre Arizona y Brasil, Mackenzie empez\u00f3 a practicar jiujitsu a los tres a\u00f1os y comenz\u00f3 a cosechar \u00e9xitos desde muy pronto<\/strong>. En marzo de 2018, con un r\u00e9cord de 5-0, la estadounidense debut\u00f3 en UFC. La compa\u00f1\u00eda ten\u00eda muchas esperanzas en ella. Era una maestra a ras de lona y conectaba con la gente. Su entrada en la empresa la hizo catapultarse p\u00fablicamente.<\/p>\n<p class=\"paragraph\" data-mrf-recirculation=\"Links art\u00edculo\">Actualmente, <strong>Dern tiene un mill\u00f3n y medio de seguidores en Instagram<\/strong>. Encandila a los fans, por lo que es muy querida e incluso tiene una curiosa historia que la hizo viral. Hay que <a class=\"link\" data-voc-vtm-id=\"in-text-traffic\" href=\"https:\/\/www.relevo.com\/mma\/ufc\/mark-zuckerberg-duda-alquiler-apex-20221002113258-nt.html\" target=\"_self\" rel=\"nofollow noopener\">remontarse a octubre de 2022<\/a>. <strong>Ese evento la tuvo a ella en el pleito estelar de la noche frente a Marina Rodr\u00edguez<\/strong>. Era su primera vez cerrando un show y una de sus mayores fans no se lo quiso perder. Esa persona es Priscila Chan, mujer de Mark Zuckerberg. <strong>El CEO de Meta decidi\u00f3 ir al evento y llevar a unos amigos.<\/strong> Los shows en el UFC Apex cuentan con alrededor de un centenar de personas. Es algo premium y \u00e9l se qued\u00f3 con todo. No entraron, ni tan siquiera, periodistas. La historia trascendi\u00f3 y desde UFC se intent\u00f3 maquillar para que no pareciese que &#8216;cerraron&#8217; el Apex.<\/p>\n<p class=\"paragraph\" data-mrf-recirculation=\"Links art\u00edculo\">El d\u00eda, fuera de la an\u00e9cdota, no fue bueno para Dern. Sum\u00f3 su segunda derrota profesional y tras ese tropiezo no ha tenido una buena racha. <strong>Ha ganado cuatro de sus siguientes siete pleitos<\/strong>. Lo de mirar al t\u00edtulo debe esperar, pero viene de ganar en el <a class=\"link\" data-voc-vtm-id=\"in-text-traffic\" href=\"https:\/\/www.relevo.com\/mma\/ufc\/joel-alvarez-regresa-grande-reclamar-20240803214845-nt.html\" target=\"_self\" rel=\"nofollow noopener\">UFC Abu Dhabi<\/a> y eso es suficiente para que la empresa siga confiando en ella. <strong>Es un fil\u00f3n medi\u00e1tico en Estados Unidos<\/strong>. Era lo importante. Adem\u00e1s, es actualmente la n\u00famero seis del ranking del peso paja. Debe seguir creciendo y nada mejor que en el primer show del a\u00f1o.<\/p>\n<p class=\"paragraph\" data-mrf-recirculation=\"Links art\u00edculo\">Adem\u00e1s, UFC ten\u00eda preparada para ella (ya en diciembre) una pelea con morbo. <strong>Amanda Ribas fue la primera luchadora que le gan\u00f3 y se ver\u00e1n las caras de nuevo este s\u00e1bado<\/strong>. La brasile\u00f1a, de 31 a\u00f1os, tambi\u00e9n viene con una din\u00e1mica irregular. <strong>Tres victorias y tres derrotas en sus seis \u00faltimos duelos<\/strong>. Viene de perder en marzo y necesita ganar, como Dern, si quiere pensar en t\u00edtulos. <\/p>\n<p class=\"paragraph\" data-mrf-recirculation=\"Links art\u00edculo\">Por tanto, la pelea se presenta igualada entre dos luchadoras completas. <strong>Dern domina claramente el suelo y Ribas es mejor en el striking<\/strong>. El lugar en el que se luche ser\u00e1 la clave para la victoria. Ambas tienen la misma edad y conectan con el p\u00fablico. La UFC ganar\u00e1 con el triunfo de cualquiera, pero, puestos a elegir, <strong>Dern es el producto de la compa\u00f1\u00eda.<\/strong> Ella puede liderar el roster femenino, pero debe cumplir en la jaula. Le han puesto una pelea al 50% para que lo haga. En UFC, aunque tengas todo para ser una estrella, necesitas no fallar en la jaula. El oct\u00e1gono es el que dicta sentencia. <\/p>\n","protected":false},"excerpt":{"rendered":"La UFC regresa. Su estreno en 2025 tardar\u00e1 \u00fanicamente 11 d\u00edas en llegar, pero la espera se le&hellip;\n","protected":false},"author":2,"featured_media":109216,"comment_status":"","ping_status":"","sticky":false,"template":"","format":"standard","meta":{"footnotes":""},"categories":[276],"tags":[2887,12151,37529,168,37527,25,24,14267,14033,37526,21665,33441,23,167,343,37528],"class_list":{"0":"post-109215","1":"post","2":"type-post","3":"status-publish","4":"format-standard","5":"has-post-thumbnail","7":"category-ufc","8":"tag-acaba","9":"tag-apex","10":"tag-cerrase","11":"tag-deportes","12":"tag-dern","13":"tag-es","14":"tag-espana","15":"tag-estrella","16":"tag-explotar","17":"tag-mackenzie","18":"tag-mark","19":"tag-provoco","20":"tag-spain","21":"tag-sports","22":"tag-ufc","23":"tag-zuckerberg"},"share_on_mastodon":{"url":"","error":""},"_links":{"self":[{"href":"https:\/\/www.europesays.com\/es\/wp-json\/wp\/v2\/posts\/109215","targetHints":{"allow":["GET"]}}],"collection":[{"href":"https:\/\/www.europesays.com\/es\/wp-json\/wp\/v2\/posts"}],"about":[{"href":"https:\/\/www.europesays.com\/es\/wp-json\/wp\/v2\/types\/post"}],"author":[{"embeddable":true,"href":"https:\/\/www.europesays.com\/es\/wp-json\/wp\/v2\/users\/2"}],"replies":[{"embeddable":true,"href":"https:\/\/www.europesays.com\/es\/wp-json\/wp\/v2\/comments?post=109215"}],"version-history":[{"count":0,"href":"https:\/\/www.europesays.com\/es\/wp-json\/wp\/v2\/posts\/109215\/revisions"}],"wp:featuredmedia":[{"embeddable":true,"href":"https:\/\/www.europesays.com\/es\/wp-json\/wp\/v2\/media\/109216"}],"wp:attachment":[{"href":"https:\/\/www.europesays.com\/es\/wp-json\/wp\/v2\/media?parent=109215"}],"wp:term":[{"taxonomy":"category","embeddable":true,"href":"https:\/\/www.europesays.com\/es\/wp-json\/wp\/v2\/categories?post=109215"},{"taxonomy":"post_tag","embeddable":true,"href":"https:\/\/www.europesays.com\/es\/wp-json\/wp\/v2\/tags?post=109215"}],"curies":[{"name":"wp","href":"https:\/\/api.w.org\/{rel}","templated":true}]}}