{"id":109217,"date":"2025-09-12T03:47:08","date_gmt":"2025-09-12T03:47:08","guid":{"rendered":"https:\/\/www.europesays.com\/es\/109217\/"},"modified":"2025-09-12T03:47:08","modified_gmt":"2025-09-12T03:47:08","slug":"alcaraz-ya-tiene-definido-su-regreso-tras-el-us-open-pero-con-una-baja-inesperada-en-su-equipo","status":"publish","type":"post","link":"https:\/\/www.europesays.com\/es\/109217\/","title":{"rendered":"Alcaraz ya tiene definido su regreso tras el US Open pero con una baja inesperada en su equipo"},"content":{"rendered":"<p>11  de  sep, 2025, 10:19 ET<\/p>\n<p><strong>Carlos Alcaraz<\/strong> est\u00e1 atravesando unos d\u00edas de descanso <a href=\"https:\/\/espndeportes.espn.com\/tenis\/nota\/_\/id\/15646510\/carlos-alcaraz-doblego-a-jannik-sinner-y-capturo-premio-doble-campeon-del-us-open-2025-y-nuevo-n%C2%B01-del-mundo-final-resultado\" rel=\"nofollow noopener\" target=\"_blank\">despu\u00e9s de lo que fue su consagraci\u00f3n en el US Open<\/a>. El n\u00famero uno del mundo, que no compite desde el 7 de septiembre, ya tendr\u00eda su calendario de entrenamiento y regreso a las canchas definido pensando en la gira asi\u00e1tica que se desarrollar\u00e1 entre Jap\u00f3n y China, adem\u00e1s de un peque\u00f1o e inesperado cambio en su equipo de trabajo.<\/p>\n<p><img class=\" lazyload lazyload\" data-image-container=\".inline-photo\" height=\"320\" width=\"570\"\/>Carlos Alcaraz, con una sonrisa tras la obtenci\u00f3n de un nuevo trofeo de Grand Slam en el US Open.\u00a0EPA<\/p>\n<p>Seg\u00fan inform\u00f3 el diario espa\u00f1ol Marca, el plan del murciano es volver a practicar el s\u00e1bado 13 de septiembre y volar hacia San Francisco (Estados Unidos) el pr\u00f3ximo lunes 15. Una vez all\u00ed, se unir\u00e1 al equipo de Europa para competir en la Laver Cup frente a Resto del Mundo en una competici\u00f3n oficial de la ATP pero que no otorga puntos. La misma se llevar\u00e1 a cabo entre el viernes 19 y domingo 21.<\/p>\n<p>Selecciones Editoriales<\/p>\n<p>2 Relacionado<\/p>\n<p>Una vez finalizada la Laver Cup, <strong>Alcaraz viajar\u00e1 hacia Tokio para disputar el ATP 500 japon\u00e9s.<\/strong> All\u00ed ser\u00e1 el principal favorito, donde compartir\u00e1 entry list con Taylor Fritz, Ben Shelton, Holger Rune y Casper Ruud. Adem\u00e1s estar\u00e1n Sebasti\u00e1n B\u00e1ez representando a Argentina y Alejandro Tabilo haciendo lo propio con Chile.<\/p>\n<p>En cuanto a las novedades acerca de su equipo de trabajo, seg\u00fan Marca,<strong> el \u00fanico entrenador que viajar\u00e1 con Carlitos ser\u00e1 Samuel L\u00f3pez. <\/strong>El ex coach de Pablo Carre\u00f1o Busta estar\u00e1 en soledad hasta el Masters 1000 de Shanghai, donde regresar\u00e1 Juan Carlos Ferrero. De esta manera la pieza principal del Team Alcaraz no estar\u00e1 hasta el mes de octubre.<\/p>\n<p>Sin embargo, esta no ser\u00e1 la primera vez que Ferrero se ausenta de alguna etapa de la gira de su pupilo. A lo largo de la temporada 2025, no estuvo presente en el ATP 500 de Rotterdam, el Masters 1000 de Monte-Carlo o la gira pre-Wimbledon, siendo Samuel L\u00f3pez su reemplazo.<\/p>\n","protected":false},"excerpt":{"rendered":"11 de sep, 2025, 10:19 ET Carlos Alcaraz est\u00e1 atravesando unos d\u00edas de descanso despu\u00e9s de lo que&hellip;\n","protected":false},"author":2,"featured_media":109218,"comment_status":"","ping_status":"","sticky":false,"template":"","format":"standard","meta":{"footnotes":""},"categories":[274],"tags":[168,25,24,23,167,327,326],"class_list":{"0":"post-109217","1":"post","2":"type-post","3":"status-publish","4":"format-standard","5":"has-post-thumbnail","7":"category-tenis","8":"tag-deportes","9":"tag-es","10":"tag-espana","11":"tag-spain","12":"tag-sports","13":"tag-tenis","14":"tag-tennis"},"share_on_mastodon":{"url":"","error":""},"_links":{"self":[{"href":"https:\/\/www.europesays.com\/es\/wp-json\/wp\/v2\/posts\/109217","targetHints":{"allow":["GET"]}}],"collection":[{"href":"https:\/\/www.europesays.com\/es\/wp-json\/wp\/v2\/posts"}],"about":[{"href":"https:\/\/www.europesays.com\/es\/wp-json\/wp\/v2\/types\/post"}],"author":[{"embeddable":true,"href":"https:\/\/www.europesays.com\/es\/wp-json\/wp\/v2\/users\/2"}],"replies":[{"embeddable":true,"href":"https:\/\/www.europesays.com\/es\/wp-json\/wp\/v2\/comments?post=109217"}],"version-history":[{"count":0,"href":"https:\/\/www.europesays.com\/es\/wp-json\/wp\/v2\/posts\/109217\/revisions"}],"wp:featuredmedia":[{"embeddable":true,"href":"https:\/\/www.europesays.com\/es\/wp-json\/wp\/v2\/media\/109218"}],"wp:attachment":[{"href":"https:\/\/www.europesays.com\/es\/wp-json\/wp\/v2\/media?parent=109217"}],"wp:term":[{"taxonomy":"category","embeddable":true,"href":"https:\/\/www.europesays.com\/es\/wp-json\/wp\/v2\/categories?post=109217"},{"taxonomy":"post_tag","embeddable":true,"href":"https:\/\/www.europesays.com\/es\/wp-json\/wp\/v2\/tags?post=109217"}],"curies":[{"name":"wp","href":"https:\/\/api.w.org\/{rel}","templated":true}]}}