{"id":109219,"date":"2025-09-12T03:48:09","date_gmt":"2025-09-12T03:48:09","guid":{"rendered":"https:\/\/www.europesays.com\/es\/109219\/"},"modified":"2025-09-12T03:48:09","modified_gmt":"2025-09-12T03:48:09","slug":"el-circuito-del-jarama-la-alternativa-que-podria-plantea","status":"publish","type":"post","link":"https:\/\/www.europesays.com\/es\/109219\/","title":{"rendered":"El Circuito del Jarama, la alternativa que podr\u00eda plantea&#8230;"},"content":{"rendered":"<p>                    Seg\u00fan la Cadena COPE los ciclistas habr\u00edan sugerido esta opci\u00f3n a la organizaci\u00f3n si no hubiera seguridad en el circuito por las calles del centro de la capital de Espa\u00f1a este pr\u00f3ximo domingo<\/p>\n<p class=\"c-news-list__author\">Redacci\u00f3n Ciclismo a fondo<\/p>\n<p class=\"c-mainarticle__date\">\n<p>                    11 de septiembre de 2025 (16:25 CET)<\/p>\n<p>                                                                                                                                        <img fetchpriority=\"high\" decoding=\"async\" src=\"https:\/\/www.europesays.com\/es\/wp-content\/uploads\/2025\/09\/vingegaard-ok.jpeg\" alt=\"Jonas Vingegaard sigue de rojo camino de Madrid\" title=\"Jonas Vingegaard sigue de rojo camino de Madrid\" class=\"c-mainarticle__img\" loading=\"eager\" width=\"790\" height=\"454\"\/><\/p>\n<p>                    Jonas Vingegaard sigue de rojo camino de Madrid<\/p>\n<p>Los organizadores de La Vuelta respiran tras salvar, aunque fuera con un circuito recortado en un 50%, la contrareloj de Valladolid. Un paso m\u00e1s cerca de conseguir La Vuelta llegue a Madrid, algo que parec\u00eda imposible tras la etapa de Galicia. El gran reto ahora es salvar la etapa de la Sierra de Madrid y sobre todo la jornada final con el podio en la Cibeles. Para el domingo est\u00e1 preparado un impresionante dispositivo de seguridad, s\u00f3lo inferior a un evento en la historia de la capital de Espa\u00f1a: la reuni\u00f3n de la OTAN. En toda la Comunidad de Madrid se est\u00e1n organizando protestas por la presencia del equipo Israel-Premier Tech en la ronda espa\u00f1ola.<\/p>\n<p>Una de las alternativas que parece que los ciclistas habr\u00edan propuesto a la organizaci\u00f3n como alternativa al circuito en las calles de Madrid era un final 100% controlado en el Circuito del Jarama. Es algo qe ahora mismo no est\u00e1 en los planes de la organizaci\u00f3n que lucha por conseguir llegar a Madrid y tener una jornada final lo m\u00e1s parecida posible a la dise\u00f1ada.<\/p>\n<p>El Jarama tendr\u00e1 que esperar (as\u00ed lo deseamos todos) a que lleguen las bicis. Si ser\u00e1n protagonistas el fin de semana del 27 y 28 de septiembre cuando se celebren\u00a0en el\u00a0<strong>Circuito de Madrid Jarama RACE\u00a0<\/strong>la Mussara 24h , una prueba de resistencia de 24 o 12 horas en equipos de 2, 4, 6 u 8 corredores.<\/p>\n","protected":false},"excerpt":{"rendered":"Seg\u00fan la Cadena COPE los ciclistas habr\u00edan sugerido esta opci\u00f3n a la organizaci\u00f3n si no hubiera seguridad en&hellip;\n","protected":false},"author":2,"featured_media":109220,"comment_status":"","ping_status":"","sticky":false,"template":"","format":"standard","meta":{"footnotes":""},"categories":[273],"tags":[313,312,168,25,24,23,167],"class_list":{"0":"post-109219","1":"post","2":"type-post","3":"status-publish","4":"format-standard","5":"has-post-thumbnail","7":"category-ciclismo","8":"tag-ciclismo","9":"tag-cycling","10":"tag-deportes","11":"tag-es","12":"tag-espana","13":"tag-spain","14":"tag-sports"},"share_on_mastodon":{"url":"","error":""},"_links":{"self":[{"href":"https:\/\/www.europesays.com\/es\/wp-json\/wp\/v2\/posts\/109219","targetHints":{"allow":["GET"]}}],"collection":[{"href":"https:\/\/www.europesays.com\/es\/wp-json\/wp\/v2\/posts"}],"about":[{"href":"https:\/\/www.europesays.com\/es\/wp-json\/wp\/v2\/types\/post"}],"author":[{"embeddable":true,"href":"https:\/\/www.europesays.com\/es\/wp-json\/wp\/v2\/users\/2"}],"replies":[{"embeddable":true,"href":"https:\/\/www.europesays.com\/es\/wp-json\/wp\/v2\/comments?post=109219"}],"version-history":[{"count":0,"href":"https:\/\/www.europesays.com\/es\/wp-json\/wp\/v2\/posts\/109219\/revisions"}],"wp:featuredmedia":[{"embeddable":true,"href":"https:\/\/www.europesays.com\/es\/wp-json\/wp\/v2\/media\/109220"}],"wp:attachment":[{"href":"https:\/\/www.europesays.com\/es\/wp-json\/wp\/v2\/media?parent=109219"}],"wp:term":[{"taxonomy":"category","embeddable":true,"href":"https:\/\/www.europesays.com\/es\/wp-json\/wp\/v2\/categories?post=109219"},{"taxonomy":"post_tag","embeddable":true,"href":"https:\/\/www.europesays.com\/es\/wp-json\/wp\/v2\/tags?post=109219"}],"curies":[{"name":"wp","href":"https:\/\/api.w.org\/{rel}","templated":true}]}}