{"id":109231,"date":"2025-09-12T03:55:10","date_gmt":"2025-09-12T03:55:10","guid":{"rendered":"https:\/\/www.europesays.com\/es\/109231\/"},"modified":"2025-09-12T03:55:10","modified_gmt":"2025-09-12T03:55:10","slug":"la-declaracion-de-amor-de-kike-calleja-tras-ser-el-primer-expulsado-de-supervivientes-all-stars-2025","status":"publish","type":"post","link":"https:\/\/www.europesays.com\/es\/109231\/","title":{"rendered":"La declaraci\u00f3n de amor de Kike Calleja tras ser el primer expulsado de &#8216;Supervivientes: All Stars 2025&#8217;"},"content":{"rendered":"<p data-journey-content=\"true\" data-node-id=\"3\" class=\"css-i9p093 emevuu60\">La primera expulsi\u00f3n de <a href=\"https:\/\/diezminutos.es\/supervivientes-television\" target=\"_blank\" data-node-id=\"3.1\" class=\"css-177bzfx emevuu60\" rel=\"nofollow noopener\">Supervivientes: All Stars 2025<\/a> ha dejado uno de los momentos m\u00e1s emotivos de la edici\u00f3n. <a href=\"https:\/\/www.diezminutos.es\/teleprograma\/programas-tv\/g66011988\/supervivientes-all-stars-2025-nominados-expulsado\/\" target=\"_blank\" data-vars-ga-outbound-link=\"https:\/\/www.diezminutos.es\/teleprograma\/programas-tv\/g66011988\/supervivientes-all-stars-2025-nominados-expulsado\/\" data-vars-ga-ux-element=\"Hyperlink\" data-vars-ga-call-to-action=\"Kike Calleja, periodista y colaborador televisivo\" data-node-id=\"3.3\" class=\"body-link css-177bzfx emevuu60\" rel=\"nofollow noopener\">Kike Calleja, periodista y colaborador televisivo<\/a> ha sido elegido por la audiencia en un duro duelo contra Fani Carvajo. Y no pudo contener la emoci\u00f3n al dedicar unas palabras cargadas de amor a su mujer, Raquel Abad, tras abandonar Honduras. <strong data-node-id=\"3.5\">\u00abMuchas gracias por haberme dejado participar un a\u00f1o m\u00e1s aqu\u00ed porque esto es un privilegio\u00bb,<\/strong> aseguraba. Acto seguido confesaba qui\u00e9nes eran sus compa\u00f1eros favoritos: \u00abDadlo todo, espero que alguno de mi equipo gan\u00e9is. Mi premio est\u00e1 en casa\u00bb, dec\u00eda.<\/p>\n<p><img draggable=\"true\" alt=\"kike calleja supervivientes all stars 2025\" title=\"kike calleja supervivientes all stars 2025\" loading=\"lazy\" width=\"2100\" height=\"1175\" decoding=\"async\" data-nimg=\"1\" style=\"color:transparent;width:100%;height:auto;\"   src=\"https:\/\/www.europesays.com\/es\/wp-content\/uploads\/2025\/09\/kike-raquel-68c3612be555e.jpg\" class=\"css-0 e1g79fud0\"\/><\/p>\n<p>Telecinco<\/p>\n<p data-journey-content=\"true\" data-node-id=\"7\" class=\"css-i9p093 emevuu60\">\u201c<strong data-node-id=\"7.1\">Estoy muy enamorado. Es mi punto d\u00e9bil, mi debilidad, lo mejor que me ha pasado en la vida<\/strong>\u201d, confesaba Kike en directo, con la voz entrecortada y los ojos llorosos. Ante la emoci\u00f3n de Kike, Jorge Javier no se resisti\u00f3 a preguntarle cu\u00e1ndo supo que su mujer era el amor de su vida. \u201cCuando nos reencontramos por tercera vez en la vida, surgi\u00f3 algo tan especial que espero que dure siempre. Creo que no sabemos vivir el uno sin el otro. Ojal\u00e1 hubiera aparecido antes\u201d, explicaba Kike Calleja.<\/p>\n<p data-journey-content=\"true\" data-node-id=\"9\" class=\"css-i9p093 emevuu60\">Con esta declaraci\u00f3n, <strong data-node-id=\"9.1\">Calleja puso el broche a una aventura cort<\/strong><strong data-node-id=\"9.2\">a pero intensa<\/strong> en Honduras, dejando claro que, pese a la expulsi\u00f3n, se siente ganador en el terreno personal.<\/p>\n<p>El beso de la traici\u00f3n: la gran novedad del reality<\/p>\n<p data-journey-content=\"true\" data-node-id=\"14\" class=\"css-i9p093 emevuu60\">La gala tambi\u00e9n trajo consigo una sorpresa. <strong data-node-id=\"14.1\"><a href=\"https:\/\/diezminutos.es\/jorge-javier-vazquez\" target=\"_blank\" data-node-id=\"14.1.0\" class=\"css-177bzfx emevuu60\" rel=\"nofollow noopener\">Jorge Javier V\u00e1zquez<\/a> present\u00f3 el \u201cbeso de la traici\u00f3n\u201d, <\/strong>un privilegio exclusivo para los expulsados que puede alterar el rumbo del concurso. El mecanismo es sencillo pero letal: en silencio y sin dar explicaciones, el expulsado debe besar en la mejilla o en la frente a otro concursante, sum\u00e1ndole un punto extra en las nominaciones. <\/p>\n<p data-journey-content=\"true\" data-node-id=\"16\" class=\"css-i9p093 emevuu60\">Al volver a la Palapa, Kike se estren\u00f3 con esta nueva norma y, en tono amable, decidi\u00f3 su \u201cbeso de la traici\u00f3n\u201d: \u201c<strong data-node-id=\"16.1\">Me caes fenomenal, as\u00ed que disfruta de la experiencia\u201d,<\/strong> le dijo a Sonia Monroy antes de despedirse del resto de compa\u00f1eros. Aunque no se revel\u00f3 el motivo del beso, <a href=\"https:\/\/www.diezminutos.es\/teleprograma\/programas-tv\/a66032666\/miri-perez-cabrero-froilan-mensaje-victoria-federica-supervivientes-all-stars-2025\/\" target=\"_blank\" data-vars-ga-outbound-link=\"https:\/\/www.diezminutos.es\/teleprograma\/programas-tv\/a66032666\/miri-perez-cabrero-froilan-mensaje-victoria-federica-supervivientes-all-stars-2025\/\" data-vars-ga-ux-element=\"Hyperlink\" data-vars-ga-call-to-action=\"ya Miri dejaba sus sospechas.\" data-node-id=\"16.3\" class=\"body-link css-177bzfx emevuu60\" rel=\"nofollow noopener\">ya Miri dejaba sus sospechas.<\/a> \u00abMe ha dado el beso de Judas, seguro, pero me da igual\u00bb, dec\u00eda Sonia.<\/p>\n<p data-journey-content=\"true\" data-node-id=\"18\" class=\"css-i9p093 emevuu60\">Una despedida dulce y amarga que combina romanticismo, estrategia y una nueva dosis de tensi\u00f3n en Supervivientes: All Stars 2025.<\/p>\n<p><img src=\"https:\/\/www.europesays.com\/es\/wp-content\/uploads\/2025\/09\/1757649310_214_323095e3-d675-4360-ad79-c3a735f161a1_1681830139.file\" alt=\"Headshot of Aroa D\u00edaz\" title=\"Headshot of Aroa D\u00edaz\" width=\"100%\" height=\"100%\" decoding=\"async\" loading=\"lazy\" class=\"css-o0wq4v ev8dhu53\"\/><\/p>\n<p>Aroa D\u00edaz es experta en realities, televisi\u00f3n y actualidad en general. No hay momento del d\u00eda en el que no tenga encendida la televisi\u00f3n conociendo los \u00faltimos desvelos de los famosos, disfrutando de los realities como Supervivientes o de los concursos m\u00e1s rocambolescos. Las \u00faltimas novedades de los famosos del coraz\u00f3n son su perdici\u00f3n y la actualidad de las Casas Reales, su gran pasi\u00f3n. \u00a0\u00a0<\/p>\n<p>En sus ratos libres disfruta de las pel\u00edculas y series de moda, y bucea por los cat\u00e1logos de las plataformas de podcast buscando nuevas entrevistas y charlas de famosos.<\/p>\n<p>Adem\u00e1s, no ha parado de formarse en todos los aspectos convirti\u00e9ndose en una periodista 360: locuci\u00f3n, doblaje, grabaci\u00f3n de v\u00eddeo, periodismo m\u00f3vil, producci\u00f3n de podcast y SEO. Actualmente est\u00e1 form\u00e1ndose en el M\u00e1ster universitario de Periodismo y Comunicaci\u00f3n Digital: Datos y Nuevas Narrativas de la UOC.<\/p>\n<p>Graduada en periodismo por la Universidad Rey Juan Carlos, no ha parado de trabajar desde que obtuvo su t\u00edtulo all\u00e1 por el 2013. Despu\u00e9s de un breve impass en Palma de Mallorca, volvi\u00f3 a Legan\u00e9s donde arranc\u00f3 su experiencia con Legan\u00e9s Activo. En este tiempo he pasado por las redacciones de varios medios recayendo finalmente en Hearst Espa\u00f1a (Telenovela, Qu\u00e9 me dices y Diez Minutos). Tambi\u00e9n tiene experiencia en diferentes radios. \u00a0<\/p>\n","protected":false},"excerpt":{"rendered":"La primera expulsi\u00f3n de Supervivientes: All Stars 2025 ha dejado uno de los momentos m\u00e1s emotivos de la&hellip;\n","protected":false},"author":2,"featured_media":109232,"comment_status":"","ping_status":"","sticky":false,"template":"","format":"standard","meta":{"footnotes":""},"categories":[171],"tags":[253,146,147,25,24,23,214],"class_list":{"0":"post-109231","1":"post","2":"type-post","3":"status-publish","4":"format-standard","5":"has-post-thumbnail","7":"category-tv","8":"tag-discover","9":"tag-entertainment","10":"tag-entretenimiento","11":"tag-es","12":"tag-espana","13":"tag-spain","14":"tag-tv"},"share_on_mastodon":{"url":"","error":""},"_links":{"self":[{"href":"https:\/\/www.europesays.com\/es\/wp-json\/wp\/v2\/posts\/109231","targetHints":{"allow":["GET"]}}],"collection":[{"href":"https:\/\/www.europesays.com\/es\/wp-json\/wp\/v2\/posts"}],"about":[{"href":"https:\/\/www.europesays.com\/es\/wp-json\/wp\/v2\/types\/post"}],"author":[{"embeddable":true,"href":"https:\/\/www.europesays.com\/es\/wp-json\/wp\/v2\/users\/2"}],"replies":[{"embeddable":true,"href":"https:\/\/www.europesays.com\/es\/wp-json\/wp\/v2\/comments?post=109231"}],"version-history":[{"count":0,"href":"https:\/\/www.europesays.com\/es\/wp-json\/wp\/v2\/posts\/109231\/revisions"}],"wp:featuredmedia":[{"embeddable":true,"href":"https:\/\/www.europesays.com\/es\/wp-json\/wp\/v2\/media\/109232"}],"wp:attachment":[{"href":"https:\/\/www.europesays.com\/es\/wp-json\/wp\/v2\/media?parent=109231"}],"wp:term":[{"taxonomy":"category","embeddable":true,"href":"https:\/\/www.europesays.com\/es\/wp-json\/wp\/v2\/categories?post=109231"},{"taxonomy":"post_tag","embeddable":true,"href":"https:\/\/www.europesays.com\/es\/wp-json\/wp\/v2\/tags?post=109231"}],"curies":[{"name":"wp","href":"https:\/\/api.w.org\/{rel}","templated":true}]}}