{"id":10924,"date":"2025-07-29T05:17:07","date_gmt":"2025-07-29T05:17:07","guid":{"rendered":"https:\/\/www.europesays.com\/es\/10924\/"},"modified":"2025-07-29T05:17:07","modified_gmt":"2025-07-29T05:17:07","slug":"por-que-suben-los-casos-de-cancer-de-higado-y-que-se-puede-hacer-para-evitarlo-el-pais-expres","status":"publish","type":"post","link":"https:\/\/www.europesays.com\/es\/10924\/","title":{"rendered":"\u00bfPor qu\u00e9 suben los casos de c\u00e1ncer de h\u00edgado y qu\u00e9 se puede hacer para evitarlo? | El PA\u00cdS Expr\u00e9s"},"content":{"rendered":"<p><img fetchpriority=\"high\" alt=\"1145308900\" decoding=\"auto\" class=\"_re  a_m-h\" height=\"414\"  width=\"414\"  src=\"https:\/\/www.europesays.com\/es\/wp-content\/uploads\/2025\/07\/IFRIV2NXXBB4XBMAEWOUROAABA.jpg\" loading=\"eager\"\/>1145308900Foto: iStock<\/p>\n<p class=\"\">Tres de cada cinco casos de c\u00e1ncer de h\u00edgado se pueden prevenir. Esta es la conclusi\u00f3n del nuevo informe publicado en The Lancet, que advierte de un aumento preocupante en la incidencia de este tumor.<\/p>\n<p class=\"\"><b>Dos datos: <\/b><\/p>\n<ul>\n<li>Los diagn\u00f3sticos podr\u00edan casi duplicarse en los pr\u00f3ximos 25 a\u00f1os si no se toman medidas urgentes. <\/li>\n<li>El 60% de estos tumores tienen causas prevenibles: principalmente, el alcohol, la obesidad y los virus de la hepatitis.<\/li>\n<\/ul>\n<p class=\"\"><b>Una advertencia clara: <\/b>si no se refuerzan las pol\u00edticas de prevenci\u00f3n, se perder\u00e1n millones de vidas. <\/p>\n<ul>\n<li>Es el sexto m\u00e1s frecuente y tiene una supervivencia a cinco a\u00f1os tras el diagn\u00f3stico por debajo del 30%.<\/li>\n<li>Adem\u00e1s, suele detectarse tarde, cuando ya hay pocos tratamientos realmente efectivos.<\/li>\n<\/ul>\n<p class=\"\"><b>\u00bfQu\u00e9 proponen los expertos? <\/b><\/p>\n<ul>\n<li>Vacunar masivamente contra la hepatitis B.<\/li>\n<li>Realizar cribados del virus en adultos. <\/li>\n<li>Reducir el acceso al alcohol en j\u00f3venes (la edad media de inicio en Espa\u00f1a es de 14 a\u00f1os). <\/li>\n<li>Promover dietas saludables. <\/li>\n<li>Y reforzar el diagn\u00f3stico precoz.<\/li>\n<\/ul>\n<p class=\"\"><b>\u00bfQu\u00e9 retos quedan por delante? <\/b>A\u00fan no se entiende por qu\u00e9 algunos pacientes no responden a tratamientos como la inmunoterapia, hay grandes desigualdades en el acceso a pruebas y f\u00e1rmacos entre pa\u00edses, y persiste el estigma que asocia este tumor solo al alcoholismo, lo que dificulta su detecci\u00f3n y tratamiento.<\/p>\n<p class=\"\">\u00a9Foto: iStock <\/p>\n<p class=\"\"><a href=\"https:\/\/elpais.com\/salud-y-bienestar\/2025-07-28\/tres-de-cada-cinco-tumores-de-higado-se-deben-a-causas-prevenibles.html\" target=\"_self\" rel=\"nofollow noopener\" title=\"https:\/\/elpais.com\/salud-y-bienestar\/2025-07-28\/tres-de-cada-cinco-tumores-de-higado-se-deben-a-causas-prevenibles.html\">Si quieres saber m\u00e1s, puedes leer aqu\u00ed.<\/a><\/p>\n","protected":false},"excerpt":{"rendered":"1145308900Foto: iStock Tres de cada cinco casos de c\u00e1ncer de h\u00edgado se pueden prevenir. Esta es la conclusi\u00f3n&hellip;\n","protected":false},"author":2,"featured_media":10925,"comment_status":"","ping_status":"","sticky":false,"template":"","format":"standard","meta":{"footnotes":""},"categories":[92],"tags":[1066,7585,1293,7586,25,24,165,5693,166,23],"class_list":{"0":"post-10924","1":"post","2":"type-post","3":"status-publish","4":"format-standard","5":"has-post-thumbnail","7":"category-salud","8":"tag-cancer","9":"tag-cancer-higado","10":"tag-enfermedades","11":"tag-enfermedades-hepaticas","12":"tag-es","13":"tag-espana","14":"tag-health","15":"tag-obesidad","16":"tag-salud","17":"tag-spain"},"share_on_mastodon":{"url":"","error":""},"_links":{"self":[{"href":"https:\/\/www.europesays.com\/es\/wp-json\/wp\/v2\/posts\/10924","targetHints":{"allow":["GET"]}}],"collection":[{"href":"https:\/\/www.europesays.com\/es\/wp-json\/wp\/v2\/posts"}],"about":[{"href":"https:\/\/www.europesays.com\/es\/wp-json\/wp\/v2\/types\/post"}],"author":[{"embeddable":true,"href":"https:\/\/www.europesays.com\/es\/wp-json\/wp\/v2\/users\/2"}],"replies":[{"embeddable":true,"href":"https:\/\/www.europesays.com\/es\/wp-json\/wp\/v2\/comments?post=10924"}],"version-history":[{"count":0,"href":"https:\/\/www.europesays.com\/es\/wp-json\/wp\/v2\/posts\/10924\/revisions"}],"wp:featuredmedia":[{"embeddable":true,"href":"https:\/\/www.europesays.com\/es\/wp-json\/wp\/v2\/media\/10925"}],"wp:attachment":[{"href":"https:\/\/www.europesays.com\/es\/wp-json\/wp\/v2\/media?parent=10924"}],"wp:term":[{"taxonomy":"category","embeddable":true,"href":"https:\/\/www.europesays.com\/es\/wp-json\/wp\/v2\/categories?post=10924"},{"taxonomy":"post_tag","embeddable":true,"href":"https:\/\/www.europesays.com\/es\/wp-json\/wp\/v2\/tags?post=10924"}],"curies":[{"name":"wp","href":"https:\/\/api.w.org\/{rel}","templated":true}]}}