{"id":109257,"date":"2025-09-12T04:11:09","date_gmt":"2025-09-12T04:11:09","guid":{"rendered":"https:\/\/www.europesays.com\/es\/109257\/"},"modified":"2025-09-12T04:11:09","modified_gmt":"2025-09-12T04:11:09","slug":"dos-detenidos-en-la-etapa-18-de-la-vuelta-cuando-han-intentado-saltar-las-vallas-de-contencion-al-paso-de-un-ciclista-del-equipo-israel-mas-deportes","status":"publish","type":"post","link":"https:\/\/www.europesays.com\/es\/109257\/","title":{"rendered":"Dos detenidos en la etapa 18 de La Vuelta cuando han intentado saltar las vallas de contenci\u00f3n al paso de un ciclista del equipo Israel | M\u00e1s deportes"},"content":{"rendered":"<p>Delegaci\u00f3n de Gobierno confirma a la Cadena SER que la etapa 18 de La Vuelta a Espa\u00f1a deja dos detenidos por intentar saltar la valla al paso un corredor del equipo del Israel-Premier Tech durante la contrarreloj de este jueves. <\/p>\n<p>En torno a 250 manifestantes se han reunido en la plaza de la Universidad de Valladolid (cerca de la facultad de Derecho), epicentro de las protestas pro-palestinas. En un momento de la etapa, cuando se acercaba el ciclista del Israel-Premier Tech, han intentado saltar el control y han sido detenidos. <a href=\"https:\/\/cadenaser.com\/castillayleon\/2025\/09\/11\/organizan-una-concentracion-en-la-comisaria-donde-han-sido-trasladados-los-detenidos-tras-saltarse-la-valla-de-la-vuelta-radio-valladolid\/\" target=\"_blank\" rel=\"nofollow noopener\" title=\"https:\/\/cadenaser.com\/castillayleon\/2025\/09\/11\/organizan-una-concentracion-en-la-comisaria-donde-han-sido-trasladados-los-detenidos-tras-saltarse-la-valla-de-la-vuelta-radio-valladolid\/\">Ambos han sido ya puestos en libertad<\/a>.<\/p>\n<blockquote class=\"twitter-tweet\">\n<p lang=\"es\" dir=\"ltr\">\ud83d\udea8 Dos detenidos cuando han intentado saltar las vallas de contenci\u00f3n de <a href=\"https:\/\/twitter.com\/hashtag\/LaVuelta25?src=hash&amp;ref_src=twsrc%5Etfw\" rel=\"nofollow noopener\" target=\"_blank\">#LaVuelta25<\/a> <\/p>\n<p>\ud83c\uddf5\ud83c\uddf8 En torno a 250 manifestantes reunidos en la plaza de la Universidad de Valladolid, epicentro de las protestas pro-palestinas en la crono individual de la etapa 18<\/p>\n<p>\ud83c\udf99\ufe0f Informa <a href=\"https:\/\/twitter.com\/craulmartinez?ref_src=twsrc%5Etfw\" rel=\"nofollow noopener\" target=\"_blank\">@craulmartinez<\/a> <a href=\"https:\/\/t.co\/STBTa4zVqF\" rel=\"nofollow\">pic.twitter.com\/STBTa4zVqF<\/a><\/p>\n<p>\u2014 Carrusel Deportivo (@carrusel) <a href=\"https:\/\/twitter.com\/carrusel\/status\/1966145953867727054?ref_src=twsrc%5Etfw\" rel=\"nofollow noopener\" target=\"_blank\">September 11, 2025<\/a><\/p><\/blockquote>\n<blockquote class=\"twitter-tweet\">\n<p lang=\"es\" dir=\"ltr\">\ud83d\udea8\u00a1\u00a1Militantes comuneros detenidos!!<br \/>Dos compa\u00f1eros han sido detenidos en Valladolid durante la etapa de la vuelta ciclista. Solidarizarse con Palestina y en contra del terrorismo no es delito. \u00a1A quien hay que sacar de las calles es a los genocidas! <a href=\"https:\/\/t.co\/RLuiUAIjKo\" rel=\"nofollow\">pic.twitter.com\/RLuiUAIjKo<\/a><\/p>\n<p>\u2014 Yesca Castilla\ud83c\udf3e (@YescaCastilla) <a href=\"https:\/\/twitter.com\/YescaCastilla\/status\/1966141922428502329?ref_src=twsrc%5Etfw\" rel=\"nofollow noopener\" target=\"_blank\">September 11, 2025<\/a><\/p><\/blockquote>\n<p>La presente edici\u00f3n de La Vuelta atraviesa un momento de tensi\u00f3n por la participaci\u00f3n del equipo del Israel-Premier Tech. Varias protestas han estado presentes en las distintas etapas, llegando a neutralizar el final en Bilbao y en Castro de Herville, as\u00ed como el incidente con el ciclista <a href=\"https:\/\/cadenaser.com\/nacional\/2025\/09\/09\/javi-romo-llevamos-una-vida-espartana-y-somos-un-ejemplo-para-los-jovenes-se-esta-consiguiendo-que-se-muestre-otra-cosa-cadena-ser\/\" target=\"_blank\" rel=\"nofollow noopener\" title=\"https:\/\/cadenaser.com\/nacional\/2025\/09\/09\/javi-romo-llevamos-una-vida-espartana-y-somos-un-ejemplo-para-los-jovenes-se-esta-consiguiendo-que-se-muestre-otra-cosa-cadena-ser\/\">Javier Romo<\/a> que se vio involucrado en una ca\u00edda por la presencia de un manifestante con la bandera de Palestina.<\/p>\n<p>Tal es la situaci\u00f3n que la organizaci\u00f3n de <a href=\"https:\/\/cadenaser.com\/nacional\/2025\/09\/10\/la-vuelta-modifica-el-recorrido-de-la-etapa-18-la-contrarreloj-de-valladolid-recorrera-15-kilometros-menos-cadena-ser\/\" target=\"_blank\" rel=\"noreferrer nofollow noopener\" title=\"https:\/\/cadenaser.com\/nacional\/2025\/09\/10\/la-vuelta-modifica-el-recorrido-de-la-etapa-18-la-contrarreloj-de-valladolid-recorrera-15-kilometros-menos-cadena-ser\/\">La Vuelta decidi\u00f3 recortar hasta 15 kil\u00f3metros la contrarreloj de Valladolid<\/a> para controlar las protestas pro-palestinas. El recorrido original, de 27,2 kil\u00f3metros, qued\u00f3 reducido a 12,2 para garantizar la seguridad.<\/p>\n<p>M\u00e1s informaci\u00f3n<\/p>\n<p>Pese a esto, <a href=\"https:\/\/cadenaser.com\/nacional\/2025\/09\/10\/las-reivindicaciones-pro-palestinas-en-la-vuelta-amenazan-la-contrarreloj-individual-no-podemos-garantizar-la-seguridad-al-100-cadena-ser\/\" target=\"_blank\" rel=\"noreferrer nofollow noopener\" title=\"https:\/\/cadenaser.com\/nacional\/2025\/09\/10\/las-reivindicaciones-pro-palestinas-en-la-vuelta-amenazan-la-contrarreloj-individual-no-podemos-garantizar-la-seguridad-al-100-cadena-ser\/\">activistas en contra del genocidio en Gaza<\/a> se han manifestado desde el principio de la jornada, siendo varios de ellos identificados por agentes de la Polic\u00eda Nacional. Entre ellos se encontraba al secretario de Organizaci\u00f3n y portavoz de Podemos, Pablo Fern\u00e1ndez, quien estaba junto a un grupo de unas cuarenta personas junto a las vallas de una rotonda cercana al Polideportivo de la Huerta del Rey.<\/p>\n<p>Antes de este momento de la identificaci\u00f3n, Fern\u00e1ndez ya hab\u00eda expresado su rechazo al dispositivo policial desplegado en Valladolid con un mensaje publicado en su perfil de la red social X: \u00abVerg\u00fcenza. Otra m\u00e1s de Marlaska. Verg\u00fcenza\u00bb, ha criticado. En declaraciones a los periodistas, despu\u00e9s ya de haber sido identificado por la Polic\u00eda, Fern\u00e1ndez ha insistido en su denuncia del \u00abterrible genocidio\u00bb que sufre los palestinos en Gaza y ha defendido las protestas para tratar de impedir que \u00abun equipo israel\u00ed, propiedad de un sionista que hace apolog\u00eda del genocidio\u00bb siga participando en la Vuelta a Espa\u00f1a.<\/p>\n<p>\u00abEs absolutamente inaceptable, intolerable, que el equipo israel\u00ed est\u00e9 paseando tranquilamente por nuestras calles mientras su estado terrorista contin\u00faa asesinando cada d\u00eda a miles de personas inocentes en Palestina\u00bb, ha resumido.<\/p>\n<p><script async src=\"https:\/\/platform.twitter.com\/widgets.js\" charset=\"utf-8\"><\/script><\/p>\n","protected":false},"excerpt":{"rendered":"Delegaci\u00f3n de Gobierno confirma a la Cadena SER que la etapa 18 de La Vuelta a Espa\u00f1a deja&hellip;\n","protected":false},"author":2,"featured_media":109258,"comment_status":"","ping_status":"","sticky":false,"template":"","format":"standard","meta":{"footnotes":""},"categories":[273],"tags":[313,312,168,25,24,23,167],"class_list":{"0":"post-109257","1":"post","2":"type-post","3":"status-publish","4":"format-standard","5":"has-post-thumbnail","7":"category-ciclismo","8":"tag-ciclismo","9":"tag-cycling","10":"tag-deportes","11":"tag-es","12":"tag-espana","13":"tag-spain","14":"tag-sports"},"share_on_mastodon":{"url":"","error":""},"_links":{"self":[{"href":"https:\/\/www.europesays.com\/es\/wp-json\/wp\/v2\/posts\/109257","targetHints":{"allow":["GET"]}}],"collection":[{"href":"https:\/\/www.europesays.com\/es\/wp-json\/wp\/v2\/posts"}],"about":[{"href":"https:\/\/www.europesays.com\/es\/wp-json\/wp\/v2\/types\/post"}],"author":[{"embeddable":true,"href":"https:\/\/www.europesays.com\/es\/wp-json\/wp\/v2\/users\/2"}],"replies":[{"embeddable":true,"href":"https:\/\/www.europesays.com\/es\/wp-json\/wp\/v2\/comments?post=109257"}],"version-history":[{"count":0,"href":"https:\/\/www.europesays.com\/es\/wp-json\/wp\/v2\/posts\/109257\/revisions"}],"wp:featuredmedia":[{"embeddable":true,"href":"https:\/\/www.europesays.com\/es\/wp-json\/wp\/v2\/media\/109258"}],"wp:attachment":[{"href":"https:\/\/www.europesays.com\/es\/wp-json\/wp\/v2\/media?parent=109257"}],"wp:term":[{"taxonomy":"category","embeddable":true,"href":"https:\/\/www.europesays.com\/es\/wp-json\/wp\/v2\/categories?post=109257"},{"taxonomy":"post_tag","embeddable":true,"href":"https:\/\/www.europesays.com\/es\/wp-json\/wp\/v2\/tags?post=109257"}],"curies":[{"name":"wp","href":"https:\/\/api.w.org\/{rel}","templated":true}]}}