{"id":109277,"date":"2025-09-12T04:24:09","date_gmt":"2025-09-12T04:24:09","guid":{"rendered":"https:\/\/www.europesays.com\/es\/109277\/"},"modified":"2025-09-12T04:24:09","modified_gmt":"2025-09-12T04:24:09","slug":"es-como-vislumbrar-una-bala-de-fusil-durante-una-milesima-de-segundo","status":"publish","type":"post","link":"https:\/\/www.europesays.com\/es\/109277\/","title":{"rendered":"Es como vislumbrar una bala de fusil durante una mil\u00e9sima de segundo"},"content":{"rendered":"<p>En el mes de julio de 2025, los astr\u00f3nomos descubrieron un nuevo cometa interestelar, que fue bautizado como Atlas\/31, un hecho novedoso y de mayor inter\u00e9s, que ha llamado la atenci\u00f3n de numerosas investigaciones astron\u00f3micas para<b> conocer m\u00e1s sobre este objeto interestelar antes de que se marche para siempre. <\/b><\/p>\n<p>De hecho, diversas misiones de la NASA se han centrado en este cometa, que, aunque no representa una amenaza para la Tierra, los telescopios espaciales de la NASA apoyan la misi\u00f3n en curso de la agencia para encontrar, rastrear y comprender mejor los objetos del sistema solar y, <b>cuanto m\u00e1s observan, m\u00e1s raro parece.<\/b><\/p>\n<p>Las misiones de la NASA se centran en Atlas\/31<\/p>\n<p>El <b>Telescopio Espacial James Webb <\/b>observ\u00f3 Atlas\/31 el 6 de agosto con su Espectr\u00f3grafo de Infrarrojo Cercano. El equipo de investigaci\u00f3n ha estado analizando los datos del Webb para obtener m\u00e1s informaci\u00f3n sobre su tama\u00f1o, propiedades f\u00edsicas y composici\u00f3n qu\u00edmica, tal y como recoge Europa Press.<\/p>\n<p>Por su lado, <b>SPHEREx <\/b>(Espectrofot\u00f3metro para la Historia del Universo, \u00c9poca de Reionizaci\u00f3n y Explorador de Hielos) de la NASA observ\u00f3 el cometa interestelar del 7 al 15 de agosto. El equipo de SPHEREx ha estado analizando la informaci\u00f3n obtenida a partir de estos datos.<\/p>\n<p>Estas observaciones siguen a la del telescopio espacial <b>Hubble<\/b>, que capt\u00f3 este objeto por primera vez a finales de julio, revelando su coma difusa y permitiendo estimar el tama\u00f1o de su n\u00facleo entre 320 metros y 5.6 kil\u00f3metros.<\/p>\n<p>Impactante imagen del cometa<\/p>\n<p>Posteriormente, nuevas observaciones consiguieron que, el 27 de agosto, investigadores <b>captaran una impactante imagen<\/b>. Fueron hechas mediante la utilizaci\u00f3n del Espectr\u00f3grafo Multiobjeto Gemini (GMOS) en Gemini Sur, en Cerro Pach\u00f3n, Chile, con lo que se consiguieron im\u00e1genes profundas y multicolores del cometa interestelar 3I\/Atlas.<\/p>\n<p>En las im\u00e1genes capturadas durante la sesi\u00f3n, <b>el cometa muestra una amplia coma<\/b> -una nube de gas y polvo que se forma alrededor de su n\u00facleo helado a medida que se acerca al Sol- y una cola que se extiende aproximadamente 1\/120 de grado en el cielo (donde un grado equivale aproximadamente al ancho de un dedo me\u00f1ique de un brazo extendido) y apunta en direcci\u00f3n contraria al Sol.<\/p>\n<p>Estas caracter\u00edsticas son significativamente m\u00e1s extensas que en im\u00e1genes anteriores del cometa, lo que demuestra que Atlas\/31 <b>se ha vuelto m\u00e1s activo<\/b> a medida que viaja por el sistema solar interior, como tambi\u00e9n recoge Europa Press.<\/p>\n<p>M\u00e1s all\u00e1 de capturar im\u00e1genes impresionantes, la principal motivaci\u00f3n cient\u00edfica de la sesi\u00f3n de observaci\u00f3n fue <b>recopilar el espectro del cometa<\/b>, que se refiere a las longitudes de onda de la luz que emite. Un espectro puede brindar a los cient\u00edficos informaci\u00f3n sobre la composici\u00f3n y la qu\u00edmica del cometa, lo que les permite comprender c\u00f3mo cambia a su paso por el sistema solar, informa NOIRLab en un comunicado.<\/p>\n<p>Viaja a una velocidad impresionante<\/p>\n<p>El que es el tercer visitante interestelar registrado hasta el momento y como ya se ha comentado, ha sido observado por el telescopio espacial Hubble, proporcionando mayor informaci\u00f3n sobre el objeto como, por ejemplo,<b> la velocidad a la que viaja.<\/b><\/p>\n<p>El cometa 3I\/ATLAS viaja a trav\u00e9s de nuestro sistema solar a la asombrosa velocidad de 209.000 kil\u00f3metros por hora, <b>la mayor velocidad jam\u00e1s registrada <\/b>para un objeto de origen interestelar, lo que demuestra que el cometa ha estado a la deriva por el espacio interestelar durante miles de millones de a\u00f1os.<\/p>\n<p>El efecto de honda gravitacional de las innumerables estrellas y nebulosas <b>que el cometa pas\u00f3 le a\u00f1adi\u00f3 impulso<\/b>, incrementando su velocidad. Cuanto m\u00e1s tiempo permanec\u00eda el cometa 3I\/ATLAS en el espacio, mayor era su velocidad.<\/p>\n<p><b>\u00abNadie sabe de d\u00f3nde vino el cometa<\/b>. Es como vislumbrar una bala de fusil durante una mil\u00e9sima de segundo. No se puede proyectar ese tiempo hacia atr\u00e1s con precisi\u00f3n para determinar d\u00f3nde comenz\u00f3 su trayectoria\u00bb, afirm\u00f3 en un comunicado David Jewitt, de la Universidad de California en Los \u00c1ngeles, l\u00edder del equipo cient\u00edfico de las observaciones del Hubble.<\/p>\n<p>Primer art\u00edculo cient\u00edfico sobre el cometa<\/p>\n<p>Un equipo de investigadores internacional publicaba el <b>primer art\u00edculo cient\u00edfico sobre lo que se conoce hasta el momento<\/b> como el objeto interestelar 3I\/Atlas. En el grupo participa Toni Santana-Ros, del Instituto de F\u00edsica Aplicada a las Ciencias y las Tecnolog\u00edas de la Universidad de Alicante (UA) y el Instituto de Ciencias del Cosmos de la Universitat de Barcelona (Iccub).<\/p>\n<p>Este objeto estudiado ha recibido el nombre de 3I\/ATLAS<b> en honor a la red de telescopios que descubri\u00f3<\/b> el objeto el Sistema de \u00daltima Alerta de Impacto Terrestre de Asteroides (Atlas) de la NASA. Adem\u00e1s, el equipo tambi\u00e9n cuenta con astr\u00f3nomos de la Universidad Estatal de Michigan (MSU).<\/p>\n<p><b>Atlas consta de cuatro telescopios<\/b>, dos en Haw\u00e1i (Estados Unidos), uno en Chile y uno en Sud\u00e1frica, que escanean autom\u00e1ticamente todo el cielo varias veces cada noche en busca de objetos en movimiento, seg\u00fan ha informado la UA a trav\u00e9s de un comunicado.<\/p>\n<p>Por su parte, Santana-Ros ha se\u00f1alado que \u00abel cuerpo se encuentra lejos de la Tierra, a tres unidades astron\u00f3micas\u00bb, es decir, <b>unos 500 millones de kil\u00f3metros,<\/b> y su trayectoria \u00abno supone ning\u00fan riego de impacto con este planeta\u00bb.<\/p>\n<p>En la misma l\u00ednea, el investigador de la UA y del Iccub y coautor del art\u00edculo ha destacado que estudiar objetos interestelares que provienen de fuera del sistema solar \u00ab<b>representa una oportunidad para avanzar<\/b> en la comprensi\u00f3n de c\u00f3mo se forman y evolucionan los sistemas planetarios\u00bb.<\/p>\n<p>De esta manera, los expertos han confirmado en el art\u00edculo que 3I\/ATLAS es \u00abapenas\u00bb el tercer objeto interestelar detectado pasando por el sistema solar y que \u00abes posible, aunque est\u00e1 por confirmar, q<b>ue emita gas como otros cometas\u00bb.<\/b><\/p>\n<p>Adem\u00e1s, han indicado que se mueve a una velocidad de 216.000 kil\u00f3metros por hora con respecto al Sol y sigue <b>una trayectoria orbital con forma de b\u00fameran<\/b> o hip\u00e9rbola, con la que \u00ababandonar\u00e1 el sistema solar y no regresar\u00e1\u00bb.<\/p>\n<p>En este sentido, los astr\u00f3nomos han apuntado que esperan que el Telescopio Espacial James Webb y el Telescopio Espacial Hubble revelen m\u00e1s informaci\u00f3n sobre su <b>tama\u00f1o, composici\u00f3n, rotaci\u00f3n y c\u00f3mo reacciona<\/b> a la \u00abcreciente\u00bb radiaci\u00f3n solar que recibir\u00e1 en los pr\u00f3ximos meses.<\/p>\n<p>WhatsApp<a href=\"https:\/\/api.whatsapp.com\/send?text=https:\/\/www.eleconomista.es\/actualidad\/noticias\/13538740\/09\/25\/todas-las-miradas-de-los-astronomos-puestas-sobre-el-atlas-31-nadie-sabe-de-donde-vino-el-cometa.html?utm_source%3Dwhatsapp%26utm_medium%3Dshare_button&amp;id=1648118629957_whatsapp\" target=\"_blank\" data-action=\"share\/whatsapp\/share\" aria-label=\"Compartir en Whatsapp\" rel=\"nofollow noopener\"><\/a>Facebook<a id=\"fb-share\" href=\"#\" target=\"_blank\" rel=\"noopener noreferrer\" aria-label=\"Compartir en Facebook\"><\/a>Twitter<a href=\"https:\/\/twitter.com\/share?text=Todas+las+miradas+de+los+astr%C3%B3nomos+puestas+sobre+el+inusal+cometa+Atlas%2F31%3A+%22Es+como+vislumbrar+una+bala+de+fusil+durante+una+mil%C3%A9sima+de+segundo%22&amp;url=https:\/\/www.eleconomista.es\/actualidad\/noticias\/13538740\/09\/25\/todas-las-miradas-de-los-astronomos-puestas-sobre-el-atlas-31-nadie-sabe-de-donde-vino-el-cometa.html&amp;via=elEconomistaes&amp;id=1648118839245_twitter\" target=\"_blank\" aria-label=\"Compartir en Twitter\" rel=\"nofollow noopener\"><\/a>Linkedin<a href=\"https:\/\/linkedin.com\/share?text=https:\/\/www.eleconomista.es\/actualidad\/noticias\/13538740\/09\/25\/todas-las-miradas-de-los-astronomos-puestas-sobre-el-atlas-31-nadie-sabe-de-donde-vino-el-cometa.html&amp;via=elEconomistaes\" target=\"_blank\" aria-label=\"Compartir en linkedin\" rel=\"nofollow noopener\"><\/a>Beloud<a href=\"https:\/\/beloud.com\/share?text=Todas+las+miradas+de+los+astr%C3%B3nomos+puestas+sobre+el+inusal+cometa+Atlas%2F31%3A+%22Es+como+vislumbrar+una+bala+de+fusil+durante+una+mil%C3%A9sima+de+segundo%22&amp;url=https:\/\/www.eleconomista.es\/actualidad\/noticias\/13538740\/09\/25\/todas-las-miradas-de-los-astronomos-puestas-sobre-el-atlas-31-nadie-sabe-de-donde-vino-el-cometa.html&amp;via=elEconomistaes&amp;id=1648118839245_beloud\" target=\"_blank\" aria-label=\"Compartir en beloud\" rel=\"nofollow noopener\"><\/a>Bluesky<a href=\"https:\/\/bsky.app\/intent\/compose?text=https:\/\/bsky.app\/intent\/compose?text=https:\/\/www.eleconomista.es\/actualidad\/noticias\/13538740\/09\/25\/todas-las-miradas-de-los-astronomos-puestas-sobre-el-atlas-31-nadie-sabe-de-donde-vino-el-cometa.html&amp;url=https:\/\/www.eleconomista.es\/actualidad\/noticias\/13538740\/09\/25\/todas-las-miradas-de-los-astronomos-puestas-sobre-el-atlas-31-nadie-sabe-de-donde-vino-el-cometa.html&amp;via=elEconomistaes&amp;id=1648118839245_bluesky\" target=\"_blank\" aria-label=\"Compartir en bluesky\" rel=\"nofollow noopener\"><\/a><\/p>\n<p><script async src=\"https:\/\/platform.twitter.com\/widgets.js\" charset=\"utf-8\"><\/script><\/p>\n","protected":false},"excerpt":{"rendered":"En el mes de julio de 2025, los astr\u00f3nomos descubrieron un nuevo cometa interestelar, que fue bautizado como&hellip;\n","protected":false},"author":2,"featured_media":109278,"comment_status":"","ping_status":"","sticky":false,"template":"","format":"standard","meta":{"footnotes":""},"categories":[81],"tags":[517,119,123,124,25,24,117,121,122,23,118,120],"class_list":{"0":"post-109277","1":"post","2":"type-post","3":"status-publish","4":"format-standard","5":"has-post-thumbnail","7":"category-ciencia-y-tecnologia","8":"tag-actualidad","9":"tag-ciencia","10":"tag-ciencia-y-tecnologia","11":"tag-cienciaytecnologia","12":"tag-es","13":"tag-espana","14":"tag-science","15":"tag-science-and-technology","16":"tag-scienceandtechnology","17":"tag-spain","18":"tag-technology","19":"tag-tecnologia"},"share_on_mastodon":{"url":"","error":""},"_links":{"self":[{"href":"https:\/\/www.europesays.com\/es\/wp-json\/wp\/v2\/posts\/109277","targetHints":{"allow":["GET"]}}],"collection":[{"href":"https:\/\/www.europesays.com\/es\/wp-json\/wp\/v2\/posts"}],"about":[{"href":"https:\/\/www.europesays.com\/es\/wp-json\/wp\/v2\/types\/post"}],"author":[{"embeddable":true,"href":"https:\/\/www.europesays.com\/es\/wp-json\/wp\/v2\/users\/2"}],"replies":[{"embeddable":true,"href":"https:\/\/www.europesays.com\/es\/wp-json\/wp\/v2\/comments?post=109277"}],"version-history":[{"count":0,"href":"https:\/\/www.europesays.com\/es\/wp-json\/wp\/v2\/posts\/109277\/revisions"}],"wp:featuredmedia":[{"embeddable":true,"href":"https:\/\/www.europesays.com\/es\/wp-json\/wp\/v2\/media\/109278"}],"wp:attachment":[{"href":"https:\/\/www.europesays.com\/es\/wp-json\/wp\/v2\/media?parent=109277"}],"wp:term":[{"taxonomy":"category","embeddable":true,"href":"https:\/\/www.europesays.com\/es\/wp-json\/wp\/v2\/categories?post=109277"},{"taxonomy":"post_tag","embeddable":true,"href":"https:\/\/www.europesays.com\/es\/wp-json\/wp\/v2\/tags?post=109277"}],"curies":[{"name":"wp","href":"https:\/\/api.w.org\/{rel}","templated":true}]}}