{"id":109279,"date":"2025-09-12T04:25:08","date_gmt":"2025-09-12T04:25:08","guid":{"rendered":"https:\/\/www.europesays.com\/es\/109279\/"},"modified":"2025-09-12T04:25:08","modified_gmt":"2025-09-12T04:25:08","slug":"mercadona-busca-este-tipo-de-trabajadores-en-16-puntos-de-espana-con-sueldo-anual-de-hasta-87-000-euros","status":"publish","type":"post","link":"https:\/\/www.europesays.com\/es\/109279\/","title":{"rendered":"Mercadona busca este tipo de trabajadores en 16 puntos de Espa\u00f1a con sueldo anual de hasta 87.000 euros"},"content":{"rendered":"<p><b><a href=\"https:\/\/www.huffingtonpost.es\/virales\/unos-argentinos-mercadona-les-llama-atencion-espana-comun.html\" target=\"_blank\" rel=\"nofollow noopener\">Mercadona<\/a> ha publicado una serie de ofertas de empleo<\/b> en las que ofrece <b>sueldos anuales de hasta 87.000 euros brutos<\/b>. En concreto, lo que est\u00e1 buscando la cadena de supermercados es <b>incorporar m\u00e9dicos a su plantilla.<\/b><\/p>\n<p>En el portal de empleo de la compa\u00f1\u00eda, hay vacantes puestos de trabajo para facultativos en 16 puntos de Espa\u00f1a. M\u00e1s all\u00e1 del sueldo, una de las ventajas es que se trata de un <b>contrato fijo.<\/b><\/p>\n<p><b>\u00abBuscamos m\u00e9dicos para proteger la salud de nuestra plantilla y velar por su seguridad laboral<\/b>. Cuidar de nuestros trabajadores tambi\u00e9n es cuidar de Mercadona, por eso destinamos importantes recursos y esfuerzos a nuestra red de profesionales sanitarios internos\u00bb, explica Mercadona en la oferta.<\/p>\n<p>La cadena de supermercados se\u00f1ala que ofrece a los empleados <b>\u00abformaci\u00f3n remunerada<\/b>, proyecci\u00f3n laboral dentro de la empresa, <b>colegiaci\u00f3n y seguro de responsabilidad civil a cargo de la empresa\u00bb.<\/b><\/p>\n<p>En cuanto a la jornada, en la oferta de empleo se precisa que el trabajo se desempe\u00f1a durante <b>40 horas semanales \u00abde lunes a viernes en horario partido (ma\u00f1ana y tarde) y s\u00e1bados seg\u00fan necesidad\u00bb.<\/b><\/p>\n<p>En concreto, el <b>sueldo<\/b> ofrecido por Mercadona para la incorporaci\u00f3n de m\u00e9dicos a su plantilla se basa en un <b>intervalo que va desde 57.689 euros a 87.576 euros<\/b> (ambas cifras referidas a la <b>remuneraci\u00f3n anual bruta<\/b>).<\/p>\n<p>La compa\u00f1\u00eda dirigida por Juan Roig tiene <b>vacantes puestos de m\u00e9dico<\/b> en estos momentos en las siguientes <b>16 provincias de Espa\u00f1a<\/b>: C\u00f3rdoba, A Coru\u00f1a, Valencia, Castell\u00f3n, Badajoz, Lleida, Huesca, Zaragoza, Valladolid, Cantabria, Asturias, Madrid, Barcelona, Ourense, Pontevedra y Lugo.<\/p>\n<p><b>Para inscribirse en la oferta es necesario registrarse en el <a href=\"https:\/\/mercadona.avature.net\/es_ES\/Careers\" target=\"_blank\" rel=\"nofollow noopener\">portal de empleo de Mercadona<\/a><\/b> (que fue totalmente renovado a finales del mes de julio para tratar de ofrecer una mejor experiencia al usuario). El curr\u00edculum puede introducirse conectando con LinkedIn o rellenando los datos de forma manual.<\/p>\n","protected":false},"excerpt":{"rendered":"Mercadona ha publicado una serie de ofertas de empleo en las que ofrece sueldos anuales de hasta 87.000&hellip;\n","protected":false},"author":2,"featured_media":109280,"comment_status":"","ping_status":"","sticky":false,"template":"","format":"standard","meta":{"footnotes":""},"categories":[80],"tags":[82,95,94,5509,25,24,6016,4973,23],"class_list":{"0":"post-109279","1":"post","2":"type-post","3":"status-publish","4":"format-standard","5":"has-post-thumbnail","7":"category-economia","8":"tag-business","9":"tag-economia","10":"tag-economy","11":"tag-empleo","12":"tag-es","13":"tag-espana","14":"tag-medicos","15":"tag-mercadona","16":"tag-spain"},"share_on_mastodon":{"url":"","error":""},"_links":{"self":[{"href":"https:\/\/www.europesays.com\/es\/wp-json\/wp\/v2\/posts\/109279","targetHints":{"allow":["GET"]}}],"collection":[{"href":"https:\/\/www.europesays.com\/es\/wp-json\/wp\/v2\/posts"}],"about":[{"href":"https:\/\/www.europesays.com\/es\/wp-json\/wp\/v2\/types\/post"}],"author":[{"embeddable":true,"href":"https:\/\/www.europesays.com\/es\/wp-json\/wp\/v2\/users\/2"}],"replies":[{"embeddable":true,"href":"https:\/\/www.europesays.com\/es\/wp-json\/wp\/v2\/comments?post=109279"}],"version-history":[{"count":0,"href":"https:\/\/www.europesays.com\/es\/wp-json\/wp\/v2\/posts\/109279\/revisions"}],"wp:featuredmedia":[{"embeddable":true,"href":"https:\/\/www.europesays.com\/es\/wp-json\/wp\/v2\/media\/109280"}],"wp:attachment":[{"href":"https:\/\/www.europesays.com\/es\/wp-json\/wp\/v2\/media?parent=109279"}],"wp:term":[{"taxonomy":"category","embeddable":true,"href":"https:\/\/www.europesays.com\/es\/wp-json\/wp\/v2\/categories?post=109279"},{"taxonomy":"post_tag","embeddable":true,"href":"https:\/\/www.europesays.com\/es\/wp-json\/wp\/v2\/tags?post=109279"}],"curies":[{"name":"wp","href":"https:\/\/api.w.org\/{rel}","templated":true}]}}