{"id":109281,"date":"2025-09-12T04:26:07","date_gmt":"2025-09-12T04:26:07","guid":{"rendered":"https:\/\/www.europesays.com\/es\/109281\/"},"modified":"2025-09-12T04:26:07","modified_gmt":"2025-09-12T04:26:07","slug":"decenas-de-miles-de-soldados-y-el-potente-misil-oreshnik-asi-son-las-maniobras-con-las-que-rusia-desafia-a-la-otan-este-viernes-internacional","status":"publish","type":"post","link":"https:\/\/www.europesays.com\/es\/109281\/","title":{"rendered":"Decenas de miles de soldados y el potente misil Or\u00e9shnik: as\u00ed son las maniobras con las que Rusia desaf\u00eda a la OTAN este viernes | Internacional"},"content":{"rendered":"<p class=\"\">Un gran contingente de las Fuerzas Armadas rusas ya est\u00e1 desplegado en Bielorrusia, a las puertas de Europa, para entrenar desde este viernes una guerra abierta contra la OTAN. El ejercicio Zapad 2025 incluir\u00e1 la puesta a punto del <a href=\"https:\/\/elpais.com\/internacional\/2024-11-23\/oreshnik-el-misil-balistico-modificado-por-rusia-que-incumple-el-malogrado-tratado-nuclear-con-ee-uu.html\" target=\"_blank\" rel=\"noreferrer nofollow noopener\" title=\"https:\/\/elpais.com\/internacional\/2024-11-23\/oreshnik-el-misil-balistico-modificado-por-rusia-que-incumple-el-malogrado-tratado-nuclear-con-ee-uu.html\">misil bal\u00edstico Or\u00e9shnik<\/a>, mucho m\u00e1s peligroso que los drones con los que Mosc\u00fa <a href=\"https:\/\/elpais.com\/internacional\/2025-09-10\/polonia-y-varios-aliados-activan-sus-aviones-caza-ante-una-ofensiva-rusa-con-drones-en-ucrania.html\" target=\"_blank\" rel=\"noreferrer nofollow noopener\" title=\"https:\/\/elpais.com\/internacional\/2025-09-10\/polonia-y-varios-aliados-activan-sus-aviones-caza-ante-una-ofensiva-rusa-con-drones-en-ucrania.html\">tante\u00f3 este mi\u00e9rcoles las defensas de la Alianza Atl\u00e1ntica<\/a> en Polonia. El Kremlin asegura que estas maniobras no est\u00e1n dirigidas contra nadie, lo mismo que manten\u00eda hace cuatro a\u00f1os, cuando traslad\u00f3 a Bielorrusia <a href=\"https:\/\/elpais.com\/internacional\/2022-02-24\/putin-ordena-una-operacion-militar-en-ucrania.html\" target=\"_blank\" rel=\"noreferrer nofollow noopener\" title=\"https:\/\/elpais.com\/internacional\/2022-02-24\/putin-ordena-una-operacion-militar-en-ucrania.html\">las fuerzas que intentaron asaltar Kiev<\/a>. Mientras, la propaganda rusa celebra las debilidades que, seg\u00fan su narrativa, demostraron Polonia y sus aliados ante un ataque sorpresa.<\/p>\n<p class=\"\">Rusia y Bielorrusia llevan a cabo cada a\u00f1o varios tipos de maniobras conjuntas. Las Zapad, organizadas cada cuatro a\u00f1os desde 2009, son especiales. En las \u00faltimas, <a href=\"https:\/\/elpais.com\/internacional\/2021-09-09\/rusia-y-bielorrusia-buscan-estrechar-lazos-economicos-en-pleno-aislamiento-internacional-de-lukashenko.html\" target=\"_blank\" rel=\"noreferrer nofollow noopener\" title=\"https:\/\/elpais.com\/internacional\/2021-09-09\/rusia-y-bielorrusia-buscan-estrechar-lazos-economicos-en-pleno-aislamiento-internacional-de-lukashenko.html\">celebradas en septiembre de 2021<\/a>, Washington fue finalmente consciente de que la invasi\u00f3n de Ucrania era inminente. \u201cFue entonces cuando nos dimos cuenta de que era extra\u00f1o, su escala y alcance eran mucho mayores que la anterior edici\u00f3n\u201d, reconocer\u00eda tiempo despu\u00e9s a Politico el entonces jefe del Estado Mayor Conjunto estadounidense, Mark Milley. <\/p>\n<p class=\"\">En diciembre de aquel a\u00f1o los presidentes de Rusia, Vlad\u00edmir Putin, y Bielorrusia, Aleksandr Lukashenko, anunciaron otros ejercicios conjuntos in\u00e9ditos, <a href=\"https:\/\/elpais.com\/internacional\/2022-02-20\/rusia-alimenta-la-tension-al-anunciar-que-mantendra-sus-tropas-en-la-frontera-de-bielorrusia-con-ucrania.html\" target=\"_blank\" rel=\"nofollow noopener\" title=\"https:\/\/elpais.com\/internacional\/2022-02-20\/rusia-alimenta-la-tension-al-anunciar-que-mantendra-sus-tropas-en-la-frontera-de-bielorrusia-con-ucrania.html\">Resoluci\u00f3n Aliada<\/a>, para febrero de 2022. Mosc\u00fa prometi\u00f3 entonces a los l\u00edderes europeos que retirar\u00eda a sus tropas de Bielorrusia una vez acabaran las maniobras. El 24 de febrero de 2022, invadieron Ucrania desde aquel territorio en el camino m\u00e1s corto para tomar Kiev. <\/p>\n<p class=\"\">Los ejercicios Zapad 2025 durar\u00e1n del 12 al 16 de septiembre. Su dimensi\u00f3n real es secreta, aunque seg\u00fan el Ministerio de Defensa bielorruso, participar\u00e1n unos 13.000 militares, adem\u00e1s de decenas de aeronaves. No obstante, la inteligencia occidental sospecha que ser\u00e1n muchos m\u00e1s. El presidente de Ucrania, Volod\u00edmir Zelenski, ha advertido del despliegue de \u201chasta 150.000 militares\u201d en suelo bielorruso. Como precedente, Mosc\u00fa anunci\u00f3 12.800 combatientes \u201cactivos\u201d en Zapad 2021, pero luego reconoci\u00f3 que el contingente rond\u00f3 los 200.000 militares, supuestamente involucrados en otras tareas que nunca lleg\u00f3 a especificar. <\/p>\n<p class=\"\">En respuesta a la creciente tensi\u00f3n, Polonia y Letonia cerrar\u00e1n su espacio a\u00e9reo a lo largo de sus fronteras con Rusia y Bielorrusia, y Varsovia reforzar\u00e1 su presencia militar con el despliegue de 40.000 soldados durante las maniobras.<\/p>\n<p class=\"\">El alto mando ruso observar\u00e1 con atenci\u00f3n el desempe\u00f1o en estas maniobras de sus Tropas de Misiles de Designaci\u00f3n Estrat\u00e9gica: las fuerzas nucleares del Kremlin. El ministro de Defensa bielorruso, V\u00edktor Jrenin, adelant\u00f3 en agosto que tendr\u00eda especial protagonismo el misil bal\u00edstico Or\u00e9shnik. Putin <a href=\"https:\/\/elpais.com\/internacional\/2024-11-21\/rusia-lanza-un-misil-intercontinental-sobre-ucrania-segun-las-autoridades-de-kiev.html\" target=\"_blank\" rel=\"noreferrer nofollow noopener\" title=\"https:\/\/elpais.com\/internacional\/2024-11-21\/rusia-lanza-un-misil-intercontinental-sobre-ucrania-segun-las-autoridades-de-kiev.html\">prob\u00f3 su nueva arma contra Ucrania<\/a> en diciembre de 2024 y amenaz\u00f3 con atacar sistem\u00e1ticamente con ella los centros pol\u00edticos y de mando de su rival. <\/p>\n<p class=\"\">Aunque la inteligencia occidental duda sobre la capacidad de Mosc\u00fa para producir en masa <a href=\"https:\/\/elpais.com\/internacional\/2024-11-23\/oreshnik-el-misil-balistico-modificado-por-rusia-que-incumple-el-malogrado-tratado-nuclear-con-ee-uu.html\" target=\"_blank\" rel=\"noreferrer nofollow noopener\" title=\"https:\/\/elpais.com\/internacional\/2024-11-23\/oreshnik-el-misil-balistico-modificado-por-rusia-que-incumple-el-malogrado-tratado-nuclear-con-ee-uu.html\">esta modificaci\u00f3n del misil intercontinental RS-26 Rubezh<\/a>, el Or\u00e9shnik supone una nueva amenaza para Europa. Su dise\u00f1o le permite golpear a distancias m\u00e1s cortas que el Rubezh, lo que hace unos a\u00f1os supondr\u00eda incumplir el Tratado sobre Fuerzas Nucleares de Rango Intermedio (INF, por sus siglas en ingl\u00e9s), abandonado tanto por Estados Unidos (en 2019) como por Rusia (el pasado agosto). Con un alcance de 2.000 a 5.000 kil\u00f3metros y capaz de portar ojivas nucleares o explosivos convencionales, su proyectil podr\u00eda caer a una velocidad de Match 10, unos 12.300 kil\u00f3metros por hora, en cualquier ciudad de la Uni\u00f3n Europea.<\/p>\n<p class=\"\">Los drones que volaron sobre Polonia este mi\u00e9rcoles alcanzan los 190 kil\u00f3metros por hora y Varsovia afirma que derrib\u00f3 al menos 3 de los 19 que penetraron en su espacio a\u00e9reo. Ucrania, que recibe a diario entre un centenar y m\u00e1s de medio millar de drones y misiles hipers\u00f3nicos, suele reportar tasas de intercepci\u00f3n de entre el 50% a casi el 100%.<\/p>\n<p class=\"\">Los medios del Kremlin y sus blogueros proguerra han celebrado discretamente lo que consideran un fracaso de la defensa antia\u00e9rea de la OTAN. Al mismo tiempo, para exculpar a Mosc\u00fa, sostienen que se trat\u00f3 de un ataque de Kiev de falsa bandera o un error provocado por las acciones de guerra electr\u00f3nica ucranias que pretenden desviar los drones y misiles rusos. <\/p>\n<p class=\"\">\u201cDe no ser por [el aviso de] los bielorrusos, los polacos podr\u00edan haber ignorado por completo el vuelo de los drones hacia su territorio\u201d, afirma el bloguero militar Alex\u00e1nder Kots, con m\u00e1s de medio mill\u00f3n de seguidores en Telegram. \u201cQu\u00e9 bien estar\u00eda que destruy\u00e9ramos el aer\u00f3dromo polaco de Rzesz\u00f3w <a href=\"https:\/\/elpais.com\/internacional\/2025-09-10\/el-bombardeo-israeli-contra-hamas-en-qatar-deja-en-el-aire-la-negociacion-por-la-tregua.html\" target=\"_self\" rel=\"nofollow noopener\" title=\"https:\/\/elpais.com\/internacional\/2025-09-10\/el-bombardeo-israeli-contra-hamas-en-qatar-deja-en-el-aire-la-negociacion-por-la-tregua.html\">como ha hecho Israel con Doha\u201d<\/a>, agrega.<\/p>\n<p class=\"\">Esta base a\u00e9rea polaca es un importante nudo log\u00edstico en la ayuda militar que Occidente env\u00eda a Ucrania. Seg\u00fan revelan el diario alem\u00e1n Bild y la revista Der Spiegel, varios drones rusos iban dirigidos a este aer\u00f3dromo.<\/p>\n<p>Putin intenta atraer a Lukashenko a la guerra<\/p>\n<p class=\"\">La percepci\u00f3n entre los analistas militares rusos es que <a href=\"https:\/\/elpais.com\/internacional\/2025-08-24\/no-es-ucrania-es-el-este-de-europa-la-ambicion-de-putin-amenaza-con-liquidar-las-conversaciones-de-paz.html\" target=\"_blank\" rel=\"noreferrer nofollow noopener\" title=\"https:\/\/elpais.com\/internacional\/2025-08-24\/no-es-ucrania-es-el-este-de-europa-la-ambicion-de-putin-amenaza-con-liquidar-las-conversaciones-de-paz.html\">un enfrentamiento con la OTAN es bastante factible en el futuro<\/a>. Una fuente pr\u00f3xima al Ministerio de Defensa ruso manifest\u00f3 a este peri\u00f3dico que Putin busca revertir los resultados de la Guerra Fr\u00eda y devolver a Rusia el estatus de \u201cgran potencia\u201d, con el objetivo maximalista de recuperar \u201csu propia esfera de influencia y el derecho a imponer condiciones\u201d en el este de Europa.<\/p>\n<p class=\"\">El secretario general de la OTAN, Mark Rutte, declar\u00f3 en junio que Rusia podr\u00eda estar preparada para una guerra con la OTAN en 2030. El Instituto Internacional de Estudios Estrat\u00e9gicos estima que ser\u00e1 una \u201camenaza militar significativa\u201d a partir de 2027.<\/p>\n<p class=\"\">Los ejercicios rusos Zapad tienen su antecedente en los Zapad sovi\u00e9ticos, que tambi\u00e9n involucraban a las rep\u00fablicas b\u00e1lticas y Ucrania, sometidas entonces al mandato de Mosc\u00fa. Las mayores maniobras tuvieron lugar en 1981 con unos 150.000 soldados del Pacto de Varsovia. En aquel entonces la OTAN sospechaba que los ejercicios eran una tapadera para invadir Polonia, sumida en protestas contra el r\u00e9gimen comunista, t\u00edtere del Kremlin.<\/p>\n<p class=\"\">Hoy Polonia, Estonia, Letonia y Lituania est\u00e1n protegidos por la OTAN, mientras que la dictadura de Lukashenko sobrevive sobre el alambre. <a href=\"https:\/\/elpais.com\/internacional\/2020-09-03\/lukashenko-afianza-en-plena-crisis-su-viraje-hacia-rusia.html\" target=\"_blank\" rel=\"noreferrer nofollow noopener\" title=\"https:\/\/elpais.com\/internacional\/2020-09-03\/lukashenko-afianza-en-plena-crisis-su-viraje-hacia-rusia.html\">Rescatado por Putin<\/a> de las protestas por fraude electoral de 2020, el r\u00e9gimen bielorruso facilit\u00f3 a Mosc\u00fa su territorio como plataforma para invadir Ucrania y ha concedido parte de su soberan\u00eda a Rusia bajo el Estado de la Uni\u00f3n, aunque ha logrado evitar hasta ahora tener que tomar parte activa en la guerra contra Ucrania.<\/p>\n<p class=\"\">Lukashenko, en el poder desde 1994, no quiere poner todos los huevos en la cesta de Putin. El dictador ha estrechado lazos con los Gobiernos de Joe Biden y Donald Trump en los dos \u00faltimos a\u00f1os con gui\u00f1os como la liberaci\u00f3n de decenas de presos pol\u00edticos. La \u00faltima tanda, este mismo jueves con la excarcelaci\u00f3n de 52 detenidos tras reunirse en Minsk con el representante de la Casa Blanca John Cole. <\/p>\n<p class=\"\">Entre los liberados figuran el pol\u00edtico Nikolai Statkevich y el fil\u00f3sofo Vlad\u00edmir Matskevich, adem\u00e1s de m\u00e1s de una decena de ciudadanos extranjeros. Algunos de los encarcelados llevaban m\u00e1s de una d\u00e9cada en prisi\u00f3n. Sin embargo, en el pa\u00eds a\u00fan quedan 1.177 presos pol\u00edticos, seg\u00fan el recuento de la ONG bielorrusa Viasn\u00e1, galardonada con el premio Nobel de la paz en 2022.<\/p>\n","protected":false},"excerpt":{"rendered":"Un gran contingente de las Fuerzas Armadas rusas ya est\u00e1 desplegado en Bielorrusia, a las puertas de Europa,&hellip;\n","protected":false},"author":2,"featured_media":109282,"comment_status":"","ping_status":"","sticky":false,"template":"","format":"standard","meta":{"footnotes":""},"categories":[42],"tags":[8738,31499,17,18,70,71,72,8232,700,13,14,69,7082,11,61,62,63,64,19,20,9,10,15,16,1613,7027,1614,12,7081,21,22,1617,65,66,67],"class_list":{"0":"post-109281","1":"post","2":"type-post","3":"status-publish","4":"format-standard","5":"has-post-thumbnail","7":"category-internacional","8":"tag-ataques-militares","9":"tag-bielorrusia","10":"tag-breaking-news","11":"tag-breakingnews","12":"tag-conflictos","13":"tag-conflictos-armados","14":"tag-conflictos-internacionales","15":"tag-drones","16":"tag-europa","17":"tag-featured-news","18":"tag-featurednews","19":"tag-guerra","20":"tag-guerra-de-rusia-en-ucrania","21":"tag-headlines","22":"tag-internacional","23":"tag-international","24":"tag-international-news","25":"tag-internationalnews","26":"tag-latest-news","27":"tag-latestnews","28":"tag-news","29":"tag-noticias","30":"tag-noticias-destacadas","31":"tag-noticiasdestacadas","32":"tag-otan","33":"tag-polonia","34":"tag-rusia","35":"tag-titulares","36":"tag-ucrania","37":"tag-ultimas-noticias","38":"tag-ultimasnoticias","39":"tag-union-europea","40":"tag-world","41":"tag-world-news","42":"tag-worldnews"},"share_on_mastodon":{"url":"","error":""},"_links":{"self":[{"href":"https:\/\/www.europesays.com\/es\/wp-json\/wp\/v2\/posts\/109281","targetHints":{"allow":["GET"]}}],"collection":[{"href":"https:\/\/www.europesays.com\/es\/wp-json\/wp\/v2\/posts"}],"about":[{"href":"https:\/\/www.europesays.com\/es\/wp-json\/wp\/v2\/types\/post"}],"author":[{"embeddable":true,"href":"https:\/\/www.europesays.com\/es\/wp-json\/wp\/v2\/users\/2"}],"replies":[{"embeddable":true,"href":"https:\/\/www.europesays.com\/es\/wp-json\/wp\/v2\/comments?post=109281"}],"version-history":[{"count":0,"href":"https:\/\/www.europesays.com\/es\/wp-json\/wp\/v2\/posts\/109281\/revisions"}],"wp:featuredmedia":[{"embeddable":true,"href":"https:\/\/www.europesays.com\/es\/wp-json\/wp\/v2\/media\/109282"}],"wp:attachment":[{"href":"https:\/\/www.europesays.com\/es\/wp-json\/wp\/v2\/media?parent=109281"}],"wp:term":[{"taxonomy":"category","embeddable":true,"href":"https:\/\/www.europesays.com\/es\/wp-json\/wp\/v2\/categories?post=109281"},{"taxonomy":"post_tag","embeddable":true,"href":"https:\/\/www.europesays.com\/es\/wp-json\/wp\/v2\/tags?post=109281"}],"curies":[{"name":"wp","href":"https:\/\/api.w.org\/{rel}","templated":true}]}}