{"id":109304,"date":"2025-09-12T04:43:11","date_gmt":"2025-09-12T04:43:11","guid":{"rendered":"https:\/\/www.europesays.com\/es\/109304\/"},"modified":"2025-09-12T04:43:11","modified_gmt":"2025-09-12T04:43:11","slug":"el-msm-proyecta-este-viernes-el-documental-cicatrices-negras-de-daniel-cuellas","status":"publish","type":"post","link":"https:\/\/www.europesays.com\/es\/109304\/","title":{"rendered":"El MSM proyecta este viernes el documental \u2018Cicatrices negras\u2019, de Daniel Cuellas"},"content":{"rendered":"<p class=\"paragraph\">El Museo de la Siderurgia y la Miner\u00eda de Castilla y Le\u00f3n, con sede en Sabero proyecta este viernes, a las 18.00 horas, el documental &#8216;Cicatrices negras&#8217;, documental dirigido por Daniel Cuellas de Paz y que recuerda el impacto del cierre de las minas en las cuencas de El Bierzo y Laciana.<\/p>\n<p class=\"paragraph\">El documental, que tiene una duraci\u00f3n de 95 minutos, busca dar voz a quienes vivieron esta realidad, mostrando las huellas que el carb\u00f3n ha dejado en la vida y cultura de la zona.<\/p>\n<p class=\"paragraph\">La miner\u00eda ha sido el eje vertebrador del desarrollo econ\u00f3mico y social de estas comarcas durante siglos. Sin embargo, el proceso de transici\u00f3n energ\u00e9tica y el cierre de las minas han supuesto un duro golpe para la regi\u00f3n, que ha visto c\u00f3mo su esplendor econ\u00f3mico y cultural se desvanece al mismo tiempo que su patrimonio minero desaparece.<\/p>\n<p class=\"paragraph\">&#8216;Cicatrices Negras&#8217; recoge testimonios de quienes trabajaron en las minas, as\u00ed como de aquellos que, desde fuera, han sido testigos del auge y declive de esta industria.<\/p>\n<p class=\"paragraph\">Daniel Cuellas de Paz, director del documental, cuenta con una formaci\u00f3n destacada en el \u00e1mbito audiovisual. Ha realizado el Grado de Realizaci\u00f3n de Proyectos Audiovisuales y Espect\u00e1culos en el C.I.F.P.<\/p>\n<p class=\"paragraph\">Rodr\u00edguez Fabr\u00e9s de Salamanca, adem\u00e1s de haberse diplomado y posteriormente cursado un m\u00e1ster en Direcci\u00f3n de Cine en el Instituto del Cine de Madrid. Su experiencia profesional incluye trabajos como t\u00e9cnico de postproducci\u00f3n y operador de c\u00e1mara en Akenat\u00f3n Multimedia y en Radio Televisi\u00f3n de Castilla y Le\u00f3n. Actualmente, sigue vinculado al Instituto del Cine de Madrid, donde trabaja como t\u00e9cnico de postproducci\u00f3n y operador de c\u00e1mara.<br \/>\nLa actividad tendr\u00e1 lugar este viernes a las 18.00 horas, con inscripci\u00f3n<\/p>\n","protected":false},"excerpt":{"rendered":"El Museo de la Siderurgia y la Miner\u00eda de Castilla y Le\u00f3n, con sede en Sabero proyecta este&hellip;\n","protected":false},"author":2,"featured_media":109305,"comment_status":"","ping_status":"","sticky":false,"template":"","format":"standard","meta":{"footnotes":""},"categories":[169],"tags":[3590,177,5197,146,147,25,24,176,12179,175,37550,37551,23],"class_list":{"0":"post-109304","1":"post","2":"type-post","3":"status-publish","4":"format-standard","5":"has-post-thumbnail","7":"category-cine","8":"tag-castilla-y-leon","9":"tag-cine","10":"tag-documentales","11":"tag-entertainment","12":"tag-entretenimiento","13":"tag-es","14":"tag-espana","15":"tag-film","16":"tag-mineria","17":"tag-movies","18":"tag-museo-de-siderurgia-y-mineria-de-castilla-y-leon","19":"tag-sabero","20":"tag-spain"},"share_on_mastodon":{"url":"","error":""},"_links":{"self":[{"href":"https:\/\/www.europesays.com\/es\/wp-json\/wp\/v2\/posts\/109304","targetHints":{"allow":["GET"]}}],"collection":[{"href":"https:\/\/www.europesays.com\/es\/wp-json\/wp\/v2\/posts"}],"about":[{"href":"https:\/\/www.europesays.com\/es\/wp-json\/wp\/v2\/types\/post"}],"author":[{"embeddable":true,"href":"https:\/\/www.europesays.com\/es\/wp-json\/wp\/v2\/users\/2"}],"replies":[{"embeddable":true,"href":"https:\/\/www.europesays.com\/es\/wp-json\/wp\/v2\/comments?post=109304"}],"version-history":[{"count":0,"href":"https:\/\/www.europesays.com\/es\/wp-json\/wp\/v2\/posts\/109304\/revisions"}],"wp:featuredmedia":[{"embeddable":true,"href":"https:\/\/www.europesays.com\/es\/wp-json\/wp\/v2\/media\/109305"}],"wp:attachment":[{"href":"https:\/\/www.europesays.com\/es\/wp-json\/wp\/v2\/media?parent=109304"}],"wp:term":[{"taxonomy":"category","embeddable":true,"href":"https:\/\/www.europesays.com\/es\/wp-json\/wp\/v2\/categories?post=109304"},{"taxonomy":"post_tag","embeddable":true,"href":"https:\/\/www.europesays.com\/es\/wp-json\/wp\/v2\/tags?post=109304"}],"curies":[{"name":"wp","href":"https:\/\/api.w.org\/{rel}","templated":true}]}}