{"id":109306,"date":"2025-09-12T04:45:15","date_gmt":"2025-09-12T04:45:15","guid":{"rendered":"https:\/\/www.europesays.com\/es\/109306\/"},"modified":"2025-09-12T04:45:15","modified_gmt":"2025-09-12T04:45:15","slug":"la-migrana-frena-a-los-enfermos-su-vida-cotidiana","status":"publish","type":"post","link":"https:\/\/www.europesays.com\/es\/109306\/","title":{"rendered":"La migra\u00f1a frena a los enfermos su vida cotidiana"},"content":{"rendered":"<p>\t\t\t\t\t<a href=\"https:\/\/www.facebook.com\/adolfo.fernandezalonso\" target=\"_blank\" aria-label=\"banneradolfo-min\" rel=\"nofollow noopener\"><img fetchpriority=\"high\" decoding=\"async\" src=\"https:\/\/www.europesays.com\/es\/wp-content\/uploads\/2025\/07\/banneradolfo-min.gif\" alt=\"\" width=\"620\" height=\"100\"\/><\/a><\/p>\n<p><strong>El 71% de las personas que padecen migra\u00f1a desear\u00edan poder realizar actividades cotidianas sin dolor ni limitaciones (trabajar, estudiar, salir con amigos, hacer deporte, descansar, tener energ\u00eda\u2026), seg\u00fan se desprende de una encuesta elaborada por la Asociaci\u00f3n Espa\u00f1ola de Migra\u00f1a y Cefalea (AEMICE).\u00a0<\/strong><\/p>\n<p><a href=\"https:\/\/www.europesays.com\/es\/wp-content\/uploads\/2025\/09\/dolor-cabeza-pixabay.jpg\"><img loading=\"lazy\" decoding=\"async\" width=\"747\" height=\"426\" src=\"https:\/\/www.europesays.com\/es\/wp-content\/uploads\/2025\/09\/dolor-cabeza-pixabay.jpg\" alt=\"\" class=\"wp-image-37401\"  \/><\/a><\/p>\n<p>Por ello, la Asociaci\u00f3n pone en marcha la campa\u00f1a \u2018Deseos Extraordinarios\u2019, coincidiendo con el D\u00eda Internacional de Acci\u00f3n contra la Migra\u00f1a, que se celebra este viernes d\u00eda 12 de septiembre, cuya informaci\u00f3n estar\u00e1 disponible en la web:\u00a0<a href=\"http:\/\/www.dolordecabeza.net\/deseosextraordinarios\" target=\"_blank\" rel=\"noreferrer noopener nofollow\">www.dolordecabeza.net\/deseosextraordinarios<\/a>.<\/p>\n<p>Se calcula que en Espa\u00f1a hay cinco millones de personas afectadas por esta enfermedad neurol\u00f3gica, siendo la inmensa mayor\u00eda mujeres (ocho de cada 10 casos). Se caracteriza por episodios de dolor que pueden durar hasta tres d\u00edas y que suelen ir acompa\u00f1ados de otros s\u00edntomas como, por ejemplo, hipersensibilidad a la luz, al ruido, a los olores, n\u00e1useas o aura, entre otros muchos. Casi 1,5 millones de personas con migra\u00f1a sufren m\u00e1s de 15 d\u00edas de migra\u00f1a al mes (lo que se conoce como migra\u00f1a cr\u00f3nica).<\/p>\n<p><a href=\"https:\/\/www.celiacosmancha.org\/\" target=\"_blank\" aria-label=\"CELIACOS MANCHA 620X100\" rel=\"nofollow noopener\"><img loading=\"lazy\" decoding=\"async\" src=\"https:\/\/www.europesays.com\/es\/wp-content\/uploads\/2025\/07\/CELIACOS-MANCHA-620X100.gif\" alt=\"\" width=\"620\" height=\"100\"\/><\/a><\/p>\n<p>La enfermedad, como enfatiza\u00a0<strong>Isabel Colomina, presidenta de AEMICE<\/strong>, no es s\u00f3lo un dolor de cabeza. Es una enfermedad neurol\u00f3gica que impacta en cada rinc\u00f3n de la vida. As\u00ed lo han reflejado los resultados obtenidos en la encuesta realizada a 888 personas con migra\u00f1a en el marco de la campa\u00f1a \u2018Deseos Extraordinarios\u2019 de AEMICE; con el fin de conocer qu\u00e9 pedir\u00edan estos pacientes como deseo extraordinario, excluyendo el deseo de \u2018no tener migra\u00f1a\u2019.<\/p>\n<p>Qu\u00e9 querr\u00edan hacer<\/p>\n<p>El 71 % (627 personas) de los encuestados formularon como deseo extraordinario poder realizar actividades cotidianas sin dolor ni limitaciones; mientras que solo el 10 % (93 personas) pidieron deseos m\u00e1s gen\u00e9ricos o sociales, como ganar la loter\u00eda, comprar una casa o salud para toda la familia. As\u00ed, las personas que viven con migra\u00f1a han compartido su deseo de poder jugar con sus hijos en el parque \u00absin tener que volverme a casa por el dolor\u00bb, ir al cine como antes \u00absin miedo a que el ruido o las luces me provoquen una crisis\u00bb o \u00abpoder ir al trabajo sin tener que elegir entre forzarme o dar explicaciones que nadie entiende.\u00bb Los resultados, como subraya Colomina, \u00abevidencian c\u00f3mo actividades cotidianas que para la mayor\u00eda de la poblaci\u00f3n son normales, para quienes conviven con migra\u00f1a se convierten en un deseo extraordinario\u00bb.<\/p>\n<p><a href=\"https:\/\/usicam.es\/\" target=\"_blank\" aria-label=\"USICAM 620X100\" rel=\"nofollow noopener\"><img loading=\"lazy\" decoding=\"async\" src=\"https:\/\/www.europesays.com\/es\/wp-content\/uploads\/2025\/07\/USICAM-620X100.gif\" alt=\"\" width=\"620\" height=\"100\"\/><\/a><\/p>\n<p>El objetivo de la campa\u00f1a, como explica la presidenta de la Asociaci\u00f3n, es triple. Por un lado, se busca concienciar a la sociedad sobre el impacto real de la migra\u00f1a m\u00e1s all\u00e1 del dolor f\u00edsico, poniendo el foco en las limitaciones invisibles que impone y en c\u00f3mo condiciona decisiones, momentos y relaciones. El otro gran foco es romper el estigma que a\u00fan rodea a la migra\u00f1a, mostrando que no se trata de una simple molestia pasajera, sino de una enfermedad neurol\u00f3gica con un alto impacto en la calidad de vida.<\/p>\n<p>Finalmente, como manifiesta Colomina, se quiere invitar a la comprensi\u00f3n: \u00abMostrar que la banalizaci\u00f3n en muchas ocasiones surge del desconocimiento, y que solo con informaci\u00f3n y empat\u00eda podremos construir una sociedad que acompa\u00f1e, escuche y respete a quienes la sufren\u00bb.<\/p>\n","protected":false},"excerpt":{"rendered":"El 71% de las personas que padecen migra\u00f1a desear\u00edan poder realizar actividades cotidianas sin dolor ni limitaciones (trabajar,&hellip;\n","protected":false},"author":2,"featured_media":109307,"comment_status":"","ping_status":"","sticky":false,"template":"","format":"standard","meta":{"footnotes":""},"categories":[92],"tags":[37139,25,24,165,36766,166,1811,23],"class_list":{"0":"post-109306","1":"post","2":"type-post","3":"status-publish","4":"format-standard","5":"has-post-thumbnail","7":"category-salud","8":"tag-asociacion-espanola-de-migrana-y-cefalea","9":"tag-es","10":"tag-espana","11":"tag-health","12":"tag-migrana","13":"tag-salud","14":"tag-sanidad","15":"tag-spain"},"share_on_mastodon":{"url":"","error":""},"_links":{"self":[{"href":"https:\/\/www.europesays.com\/es\/wp-json\/wp\/v2\/posts\/109306","targetHints":{"allow":["GET"]}}],"collection":[{"href":"https:\/\/www.europesays.com\/es\/wp-json\/wp\/v2\/posts"}],"about":[{"href":"https:\/\/www.europesays.com\/es\/wp-json\/wp\/v2\/types\/post"}],"author":[{"embeddable":true,"href":"https:\/\/www.europesays.com\/es\/wp-json\/wp\/v2\/users\/2"}],"replies":[{"embeddable":true,"href":"https:\/\/www.europesays.com\/es\/wp-json\/wp\/v2\/comments?post=109306"}],"version-history":[{"count":0,"href":"https:\/\/www.europesays.com\/es\/wp-json\/wp\/v2\/posts\/109306\/revisions"}],"wp:featuredmedia":[{"embeddable":true,"href":"https:\/\/www.europesays.com\/es\/wp-json\/wp\/v2\/media\/109307"}],"wp:attachment":[{"href":"https:\/\/www.europesays.com\/es\/wp-json\/wp\/v2\/media?parent=109306"}],"wp:term":[{"taxonomy":"category","embeddable":true,"href":"https:\/\/www.europesays.com\/es\/wp-json\/wp\/v2\/categories?post=109306"},{"taxonomy":"post_tag","embeddable":true,"href":"https:\/\/www.europesays.com\/es\/wp-json\/wp\/v2\/tags?post=109306"}],"curies":[{"name":"wp","href":"https:\/\/api.w.org\/{rel}","templated":true}]}}