{"id":109310,"date":"2025-09-12T04:47:11","date_gmt":"2025-09-12T04:47:11","guid":{"rendered":"https:\/\/www.europesays.com\/es\/109310\/"},"modified":"2025-09-12T04:47:11","modified_gmt":"2025-09-12T04:47:11","slug":"ya-no-podras-escaquearte-todos-sabran-que-leiste-el-mensaje","status":"publish","type":"post","link":"https:\/\/www.europesays.com\/es\/109310\/","title":{"rendered":"ya no podr\u00e1s escaquearte, todos sabr\u00e1n que le\u00edste el mensaje"},"content":{"rendered":"<p><strong>WhatsApp<\/strong> quiere unificar la experiencia de lectura de mensajes en la aplicaci\u00f3n, con la intenci\u00f3n de que los recibos de lectura azules est\u00e9n presentes en todos los temas del chat en dispositivos m\u00f3viles.<\/p>\n<p>Como bien sabes, hasta ahora la aplicaci\u00f3n permit\u00eda a los usuarios personalizar sus conversaciones con distintos temas y colores. Sin embargo, hab\u00eda un detalle que generaba confusi\u00f3n, y es que los recibos de lectura no siempre eran azules.<\/p>\n<p>En algunos temas, <a href=\"https:\/\/computerhoy.20minutos.es\/apps\/whatsapp-como-funciona-herramientas-importantes-comparativa-telegram-1402111\" title=\"Qu\u00e9 es WhatsApp: c\u00f3mo funciona, herramientas m\u00e1s importantes y comparativa con Telegram\" rel=\"nofollow noopener\" target=\"_blank\">WhatsApp<\/a> hab\u00eda optado por mostrar el doble check en blanco para garantizar contraste con el fondo.<\/p>\n<p>El cambio buscaba as\u00ed mejorar la accesibilidad visual, asegurando que estos checks destacaran frente al fondo.<\/p>\n<p><img alt=\"Cambio radical en WhatsApp: ya no podr\u00e1s escaquearte, todos sabr\u00e1n que le\u00edste el mensaje\" loading=\"lazy\" width=\"847\" height=\"792\" decoding=\"async\" data-nimg=\"1\" class=\"embed-image_image__UfA0I\" style=\"color:transparent\"   src=\"https:\/\/www.europesays.com\/es\/wp-content\/uploads\/2025\/09\/cambio-radical-whatsapp-ya-no-podras-escaquearte-todos-sabran-leiste-mensaje-4361663.jpg\"\/><\/p>\n<p>Wabetainfo<\/p>\n<p>Sin embargo, los usuarios ten\u00edan dificultades para distinguir entre el check gris de mensaje entregado y el check blanco de mensaje le\u00eddo, dado que la diferencia era demasiado sutil.<\/p>\n<p>Ante las quejas, WhatsApp <a href=\"https:\/\/wabetainfo.com\/whatsapp-is-rolling-out-blue-read-receipts-for-all-chat-themes-on-android-and-ios\/\" target=\"_blank\" rel=\"nofollow noopener\">ha decidido<\/a> volver a su cl\u00e1sico distintivo azul en estos temas personalizados.<\/p>\n<p>Este cambio no afecta a la personalizaci\u00f3n est\u00e9tica de los temas, pero s\u00ed refuerza la claridad del sistema de confirmaci\u00f3n de lectura.<\/p>\n<p>As\u00ed que, con este regreso al contraste de gris y azul,<strong> para los usuarios ser\u00e1 m\u00e1s f\u00e1cil identificar r\u00e1pidamente si su mensaje ha sido le\u00eddo<\/strong>.<\/p>\n<p>De momento, esta funci\u00f3n est\u00e1 disponible para un grupo reducido de usuarios beta, pero si todo funciona bien, deber\u00eda llegar a absolutamente todos los usuarios durante las pr\u00f3ximas semanas.<\/p>\n<p>Conoce <a href=\"https:\/\/computerhoy.20minutos.es\/como-trabajamos\" title=\"&quot;C\u00f3mo trabajamos en ComputerHoy&quot;\" target=\"_blank\" rel=\"nofollow noopener\">c\u00f3mo trabajamos<\/a> en ComputerHoy.<\/p>\n<p class=\"more-info_p__isR8T\">Etiquetas: <a href=\"https:\/\/computerhoy.20minutos.es\/tags\/apps\" rel=\"nofollow noopener\" target=\"_blank\">Apps<\/a>, <a href=\"https:\/\/computerhoy.20minutos.es\/tags\/whatsapp\" rel=\"nofollow noopener\" target=\"_blank\">WhatsApp<\/a><\/p>\n","protected":false},"excerpt":{"rendered":"WhatsApp quiere unificar la experiencia de lectura de mensajes en la aplicaci\u00f3n, con la intenci\u00f3n de que los&hellip;\n","protected":false},"author":2,"featured_media":109311,"comment_status":"","ping_status":"","sticky":false,"template":"","format":"standard","meta":{"footnotes":""},"categories":[81],"tags":[119,123,124,25,24,117,121,122,23,118,120],"class_list":{"0":"post-109310","1":"post","2":"type-post","3":"status-publish","4":"format-standard","5":"has-post-thumbnail","7":"category-ciencia-y-tecnologia","8":"tag-ciencia","9":"tag-ciencia-y-tecnologia","10":"tag-cienciaytecnologia","11":"tag-es","12":"tag-espana","13":"tag-science","14":"tag-science-and-technology","15":"tag-scienceandtechnology","16":"tag-spain","17":"tag-technology","18":"tag-tecnologia"},"share_on_mastodon":{"url":"","error":""},"_links":{"self":[{"href":"https:\/\/www.europesays.com\/es\/wp-json\/wp\/v2\/posts\/109310","targetHints":{"allow":["GET"]}}],"collection":[{"href":"https:\/\/www.europesays.com\/es\/wp-json\/wp\/v2\/posts"}],"about":[{"href":"https:\/\/www.europesays.com\/es\/wp-json\/wp\/v2\/types\/post"}],"author":[{"embeddable":true,"href":"https:\/\/www.europesays.com\/es\/wp-json\/wp\/v2\/users\/2"}],"replies":[{"embeddable":true,"href":"https:\/\/www.europesays.com\/es\/wp-json\/wp\/v2\/comments?post=109310"}],"version-history":[{"count":0,"href":"https:\/\/www.europesays.com\/es\/wp-json\/wp\/v2\/posts\/109310\/revisions"}],"wp:featuredmedia":[{"embeddable":true,"href":"https:\/\/www.europesays.com\/es\/wp-json\/wp\/v2\/media\/109311"}],"wp:attachment":[{"href":"https:\/\/www.europesays.com\/es\/wp-json\/wp\/v2\/media?parent=109310"}],"wp:term":[{"taxonomy":"category","embeddable":true,"href":"https:\/\/www.europesays.com\/es\/wp-json\/wp\/v2\/categories?post=109310"},{"taxonomy":"post_tag","embeddable":true,"href":"https:\/\/www.europesays.com\/es\/wp-json\/wp\/v2\/tags?post=109310"}],"curies":[{"name":"wp","href":"https:\/\/api.w.org\/{rel}","templated":true}]}}