{"id":109320,"date":"2025-09-12T04:56:10","date_gmt":"2025-09-12T04:56:10","guid":{"rendered":"https:\/\/www.europesays.com\/es\/109320\/"},"modified":"2025-09-12T04:56:10","modified_gmt":"2025-09-12T04:56:10","slug":"djokovic-considerado-traidor-por-el-gobierno-de-serbia-se-muda-a-grecia-junto-a-su-familia-tenis","status":"publish","type":"post","link":"https:\/\/www.europesays.com\/es\/109320\/","title":{"rendered":"Djokovic, considerado \u00abtraidor\u00bb por el gobierno de Serbia, se muda a Grecia junto a su familia | Tenis"},"content":{"rendered":"<p>Novak Djokovic se muda a Atenas. El tenista serbio, junto a su familia, ha decidido instalarse de forma permanente en la capital griega despu\u00e9s de ser considerado \u00abtraidor\u00bb por el presidente de Serbia, Aleksandar Vucic, tras apoyar las protestas estudiantiles contra el gobierno y criticar a sus medios afines.<\/p>\n<p>El desencuentro entre el deportista y el gobierno de Serbia subi\u00f3 de tensi\u00f3n cuando los medios y personas cercanas al presidente Aleksandar Vucic lo tacharan de \u00abtraidor\u00bb por respaldar las protestas estudiantiles que demandan nuevas elecciones en el pa\u00eds balc\u00e1nico. <\/p>\n<p>Desde noviembre del a\u00f1o pasado, los estudiantes lideran unas manifestaciones multitudinarias contra la corrupci\u00f3n y en favor del Estado de derecho, surgidas tras el colapso de una marquesina en una estaci\u00f3n de trenes en Novi Sad, en noviembre pasado, que dej\u00f3 16 muertos. Sobre esta tragedia, Djokovic se pronunci\u00f3 a mediados de diciembre pasado y despu\u00e9s, en enero, dedic\u00f3 una de sus victorias a una estudiante que durante unas protestas fue atropellada por un coche y termin\u00f3 en el hospital con heridas.<\/p>\n<p>El 15 de marzo pasado, cuando unas 300.000 personas salieron a las calles de Belgrado para protestar contra el gobierno de Vucic, el tenista comparti\u00f3 fotos de la marcha en Instagram y agreg\u00f3: \u00ab\u00a1Hist\u00f3rico, magn\u00edfico!\u00bb. <\/p>\n<p>As\u00ed ser\u00e1 su vida en Grecia<\/p>\n<p>El serbio solicitar\u00e1 el denominado visado dorado, un permiso de residencia permanente en Grecia para ciudadanos no comunitarios a cambio de una inversi\u00f3n considerable, seg\u00fan medios locales. De hecho, el tenista se ha reunido recientemente en dos ocasiones con el primer ministro griego, el conservador Kyriakos Mitsotakis, la \u00faltima vez en agosto en la isla griega de Tinos.<\/p>\n<p>Su objetivo es dirigir una academia de tenis en Atenas y hacer tambi\u00e9n all\u00ed su propio entrenamiento el club de Tatoi, situado cerca de las fincas de la exfamilia real griega, parece ser el que el lugar elegido por el serbio, tal y como inform\u00f3 Proto Thema. <\/p>\n<p>El tenista con m\u00e1s t\u00edtulos del Grand Slam en la historia (24) ya se ha mudado a su nueva casa en Glyfada, un exclusivo barrio costero en el sur de Atenas, y ha inscrito a sus dos hijos, de 11 y 8 a\u00f1os, en una escuela privada donde empezar\u00e1n el nuevo curso este mismo jueves, seg\u00fan inform\u00f3 el portal griego Proto Thema. <\/p>\n<p>El deportista serbio, de 38 a\u00f1os, ha sido visto haciendo compras con su hijo mayor en tiendas y comercios de Glyfada, y muchos de los lugare\u00f1os le piden aut\u00f3grafos y fotos, seg\u00fan im\u00e1genes publicadas este mi\u00e9rcoles en la prensa griega. Hasta ha tenido tiempo de probar incluso las pistas de tenis griegas. Djokovic, que cay\u00f3 eliminado del US Open en las semifinales ante Alcaraz, entren\u00f3 este martes junto con su hijo en el club de Kavouri, situado muy cerca de su nuevo hogar frente a una conocida playa a las afueras de la capital.<\/p>\n<p>La estrella del deporte mundial se espera que acuda este fin de semana al estadio de tenis OAKA, en Atenas, donde Grecia se enfrentar\u00e1 a Brasil en la Copa Davis, con el equipo griego liderado por Stefanos Tsitsipas. Nole ha declarado tambi\u00e9n que competir\u00e1 en el torneo ATP 250 que se disputar\u00e1 en el OAKA entre el 2 y el 8 de noviembre pr\u00f3ximo.<\/p>\n","protected":false},"excerpt":{"rendered":"Novak Djokovic se muda a Atenas. El tenista serbio, junto a su familia, ha decidido instalarse de forma&hellip;\n","protected":false},"author":2,"featured_media":109321,"comment_status":"","ping_status":"","sticky":false,"template":"","format":"standard","meta":{"footnotes":""},"categories":[274],"tags":[7026,28727,168,25,24,23,167,327,326,541],"class_list":{"0":"post-109320","1":"post","2":"type-post","3":"status-publish","4":"format-standard","5":"has-post-thumbnail","7":"category-tenis","8":"tag-competition","9":"tag-court","10":"tag-deportes","11":"tag-es","12":"tag-espana","13":"tag-spain","14":"tag-sports","15":"tag-tenis","16":"tag-tennis","17":"tag-us-open"},"share_on_mastodon":{"url":"","error":""},"_links":{"self":[{"href":"https:\/\/www.europesays.com\/es\/wp-json\/wp\/v2\/posts\/109320","targetHints":{"allow":["GET"]}}],"collection":[{"href":"https:\/\/www.europesays.com\/es\/wp-json\/wp\/v2\/posts"}],"about":[{"href":"https:\/\/www.europesays.com\/es\/wp-json\/wp\/v2\/types\/post"}],"author":[{"embeddable":true,"href":"https:\/\/www.europesays.com\/es\/wp-json\/wp\/v2\/users\/2"}],"replies":[{"embeddable":true,"href":"https:\/\/www.europesays.com\/es\/wp-json\/wp\/v2\/comments?post=109320"}],"version-history":[{"count":0,"href":"https:\/\/www.europesays.com\/es\/wp-json\/wp\/v2\/posts\/109320\/revisions"}],"wp:featuredmedia":[{"embeddable":true,"href":"https:\/\/www.europesays.com\/es\/wp-json\/wp\/v2\/media\/109321"}],"wp:attachment":[{"href":"https:\/\/www.europesays.com\/es\/wp-json\/wp\/v2\/media?parent=109320"}],"wp:term":[{"taxonomy":"category","embeddable":true,"href":"https:\/\/www.europesays.com\/es\/wp-json\/wp\/v2\/categories?post=109320"},{"taxonomy":"post_tag","embeddable":true,"href":"https:\/\/www.europesays.com\/es\/wp-json\/wp\/v2\/tags?post=109320"}],"curies":[{"name":"wp","href":"https:\/\/api.w.org\/{rel}","templated":true}]}}