{"id":109326,"date":"2025-09-12T04:59:08","date_gmt":"2025-09-12T04:59:08","guid":{"rendered":"https:\/\/www.europesays.com\/es\/109326\/"},"modified":"2025-09-12T04:59:08","modified_gmt":"2025-09-12T04:59:08","slug":"palestinarekin-elkartasuna-llama-a-movilizarse-contra-el-regreso-a-gasteiz-de-maccabi-y-hapoel-baloncesto","status":"publish","type":"post","link":"https:\/\/www.europesays.com\/es\/109326\/","title":{"rendered":"Palestinarekin Elkartasuna llama a movilizarse contra el regreso a Gasteiz de Maccabi y Hapoel | Baloncesto"},"content":{"rendered":"<p>        <img decoding=\"async\" alt=\"Manifestaci\u00f3n contra la presencia del Maccabi del pasado mes de feberero, organizada por la Plataforma Palestinarekin Elkartasuna.\" height=\"446\" loading=\"lazy\"  src=\"https:\/\/www.europesays.com\/es\/wp-content\/uploads\/2025\/09\/Baskonia.jpg\"  width=\"709\"\/>Manifestaci\u00f3n contra la presencia del Maccabi del pasado mes de feberero, organizada por la Plataforma Palestinarekin Elkartasuna. (Ra\u00fal BOGAJO | FOKU)<\/p>\n<p><a href=\"https:\/\/www.naiz.eus\/eu\/info\/noticia\/20250910\/el-diputado-general-de-araba-ramiro-gonzalez-pide-a-la-euroliga-que-expulse-a-maccabi-y-hapoel\" rel=\"nofollow noopener\" target=\"_blank\">El diputado general de Araba Ramiro Gonz\u00e1lez ped\u00eda el martes a la Euroliga<\/a> que los equipos israel\u00edes Maccabi y Hapoel de Tel Aviv sean expulsados de la competici\u00f3n europea. Como es sabido, est\u00e1 previsto que estos dos equipos jueguen en Gasteiz contra el Baskonia en primavera: el 27 de marzo contra el Hapoel y el 7 de abril frente al Maccabi.<\/p>\n<p>La Plataforma Palestinarekin Elkartasuna, impulsora de las protestas en las \u00faltimas visitas del Maccabi a Gasteiz, entre ellas un manifiesto que tuvo un amplio apoyo de instituciones, clubes deportivos y deportistas a t\u00edtulo individual, ha considerado mediante un comunicado que \u00abesta petici\u00f3n responde a un c\u00e1lculo pol\u00edtico, y no a una posici\u00f3n \u00e9tica\u00bb.<\/p>\n<p>Y es que, si se revisan las adhesiones al manifiesto de Paleastinarekin Elkartasuna, la Diputaci\u00f3n de Araba, con Ramiro Gonz\u00e1lez al frente, brilla por su ausencia. As\u00ed las cosas, el comunicado de la Plataforma indica que \u00abde hecho, cuando el Maccabi jug\u00f3 en Vitoria el curso pasado, la Diputaci\u00f3n no tom\u00f3 ning\u00fan tipo de medida\u00bb.<\/p>\n<p>Un hecho que tiene su importancia, toda vez que, por ejemplo, la Diputaci\u00f3n es el due\u00f1o del Buesa Arena y ni ha cerrado el pabell\u00f3n ante la visita del cuadro macabeo ni ha dejado de colaborar ante las dotaciones de seguridad que la visita del Maccabi ha movilizado en cada ocasi\u00f3n.<\/p>\n<p>\u00abRamiro Gonz\u00e1lez se ha visto obligado a hacer estas declaraciones impulsado por la gran movilizaci\u00f3n popular que tuvo lugar el curso pasado contra el Maccabi y las recientes protesta en la Vuelta\u00bb.<\/p>\n<p>Asimismo, a trav\u00e9s de sus redes sociales, esta organizaci\u00f3n ha recordado la \u00abcriminalizaci\u00f3n de las protestas\u00bb que ha llegado por parte del Gobierno de Lakua.<\/p>\n<p>As\u00ed las cosas, la Plataforma Palestinarekin Elkartasuna concluye que \u00abno permitir\u00e1 ning\u00fan lavado de cara de Israel, tampoco a trav\u00e9s del deporte. Es por ello que llama a movilizarse este a\u00f1o tambi\u00e9n contra la participaci\u00f3n del Maccabi y del Hapoel\u00bb.<\/p>\n<p><strong>Un pa\u00eds sin sanciones<\/strong><\/p>\n<p>Cabe recordar tambi\u00e9n la respuesta del director deportivo de Saski Baskonia F\u00e9lix Fern\u00e1ndez, a este respecto., aline\u00e1ndose con la posici\u00f3n de la Euroliga, que \u00abpermite que estos equipos jueguen\u00bb. En este punto, apostillaba que el Maccabi \u00abes adem\u00e1s accionista\u00bb.<\/p>\n<p>Tambi\u00e9n es propietario de la m\u00e1xima competici\u00f3n del baloncesto continental el CSKA de Mosc\u00fa y fue expulsado de la competici\u00f3n en 2022 tras la invasi\u00f3n de Ucrania, sin fecha de regreso prevista. Ante este hecho, Fern\u00e1ndez ha explicado que la diferencia radica en que \u00aba nivel mundial se tom\u00f3 una decisi\u00f3n con los rusos, pero con los israel\u00edes no se ha dado el caso\u00bb.<\/p>\n<p>\u00abCondenamos cualquier violencia, pero si la Euroliga no recibe un input directo, siguen participando. Esa es la situaci\u00f3n\u00bb. Y al final ah\u00ed est\u00e1 el meollo de la cuesti\u00f3n: al ser Israel un pa\u00eds que no est\u00e1 sometido a ninguna sanci\u00f3n, dif\u00edcilmente ser\u00e1 expulsado de competici\u00f3n alguna, al tiempo que las exclusiones a nivel deportivo de Rusia y Bielorrusia est\u00e1n dentro de los \u00abpaquetes sancionadores\u00bb impuestos sobre estos dos pa\u00edses, al igual de lo que sucediera en su d\u00eda con la Sud\u00e1frica del apartheid.<\/p>\n<p><strong>Mamadi Diakite<\/strong><\/p>\n<p>En lo que concierne al apartado deportivo, Saski Baskonia sigue con sus presentaciones y este jueves ha sido el turno de Mamadi Diakite. En su primera experiencia en el baloncesto FIBA, el jugador de pasaporte de Guinea Conakri llega a Gasteiz con un contrato por dos temporadas, y agradecido ha prometido \u00abdarlo todo\u00bb a un club y \u00abuna ciudad que lo da todo tambi\u00e9n\u00bb.<\/p>\n<p>\u00abTengo unos compa\u00f1eros fant\u00e1sticos que trabajan muy duro y que adoran ganar, porque todos ellos odian perder\u00bb, ha indicado este ala-p\u00edvot de 2,06 metros y 28 a\u00f1os, que ha defendido la camiseta de la selecci\u00f3n guineana en el reciente Afrobasket.<\/p>\n<p>\u00abSoy un jugador al que su entrenador en la Universidad de Virginia le ense\u00f1\u00f3 a ser lo m\u00e1s vers\u00e1til posible para ofrecer lo que el equipo necesita en cada momento. Si hay que defender al mejor jugador rival, puedo hacerlo; puedo jugar de p\u00edvot en un contexto de \u2018small ball\u2019, tambi\u00e9n he llegado a jugar de ala-p\u00edvot, e incluso de alero, para darle espacio y amplitud a la cancha. All\u00e1 donde me pongan en la cancha, me adaptar\u00e9, y creo que causar\u00e9 impacte as\u00ed en ataque como en defensa\u00bb, ha declarado el nuevo jugador de un Saski Baskonia que afronta este viernes su segundo amistoso de pretemporada.<\/p>\n<p>Despu\u00e9s del duelo a puerta cerrada disputado la pasada semana frente a Gipuzkoa Basket, los gasteiztarras se enfrentan al rec\u00e9n ascendido San Pablo Burgos en el Coliseum de la capital castellana, a partir de las 19.30, un duelo que se podr\u00e1 ver v\u00eda streaming del canal de Youtube del Baskonia.<\/p>\n<p>\n      Todo sobre<br \/>\n      <a href=\"https:\/\/www.naiz.eus\/es\/info_sek\/euroliga-2025-2026\" rel=\"nofollow noopener\" target=\"_blank\">Euroliga 2025-2026<\/a>\n    <\/p>\n","protected":false},"excerpt":{"rendered":"Manifestaci\u00f3n contra la presencia del Maccabi del pasado mes de feberero, organizada por la Plataforma Palestinarekin Elkartasuna. (Ra\u00fal&hellip;\n","protected":false},"author":2,"featured_media":109327,"comment_status":"","ping_status":"","sticky":false,"template":"","format":"standard","meta":{"footnotes":""},"categories":[269],"tags":[299,298,19913,168,37553,25,24,3934,36978,8500,15139,37554,37552,2596,23,167,1511],"class_list":{"0":"post-109326","1":"post","2":"type-post","3":"status-publish","4":"format-standard","5":"has-post-thumbnail","7":"category-baloncesto","8":"tag-baloncesto","9":"tag-basketball","10":"tag-contra","11":"tag-deportes","12":"tag-elkartasuna","13":"tag-es","14":"tag-espana","15":"tag-gasteiz","16":"tag-hapoel","17":"tag-llama","18":"tag-maccabi","19":"tag-movilizarse","20":"tag-palestinarekin","21":"tag-regreso","22":"tag-spain","23":"tag-sports","24":"tag-y"},"share_on_mastodon":{"url":"","error":""},"_links":{"self":[{"href":"https:\/\/www.europesays.com\/es\/wp-json\/wp\/v2\/posts\/109326","targetHints":{"allow":["GET"]}}],"collection":[{"href":"https:\/\/www.europesays.com\/es\/wp-json\/wp\/v2\/posts"}],"about":[{"href":"https:\/\/www.europesays.com\/es\/wp-json\/wp\/v2\/types\/post"}],"author":[{"embeddable":true,"href":"https:\/\/www.europesays.com\/es\/wp-json\/wp\/v2\/users\/2"}],"replies":[{"embeddable":true,"href":"https:\/\/www.europesays.com\/es\/wp-json\/wp\/v2\/comments?post=109326"}],"version-history":[{"count":0,"href":"https:\/\/www.europesays.com\/es\/wp-json\/wp\/v2\/posts\/109326\/revisions"}],"wp:featuredmedia":[{"embeddable":true,"href":"https:\/\/www.europesays.com\/es\/wp-json\/wp\/v2\/media\/109327"}],"wp:attachment":[{"href":"https:\/\/www.europesays.com\/es\/wp-json\/wp\/v2\/media?parent=109326"}],"wp:term":[{"taxonomy":"category","embeddable":true,"href":"https:\/\/www.europesays.com\/es\/wp-json\/wp\/v2\/categories?post=109326"},{"taxonomy":"post_tag","embeddable":true,"href":"https:\/\/www.europesays.com\/es\/wp-json\/wp\/v2\/tags?post=109326"}],"curies":[{"name":"wp","href":"https:\/\/api.w.org\/{rel}","templated":true}]}}