{"id":109335,"date":"2025-09-12T05:04:09","date_gmt":"2025-09-12T05:04:09","guid":{"rendered":"https:\/\/www.europesays.com\/es\/109335\/"},"modified":"2025-09-12T05:04:09","modified_gmt":"2025-09-12T05:04:09","slug":"que-se-sabe-y-que-no-del-asesinato-del-influencer-conservador-de-ee-uu-charlie-kirk-el-pais-expres","status":"publish","type":"post","link":"https:\/\/www.europesays.com\/es\/109335\/","title":{"rendered":"Qu\u00e9 se sabe (y qu\u00e9 no) del asesinato del \u2018influencer\u2019 conservador de EE UU Charlie Kirk | El PA\u00cdS Expr\u00e9s"},"content":{"rendered":"<p><img fetchpriority=\"high\" alt=\"Charlie Kirk hands out hats before speaking at Utah Valley University in Orem, Utah, Wednesday, Sept. 10, 2025. (Tess Crowley\/The Deseret News via AP)\" decoding=\"auto\" class=\"_re  a_m-h\" height=\"414\"  width=\"414\"  src=\"https:\/\/www.europesays.com\/es\/wp-content\/uploads\/2025\/09\/ERPHXHPNDRADPNPE34M6IYOXM4.jpg\" loading=\"eager\"\/>Charlie Kirk hands out hats before speaking at Utah Valley University in Orem, Utah, Wednesday, Sept. 10, 2025. (Tess Crowley\/The Deseret News via AP)Foto: Tess Crowley (AP)<\/p>\n<p class=\"\">El comentarista y activista ultraconservador Charlie Kirk, de 31 a\u00f1os, gran aliado del presidente Donald Trump, fue asesinado de un disparo en el cuello este mi\u00e9rcoles en la universidad Utah Valley, en Estados Unidos. <\/p>\n<p class=\"\"><b>\u00bfQui\u00e9n era Kirk? <\/b>El activista fund\u00f3 a los 18 a\u00f1os Turning Point, una plataforma de acci\u00f3n pol\u00edtica que cuenta con m\u00e1s de 20 millones de seguidores en las redes.<\/p>\n<ul>\n<li>En poco m\u00e1s de una d\u00e9cada, se convirti\u00f3 en uno de los m\u00e1s influyentes activistas del movimiento Make America Great Again: defend\u00eda el papel tradicional de la mujer, las armas y condenaba el aborto. <\/li>\n<\/ul>\n<p class=\"\"><b>\u00bfQu\u00e9 hac\u00eda en la universidad? <\/b>Estaba de gira por centros de educaci\u00f3n superior para debatir con qui\u00e9n se le pusiera delante.<\/p>\n<ul>\n<li>En el momento del disparo, estaba discutiendo con un estudiante sobre la violencia armada en el pa\u00eds.<\/li>\n<\/ul>\n<p class=\"\"><b>\u00bfQu\u00e9 se sabe del asesino?<\/b> El FBI sigue buscando al sospechoso, que dispar\u00f3 con un \u201crifle de alta capacidad\u201d<b> <\/b>desde el techo de un edificio ubicado a 182 metros de distancia. El arma se encontr\u00f3 despu\u00e9s en un bosque cercano.<\/p>\n<ul>\n<li>En im\u00e1genes difundidas por el FBI se ve a un individuo joven que consideran como sospechoso con la cara tapada con unas gafas y una gorra.<\/li>\n<li>Las autoridades no descartan que fuera un estudiante del centr.<\/li>\n<\/ul>\n<p class=\"\">\u00a9Foto: Tess Crowley (AP)<\/p>\n<p class=\"\"><a href=\"https:\/\/elpais.com\/internacional\/2025-09-11\/el-fbi-desvela-que-el-asesino-del-activista-trumpista-charlie-kirk-uso-un-rifle-de-alta-capacidad.html\" target=\"_self\" rel=\"nofollow noopener\" title=\"https:\/\/elpais.com\/internacional\/2025-09-11\/el-fbi-desvela-que-el-asesino-del-activista-trumpista-charlie-kirk-uso-un-rifle-de-alta-capacidad.html\">Si quieres saber m\u00e1s, puedes leer aqu\u00ed.<\/a><\/p>\n","protected":false},"excerpt":{"rendered":"Charlie Kirk hands out hats before speaking at Utah Valley University in Orem, Utah, Wednesday, Sept. 10, 2025.&hellip;\n","protected":false},"author":2,"featured_media":109336,"comment_status":"","ping_status":"","sticky":false,"template":"","format":"standard","meta":{"footnotes":""},"categories":[171],"tags":[30101,1154,37536,352,146,147,25,24,629,2287,2183,23,8180,5223,214,2845,36814,432],"class_list":{"0":"post-109335","1":"post","2":"type-post","3":"status-publish","4":"format-standard","5":"has-post-thumbnail","7":"category-tv","8":"tag-armas-de-fuego","9":"tag-asesinatos","10":"tag-charlie-kirk","11":"tag-donald-trump","12":"tag-entertainment","13":"tag-entretenimiento","14":"tag-es","15":"tag-espana","16":"tag-estados-unidos","17":"tag-extrema-derecha","18":"tag-influencers","19":"tag-spain","20":"tag-tiroteos","21":"tag-tiroteos-en-estados-unidos","22":"tag-tv","23":"tag-universidad","24":"tag-utah","25":"tag-violencia"},"share_on_mastodon":{"url":"","error":""},"_links":{"self":[{"href":"https:\/\/www.europesays.com\/es\/wp-json\/wp\/v2\/posts\/109335","targetHints":{"allow":["GET"]}}],"collection":[{"href":"https:\/\/www.europesays.com\/es\/wp-json\/wp\/v2\/posts"}],"about":[{"href":"https:\/\/www.europesays.com\/es\/wp-json\/wp\/v2\/types\/post"}],"author":[{"embeddable":true,"href":"https:\/\/www.europesays.com\/es\/wp-json\/wp\/v2\/users\/2"}],"replies":[{"embeddable":true,"href":"https:\/\/www.europesays.com\/es\/wp-json\/wp\/v2\/comments?post=109335"}],"version-history":[{"count":0,"href":"https:\/\/www.europesays.com\/es\/wp-json\/wp\/v2\/posts\/109335\/revisions"}],"wp:featuredmedia":[{"embeddable":true,"href":"https:\/\/www.europesays.com\/es\/wp-json\/wp\/v2\/media\/109336"}],"wp:attachment":[{"href":"https:\/\/www.europesays.com\/es\/wp-json\/wp\/v2\/media?parent=109335"}],"wp:term":[{"taxonomy":"category","embeddable":true,"href":"https:\/\/www.europesays.com\/es\/wp-json\/wp\/v2\/categories?post=109335"},{"taxonomy":"post_tag","embeddable":true,"href":"https:\/\/www.europesays.com\/es\/wp-json\/wp\/v2\/tags?post=109335"}],"curies":[{"name":"wp","href":"https:\/\/api.w.org\/{rel}","templated":true}]}}