{"id":109339,"date":"2025-09-12T05:06:09","date_gmt":"2025-09-12T05:06:09","guid":{"rendered":"https:\/\/www.europesays.com\/es\/109339\/"},"modified":"2025-09-12T05:06:09","modified_gmt":"2025-09-12T05:06:09","slug":"chucky-humor-asesinatos-y-personajes-no-binarios-las-mil-vidas-de-muneco-diabolico-la-saga-de-terror-que-se-adelanto-a-todo-icon","status":"publish","type":"post","link":"https:\/\/www.europesays.com\/es\/109339\/","title":{"rendered":"Chucky: Humor, asesinatos y personajes no binarios: las mil vidas de \u2018Mu\u00f1eco diab\u00f3lico\u2019, la saga de terror que se adelant\u00f3 a todo | ICON"},"content":{"rendered":"<p class=\"\">Cuando solo ten\u00eda 8 a\u00f1os, Kyra Elise Gardner vio rodar la cabeza de su padre en la gran pantalla. La pel\u00edcula donde le decapitaban era <a href=\"https:\/\/elpais.com\/diario\/2004\/12\/05\/espectaculos\/1102201210_850215.html\" target=\"_blank\" rel=\"noreferrer nofollow noopener\" title=\"https:\/\/elpais.com\/diario\/2004\/12\/05\/espectaculos\/1102201210_850215.html\">La semilla de Chucky <\/a>(2004), la quinta y m\u00e1s estrafalaria entrega de Mu\u00f1eco diab\u00f3lico (1988). En ella, Tony Gardner, padre de Kyra, entr\u00f3 a trabajar como marionetista y dise\u00f1ador de los efectos especiales, un puesto que ha conservado en las siguientes secuelas y la reciente serie de televisi\u00f3n. Pero, dado el car\u00e1cter metacinematogr\u00e1fico de esa pel\u00edcula, adem\u00e1s aparec\u00eda tomando parte en el rodaje ficticio de una producci\u00f3n sobre los cr\u00edmenes de Chucky, donde su alter ego era degollado por el mu\u00f1eco y su novia cuando irrump\u00edan en el plat\u00f3. Aquella visi\u00f3n qued\u00f3 lejos de traumatizar a la ni\u00f1a. \u201cPara m\u00ed, Chucky era tan normal como una mascota o un familiar durante la infancia\u201d, declara Kyra Elisa Gardner a ICON. <\/p>\n<p class=\"\">La hija del reconocido artesano, con m\u00e1s de 40 a\u00f1os de carrera en el cine fant\u00e1stico y de terror, ha dirigido <a href=\"https:\/\/www.filmin.es\/pelicula\/viviendo-con-chucky\" target=\"_blank\" rel=\"noreferrer nofollow noopener\" title=\"https:\/\/www.filmin.es\/pelicula\/viviendo-con-chucky\">Viviendo con Chucky<\/a>, documental que acaba de estrenarse en Filmin y que aborda el legado de una de las franquicias m\u00e1s longevas del g\u00e9nero. Desde el \u00e9xito original de los ochenta, que contaba c\u00f3mo un asesino en serie acechaba a un ni\u00f1o y su madre tras lograr, mediante vud\u00fa, transferir su alma a un juguete, Mu\u00f1eco diab\u00f3lico ha tenido seis secuelas, <a href=\"https:\/\/elpais.com\/cultura\/2019\/06\/27\/actualidad\/1561591581_617548.html\" target=\"_blank\" rel=\"noreferrer nofollow noopener\" title=\"https:\/\/elpais.com\/cultura\/2019\/06\/27\/actualidad\/1561591581_617548.html\">un remake <\/a>y <a href=\"https:\/\/elpais.com\/television\/2021-10-16\/larga-vida-a-chucky-el-muneco-diabolico.html\" target=\"_blank\" rel=\"noreferrer nofollow noopener\" title=\"https:\/\/elpais.com\/television\/2021-10-16\/larga-vida-a-chucky-el-muneco-diabolico.html\">una serie de tres temporadas<\/a>, cancelada el pasado a\u00f1o. Su creador, Don Mancini, ha confirmado que est\u00e1 preparando otra pel\u00edcula. No han trascendido detalles, pero la franquicia, a lo largo del tiempo, ha exhibido una salud de hierro a la hora de retorcer su premisa, apuntar a horizontes nuevos y no repetirse. \u201cNo hay dos pel\u00edculas de Chucky iguales\u201d, dice a ICON Dustin McNeill, autor del libro <a href=\"https:\/\/www.harkerpress.com\/chucky\" target=\"_blank\" rel=\"noreferrer nofollow noopener\" title=\"https:\/\/www.harkerpress.com\/chucky\">Reign of Chucky <\/a>(2022, in\u00e9dito en Espa\u00f1a). \u201cClaramente, no solo Chucky y sus objetivos cambian, tambi\u00e9n el mundo que le rodea\u201d. <\/p>\n<p><img alt=\"Imagen promocional de la pel\u00edcula 'Mu\u00f1eco diab\u00f3lico', de 1988.\" decoding=\"auto\" class=\"_re lazyload a_m-v\" height=\"631\"  width=\"414\"  src=\"https:\/\/www.europesays.com\/es\/wp-content\/uploads\/2025\/09\/ESAPAH4U3ZAP5JSU2RPNCBISHU.jpg\" loading=\"lazy\"\/>Imagen promocional de la pel\u00edcula &#8216;Mu\u00f1eco diab\u00f3lico&#8217;, de 1988.Michael Ochs Archives (Getty Images)<\/p>\n<p class=\"\">El documental, que repasa la saga pel\u00edcula a pel\u00edcula, ilustra c\u00f3mo las pu\u00f1aladas de Chucky se han ido volviendo, tem\u00e1ticamente, m\u00e1s incisivas. Su primera entrega funcionaba como una sencilla historia en torno a los miedos de la maternidad, con una madre soltera sobrepasada por la ola de asesinatos que ten\u00eda a su hijo en el centro y, sobre todo, por la inquietud porque su v\u00e1stago fuese un psic\u00f3pata en potencia: no es f\u00e1cil creer a un menor que dice que su mu\u00f1eco ha matado a la ni\u00f1era. Despu\u00e9s, bajo capas de humor y autoconsciencia, los sucesivos episodios han acumulado s\u00e1tira pol\u00edtica, comentarios sociales y un fuerte trasfondo sexual. <\/p>\n<p class=\"\">\u201c<a href=\"https:\/\/elpais.com\/icon\/2023-11-19\/breve-historia-de-godzilla-el-monstruo-que-ha-servido-para-defender-casi-todas-las-causas-justas.html\" target=\"_blank\" rel=\"noreferrer nofollow noopener\" title=\"https:\/\/elpais.com\/icon\/2023-11-19\/breve-historia-de-godzilla-el-monstruo-que-ha-servido-para-defender-casi-todas-las-causas-justas.html\">Godzilla <\/a>no follaba, Frankenstein no se hac\u00eda pajas, los monstruos no ten\u00edan vida sexual. Pero Chucky s\u00ed, cuando La novia de Chucky [1998, la cuarta] introdujo el sexo\u201d, celebra en el documental John Waters, director que tambi\u00e9n obtuvo su cameo \u2013con muerte incluida\u2013 en La semilla de Chucky. Waters, autor de cl\u00e1sicos transgresores y LGTBIQ+ como Pink Flamingos (1972), no mor\u00eda asesinado por el villano en la pel\u00edcula de 2004, sino por su hije, Glen\/Glenda, un mu\u00f1eco de g\u00e9nero fluido. \u201cFue le primer ni\u00f1e trans, aunque fuese un mu\u00f1eco, en representarse en el cine\u201d, reivindica a c\u00e1mara la actriz Jennifer Tilly (int\u00e9rprete de Tiffany, la novia de Chucky y madre de Glen\/Glenda), que destaca c\u00f3mo Mancini, cineasta homosexual, ha introducido paulatinamente personajes queer en la narraci\u00f3n. \u201cEn el marco de mi misi\u00f3n por hacer la saga cada vez m\u00e1s gay, abordamos este tema en una pel\u00edcula para la que quiz\u00e1s el p\u00fablico no estaba preparado\u201d, admite Mancini en el documental. <\/p>\n<p><img alt=\"El recordado cameo de John Waters en 'La semilla de Chucky' (2003). \" decoding=\"auto\" class=\"_re lazyload a_m-h\" height=\"276\"  width=\"414\"  src=\"https:\/\/www.europesays.com\/es\/wp-content\/uploads\/2025\/09\/NZ2UGDN4JBDURMDD2D3YQN43LI.jpg\" loading=\"lazy\"\/>El recordado cameo de John Waters en &#8216;La semilla de Chucky&#8217; (2003). Rolf Konow (Getty Images)<\/p>\n<p class=\"\">\u201cSe pueden encontrar subtextos significativos en la forma en que Chucky y Tiffany reaccionan y aceptan (o no) la situaci\u00f3n de Glen\/Glenda\u201d, opina el escritor Dustin McNeill. \u201cA pesar de todo el humor y la exageraci\u00f3n, creo que La semilla de Chucky consegu\u00eda tejer un drama familiar interesante a partir de una situaci\u00f3n que probablemente no se diferencie mucho de la vida real. Al fin y al cabo, la transformaci\u00f3n es uno de los temas m\u00e1s importantes de la franquicia, ya sea de humano a mu\u00f1eco o de mu\u00f1eco masculino a mu\u00f1eco femenino\u201d. Bautizado en homenaje al director de serie B Ed Wood, que se travest\u00eda (<a href=\"https:\/\/www.washingtonpost.com\/archive\/lifestyle\/1994\/10\/07\/ed-wood-its-a-wrap\/0ec53a42-e1a7-4e43-b2da-3dc0a10d50b9\/\" target=\"_blank\" rel=\"noreferrer nofollow noopener\" title=\"https:\/\/www.washingtonpost.com\/archive\/lifestyle\/1994\/10\/07\/ed-wood-its-a-wrap\/0ec53a42-e1a7-4e43-b2da-3dc0a10d50b9\/\">confes\u00f3 haber luchado en la Segunda Guerra Mundial con ropa interior femenina bajo su uniforme militar<\/a>) y que explor\u00f3 de forma pionera las dudas sobre su identidad de g\u00e9nero en la pel\u00edcula <a href=\"https:\/\/brightlightsfilm.com\/glen-or-glenda-psychiatry-sexuality-and-the-silver-screen\/\" target=\"_blank\" rel=\"noreferrer nofollow noopener\" title=\"https:\/\/brightlightsfilm.com\/glen-or-glenda-psychiatry-sexuality-and-the-silver-screen\/\">Glen o Glenda <\/a>(1953), el personaje encapsula como pocos la evoluci\u00f3n y naturaleza cambiante de Mu\u00f1eco diab\u00f3lico. <\/p>\n<p>La gran familia del terror <\/p>\n<p class=\"\">Desde peque\u00f1a, Kyra Elise Gardner tuvo que asumir que su padre desapareciera peri\u00f3dicamente durante varias semanas, cada vez que le surg\u00eda un proyecto. El marionetista y dise\u00f1ador de efectos especiales expresa en el documental, de hecho, su preocupaci\u00f3n durante esos rodajes por estar perdi\u00e9ndose la infancia de su hija. Chucky era su peculiar nexo de uni\u00f3n. Uno de los aspectos m\u00e1s llamativos de Viviendo con Chucky es, justamente, el retrato que hace del equipo de la saga como trabajadores con vidas similares a las de los artistas de circo cl\u00e1sicos, familias alternativas que conviven m\u00e1s que con sus familias biol\u00f3gicas, cuando no, directamente, se entremezclan. <\/p>\n<p><img alt=\"Catherine Hicks y Alex Vincent en una escena de 'Mu\u00f1eco diab\u00f3lico'. \" decoding=\"auto\" class=\"_re lazyload a_m-h\" height=\"279\"  width=\"414\"  src=\"https:\/\/www.europesays.com\/es\/wp-content\/uploads\/2025\/09\/FAFDYJK4WJAL7PB2EQMIOYBIBU.jpg\" loading=\"lazy\"\/>Catherine Hicks y Alex Vincent en una escena de &#8216;Mu\u00f1eco diab\u00f3lico&#8217;. Michael Ochs Archives (Getty Images)<\/p>\n<p class=\"\">Al seguir todas las secuelas una misma l\u00ednea argumental, se ha consolidado un personal creativo s\u00f3lido a lo largo de los a\u00f1os, con Don Mancini y el int\u00e9rprete Brad Dourif, voz del mu\u00f1eco, como cabezas visibles (unidas, felizmente, al torso). Desde la sexta pel\u00edcula, La maldici\u00f3n de Chucky (2013), Fiona Dourif, hija de Brad, forma parte del elenco e incluso ha interpretado a Chucky, que posee a su personaje en la s\u00e9ptima entrega y la serie. Alex Vincent y Christine Elise, los ni\u00f1os de los dos primeros largometrajes, se han reincorporado de adultos al reparto d\u00e9cadas despu\u00e9s. Las muertes tampoco implican que actores de los que el equipo se haya encari\u00f1ado desaparezcan, caso de Devon Sawa, que ha encarnado a cinco personajes distintos en Chucky (2021-24), o Michael Therriault, que lleva tres. <\/p>\n<p class=\"\">Para Gardner, la producci\u00f3n del documental y las entrevistas con los miembros de la saga fueron un modo de entrar en esa vida paralela de su padre, pero tambi\u00e9n de hablar de la comunidad alrededor de Mu\u00f1eco diab\u00f3lico, trabajadores, familias y, por supuesto, seguidores, con todo el romanticismo que envuelve este g\u00e9nero en concreto. \u201cLos equipos de rodaje de terror no solo comparten la experiencia de crear pel\u00edculas juntos, tambi\u00e9n est\u00e1n unidos a un p\u00fablico que aprecia m\u00e1s profundamente lo que supone hacer cine\u201d, dice la directora a ICON. \u201cSon aficionados que apoyan los soportes f\u00edsicos y, por tanto, ven m\u00e1s los making-offs de las pel\u00edculas, en comparaci\u00f3n con los seguidores de otros g\u00e9neros\u201d. <\/p>\n<p><img alt=\"Brad Dourif, la voz de Chucky en la versi\u00f3n original de las pel\u00edculas de la saga (excepto en su fallido 'remake').\" decoding=\"auto\" class=\"_re lazyload a_m-v\" height=\"570\"  width=\"414\"  src=\"https:\/\/www.europesays.com\/es\/wp-content\/uploads\/2025\/09\/2VBATVJ25RCA7NQVXHTACUPTHA.jpg\" loading=\"lazy\"\/>Brad Dourif, la voz de Chucky en la versi\u00f3n original de las pel\u00edculas de la saga (excepto en su fallido &#8216;remake&#8217;).Amy Graves (WireImage)<\/p>\n<p class=\"\">En este sentido, el documental homenajea el oficio de Tony Gardner y a los art\u00edfices de los efectos especiales artesanales. Aunque algunos nombres invitados a dar su testimonio resultan, a priori, extra\u00f1os, como el del creador de la serie de dibujos de Disney Phineas y Ferb (2007), la pel\u00edcula refleja el proceso de dar vida a Chucky como una forma de animaci\u00f3n en directo, con operarios coordin\u00e1ndose para efectuar sus gestos y movimientos. Una interpretaci\u00f3n colectiva en toda regla. \u201cBrad Dourif hace un trabajo fenomenal como la voz del personaje, pero Chucky est\u00e1 compuesto por hasta ocho personas diferentes haciendo cosas diferentes. Todos tienen que estar en sinton\u00eda o se rompe la ilusi\u00f3n, y Chucky entonces no parece un mu\u00f1eco que ha cobrado vida y puedes tocar\u201d, detalla Gardner. \u201cEn la serie, los marionetistas pudieron pasar m\u00e1s tiempo en el estudio con Brad y observar meticulosamente c\u00f3mo interpretaba las escenas, para imitar sus movimientos en la actuaci\u00f3n f\u00edsica de Chucky. Es una gran colaboraci\u00f3n que creo que no se valora lo suficiente\u201d. <\/p>\n<p>Cuerpo a cuerpo <\/p>\n<p class=\"\">La identidad secreta del mu\u00f1eco Chucky, como todo seguidor sabe, es la del asesino Charles Lee Ray. El nombre es el resultado de la fusi\u00f3n de los tres criminales que m\u00e1s miedo daban de ni\u00f1o a David Kirshner, productor de la saga: <a href=\"https:\/\/elpais.com\/icon\/2024-08-17\/las-incognitas-sobre-los-crimenes-de-manson-y-la-familia-mas-de-medio-siglo-despues-creo-lo-que-me-han-dicho-que-crea-tu-no.html\" target=\"_blank\" rel=\"noreferrer nofollow noopener\" title=\"https:\/\/elpais.com\/icon\/2024-08-17\/las-incognitas-sobre-los-crimenes-de-manson-y-la-familia-mas-de-medio-siglo-despues-creo-lo-que-me-han-dicho-que-crea-tu-no.html\">Charles Manson<\/a>, Lee Harvey Oswald (acusado de disparar al presidente Kennedy) y James Earl Ray (supremacista culpable del asesinato de Martin Luther King). En el remake de 2019, la idea de la posesi\u00f3n se desestim\u00f3 para convertir al mu\u00f1eco en un robot, cuyos protocolos de seguridad eran eliminados por un manufacturero explotado, en venganza contra su empresa. \u201cPersonalmente, el redise\u00f1o me pareci\u00f3 bastante horrible, ya que no consegu\u00eda captar nada de lo que hac\u00eda a los mu\u00f1ecos originales memorables o aterradores\u201d, dice a ICON el escritor Dustin McNeill. Aquella versi\u00f3n no cont\u00f3 con la aprobaci\u00f3n de Don Mancini, aunque s\u00ed de Tom Holland, director de la pel\u00edcula de 1988, que alab\u00f3 p\u00fablicamente la elecci\u00f3n de Mark Hamill como voz de Chucky. Mancini y Holland han sostenido durante d\u00e9cadas un enfrentamiento por la autor\u00eda de la saga. <\/p>\n<p><img alt=\"Don Mancini, creador de la saga 'Mu\u00f1eco diab\u00f3lico', y la actriz Fiona Dourif en 2017. \" decoding=\"auto\" class=\"_re lazyload a_m-v\" height=\"623\"  width=\"414\"  src=\"https:\/\/www.europesays.com\/es\/wp-content\/uploads\/2025\/09\/4EHE7JPUIZDQDJGOO47KKBCFVM.jpg\" loading=\"lazy\"\/>Don Mancini, creador de la saga &#8216;Mu\u00f1eco diab\u00f3lico&#8217;, y la actriz Fiona Dourif en 2017. Roy Rochlin (Getty Images)<\/p>\n<p class=\"\">\u201cMancini merece gran reconocimiento por la creaci\u00f3n de Chucky y su perdurabilidad, pero no podemos pasar por alto las enormes contribuciones de Tom Holland\u201d, explica McNeill. \u201cMancini escribi\u00f3 sobre un mu\u00f1eco asesino llamado Buddy, una extensi\u00f3n de la oscura psique de un ni\u00f1o peque\u00f1o que cobraba vida mientras dorm\u00eda. Holland cambi\u00f3 a Buddy por Chucky y reescribi\u00f3 la idea de Mancini, para convertirlo en un asesino moribundo que encierra su alma en un mu\u00f1eco. Es algo tan crucial para nuestra concepci\u00f3n de Chucky que es dudoso que se hubiera generado una franquicia sin su participaci\u00f3n\u201d. \u00bfDe d\u00f3nde vienen las rencillas, entonces? \u201cHolland nunca ha tenido reparos en atribuirse el m\u00e9rito del \u00e9xito de Mu\u00f1eco diab\u00f3lico, algo que ha molestado a Mancini y [al coguionista] John Lafia a lo largo de los a\u00f1os. Tambi\u00e9n intent\u00f3 borrar sus nombres de los cr\u00e9ditos, lo que provoc\u00f3 m\u00e1s rencor\u201d. <\/p>\n<p class=\"\">La serie Chucky ignora el remake y contin\u00faa la historia donde la dej\u00f3 El culto de Chucky (2017), \u00faltima secuela de Mancini. Lejos de tratarse de una variante suavizada para televisi\u00f3n, tiene las muertes m\u00e1s gr\u00e1ficas de la saga y tramas a\u00fan m\u00e1s radicales. El joven en cuyas manos cae ahora el mu\u00f1eco es un adolescente gay que sufre acoso escolar. Adem\u00e1s, vuelven los personajes y se respetan hasta los aspectos m\u00e1s exc\u00e9ntricos del canon: por ejemplo, Jennifer Tilly, que en la metaficcional quinta parte se interpretaba a s\u00ed misma siendo secuestrada y pose\u00edda por la mu\u00f1eca Tiffany (misma a la que pon\u00eda voz), sigue siendo en la serie \u201cla actriz Jennifer Tilly\u201d pose\u00edda por Tiffany. En una elaborada broma solo para el n\u00facleo duro de fans, incluso se dedica un cap\u00edtulo especial a la reuni\u00f3n del reparto de la pel\u00edcula m\u00e1s famosa de Tilly, Lazos ardientes (1996), el t\u00f3tem l\u00e9sbico de las hermanas Wachowski. <\/p>\n<p class=\"\">Su tercera temporada, que transcurr\u00eda en la Casa Blanca, conten\u00eda una pulla de Chucky a sus imitadores, con una escena en la que aparec\u00eda burl\u00e1ndose de otras pel\u00edculas con mu\u00f1ecos malvados, como <a href=\"https:\/\/elpais.com\/icon\/cultura\/2023-04-06\/osos-cocainomanos-y-tiburones-gigantes-negros-el-espiritu-de-la-serie-b-se-apodera-de-las-salas-comerciales.html\" target=\"_blank\" rel=\"noreferrer nofollow noopener\" title=\"https:\/\/elpais.com\/icon\/cultura\/2023-04-06\/osos-cocainomanos-y-tiburones-gigantes-negros-el-espiritu-de-la-serie-b-se-apodera-de-las-salas-comerciales.html\">M3GAN <\/a>(2022) o Silencio desde el mal (2007). El \u00fanico juguete que ha demostrado capacidad para hacerle sombra es Annabelle, de vuelta a las salas en el enorme \u00e9xito de taquilla Expediente Warren: El \u00faltimo rito y, tambi\u00e9n, de actualidad por <a href=\"https:\/\/people.com\/the-conjuring-last-rites-pays-tribute-late-paranormal-investigator-dan-rivera-11806743\" target=\"_blank\" rel=\"noreferrer nofollow noopener\" title=\"https:\/\/people.com\/the-conjuring-last-rites-pays-tribute-late-paranormal-investigator-dan-rivera-11806743\">la muerte s\u00fabita este verano, a los 54 a\u00f1os, del hombre que custodiaba el ejemplar aut\u00e9ntico<\/a>. Para ser justos, el antecedente del que todo juguete encantado bebe es un mu\u00f1eco vestido de marinero llamado Robert, de principios del siglo XX, el primero del que se dijo que estaba pose\u00eddo. Aunque no se le atribuyen muertes directas, <a href=\"https:\/\/www.atlasobscura.com\/articles\/story-behind-robert-the-doll\" target=\"_blank\" rel=\"noreferrer nofollow noopener\" title=\"https:\/\/www.atlasobscura.com\/articles\/story-behind-robert-the-doll\">el museo propietario<\/a>, en Florida (EE UU), lo vincula a rupturas de pareja e infidelidades. El famoso poder de seducci\u00f3n de todo buen mito. <\/p>\n","protected":false},"excerpt":{"rendered":"Cuando solo ten\u00eda 8 a\u00f1os, Kyra Elise Gardner vio rodar la cabeza de su padre en la gran&hellip;\n","protected":false},"author":2,"featured_media":109340,"comment_status":"","ping_status":"","sticky":false,"template":"","format":"standard","meta":{"footnotes":""},"categories":[169],"tags":[177,11365,20599,146,147,25,24,176,37558,37556,37557,562,175,23,807],"class_list":{"0":"post-109339","1":"post","2":"type-post","3":"status-publish","4":"format-standard","5":"has-post-thumbnail","7":"category-cine","8":"tag-cine","9":"tag-cine-terror","10":"tag-comunidad-lgtbiq","11":"tag-entertainment","12":"tag-entretenimiento","13":"tag-es","14":"tag-espana","15":"tag-film","16":"tag-godzilla","17":"tag-jennifer-tilly","18":"tag-john-waters","19":"tag-juguetes","20":"tag-movies","21":"tag-spain","22":"tag-television"},"share_on_mastodon":{"url":"","error":""},"_links":{"self":[{"href":"https:\/\/www.europesays.com\/es\/wp-json\/wp\/v2\/posts\/109339","targetHints":{"allow":["GET"]}}],"collection":[{"href":"https:\/\/www.europesays.com\/es\/wp-json\/wp\/v2\/posts"}],"about":[{"href":"https:\/\/www.europesays.com\/es\/wp-json\/wp\/v2\/types\/post"}],"author":[{"embeddable":true,"href":"https:\/\/www.europesays.com\/es\/wp-json\/wp\/v2\/users\/2"}],"replies":[{"embeddable":true,"href":"https:\/\/www.europesays.com\/es\/wp-json\/wp\/v2\/comments?post=109339"}],"version-history":[{"count":0,"href":"https:\/\/www.europesays.com\/es\/wp-json\/wp\/v2\/posts\/109339\/revisions"}],"wp:featuredmedia":[{"embeddable":true,"href":"https:\/\/www.europesays.com\/es\/wp-json\/wp\/v2\/media\/109340"}],"wp:attachment":[{"href":"https:\/\/www.europesays.com\/es\/wp-json\/wp\/v2\/media?parent=109339"}],"wp:term":[{"taxonomy":"category","embeddable":true,"href":"https:\/\/www.europesays.com\/es\/wp-json\/wp\/v2\/categories?post=109339"},{"taxonomy":"post_tag","embeddable":true,"href":"https:\/\/www.europesays.com\/es\/wp-json\/wp\/v2\/tags?post=109339"}],"curies":[{"name":"wp","href":"https:\/\/api.w.org\/{rel}","templated":true}]}}