{"id":109349,"date":"2025-09-12T05:12:09","date_gmt":"2025-09-12T05:12:09","guid":{"rendered":"https:\/\/www.europesays.com\/es\/109349\/"},"modified":"2025-09-12T05:12:09","modified_gmt":"2025-09-12T05:12:09","slug":"leon-xiv-a-los-carmelitas-ser-testigos-de-unidad-en-sociedades-fragmentadas","status":"publish","type":"post","link":"https:\/\/www.europesays.com\/es\/109349\/","title":{"rendered":"Le\u00f3n XIV a los Carmelitas: Ser testigos de unidad en sociedades fragmentadas"},"content":{"rendered":"<p>El Cap\u00edtulo General de la Orden se inaugur\u00f3, ayer, en Malang, Indonesia, al que el Papa envi\u00f3 un mensaje de aliento, dirigido al Prior General Padre M\u00ed\u010be\u00e1l O&#8217;Neill: cultivar un silencio que permita discernir los signos de los tiempos, en particular, a trav\u00e9s de la perspectiva de los pobres.&#13;\n<\/p>\n<p><b>Isabella H. de Carvalho \u2013 Ciudad del Vaticano\u00a0<\/b><\/p>\n<p>\u00abRezo para que el v\u00ednculo de la caridad en sus comunidades d\u00e9 testimonio del don de la unidad, especialmente en aquellos sectores de la sociedad fragmentados por la divisi\u00f3n y la polarizaci\u00f3n\u00bb. Con estas palabras, el Papa anim\u00f3 a los participantes en el Cap\u00edtulo General de la Orden Carmelita, en curso del 9 al 26 de septiembre, en Malang, Indonesia, en un\u00a0<a href=\"https:\/\/ocarm.org\/it\/2025-general-chapter\/2184-lettera-di-papa-leone-xiv-a-p-miceal-o-neill-o-carm\/file\" rel=\"external nofollow noopener\" target=\"_blank\">mensaje\u00a0<\/a>le\u00eddo, ayer, en la apertura del encuentro.<\/p>\n<p>En la carta, firmada el 5 de agosto y dirigida al Prior General, Padre M\u00ed\u010be\u00e1l O&#8217;Neill, el Pont\u00edfice destac\u00f3 c\u00f3mo el tema elegido para este encuentro \u2014\u00abNuestra Fraternidad Contemplativa Discierne su Misi\u00f3n\u00bb\u2014 refleja la esencia del carisma carmelita, ya que ilustra c\u00f3mo una vida de oraci\u00f3n compartida constituye el fundamento de su servicio a la Iglesia y al mundo.<\/p>\n<p>\u00abAl arraigarse en la oraci\u00f3n silenciosa y el cuidado mutuo\u00bb, instruy\u00f3 el Papa, \u00abcultivan una quietud que les permite discernir los signos de los tiempos, especialmente desde la perspectiva de los pobres, y responder con una silenciosa constancia de amor\u00bb.<\/p>\n<p>    <img decoding=\"async\" src=\"data:image\/gif;base64,R0lGODlhAQABAIAAAAAAAP\/\/\/yH5BAEAAAAALAAAAAABAAEAAAIBRAA7\" data-original=\"https:\/\/www.vaticannews.va\/content\/dam\/vaticannews\/multimedia\/2025\/settembre\/10\/22.jpg\/_jcr_content\/renditions\/cq5dam.thumbnail.cropped.750.422.jpeg\" alt=\"El Prior General lee la carta del Papa \" title=\"El Prior General lee la carta del Papa \"\/><\/p>\n<p>\n   El Prior General lee la carta del Papa \u00a0 (https:\/\/ocarm.org\/it\/)\n  <\/p>\n<p>Encarnar la mirada amorosa de Cristo a trav\u00e9s de las obras <\/p>\n<p>Le\u00f3n XIV cita la Regla Carmelita, que anima a \u00abhacer alg\u00fan trabajo\u00bb, y reitera c\u00f3mo esto \u00abtiene un profundo significado\u00bb en el ministerio de esta orden religiosa, pues invita a \u00abencarnar la mirada amorosa de Cristo, que abraza a cada persona con misericordia y ternura\u00bb. Ya sea \u00aba trav\u00e9s de la predicaci\u00f3n de retiros, la gu\u00eda espiritual, el trabajo parroquial o la educaci\u00f3n de los j\u00f3venes\u00bb, el Papa espera que los Carmelitas puedan ser modelos de caridad y unidad en un mundo a menudo plagado de tensiones y conflictos. Finalmente, el Papa encomienda el Cap\u00edtulo General a la intercesi\u00f3n de Nuestra Se\u00f1ora del Carmen, confiando en que este encuentro, celebrado durante el A\u00f1o Santo, se convierta en \u00abuna oportunidad de renovaci\u00f3n espiritual\u00bb.\u00a0<\/p>\n","protected":false},"excerpt":{"rendered":"El Cap\u00edtulo General de la Orden se inaugur\u00f3, ayer, en Malang, Indonesia, al que el Papa envi\u00f3 un&hellip;\n","protected":false},"author":2,"featured_media":109350,"comment_status":"","ping_status":"","sticky":false,"template":"","format":"standard","meta":{"footnotes":""},"categories":[42],"tags":[17,18,13,14,11,61,62,63,64,19,20,8079,9,10,15,16,12359,37561,400,492,12,21,22,37560,65,66,67],"class_list":{"0":"post-109349","1":"post","2":"type-post","3":"status-publish","4":"format-standard","5":"has-post-thumbnail","7":"category-internacional","8":"tag-breaking-news","9":"tag-breakingnews","10":"tag-featured-news","11":"tag-featurednews","12":"tag-headlines","13":"tag-internacional","14":"tag-international","15":"tag-international-news","16":"tag-internationalnews","17":"tag-latest-news","18":"tag-latestnews","19":"tag-mensaje","20":"tag-news","21":"tag-noticias","22":"tag-noticias-destacadas","23":"tag-noticiasdestacadas","24":"tag-oracion","25":"tag-ordenes-religiosas","26":"tag-papa-leon-xiv","27":"tag-sociedad","28":"tag-titulares","29":"tag-ultimas-noticias","30":"tag-ultimasnoticias","31":"tag-vida-consagrada","32":"tag-world","33":"tag-world-news","34":"tag-worldnews"},"share_on_mastodon":{"url":"","error":""},"_links":{"self":[{"href":"https:\/\/www.europesays.com\/es\/wp-json\/wp\/v2\/posts\/109349","targetHints":{"allow":["GET"]}}],"collection":[{"href":"https:\/\/www.europesays.com\/es\/wp-json\/wp\/v2\/posts"}],"about":[{"href":"https:\/\/www.europesays.com\/es\/wp-json\/wp\/v2\/types\/post"}],"author":[{"embeddable":true,"href":"https:\/\/www.europesays.com\/es\/wp-json\/wp\/v2\/users\/2"}],"replies":[{"embeddable":true,"href":"https:\/\/www.europesays.com\/es\/wp-json\/wp\/v2\/comments?post=109349"}],"version-history":[{"count":0,"href":"https:\/\/www.europesays.com\/es\/wp-json\/wp\/v2\/posts\/109349\/revisions"}],"wp:featuredmedia":[{"embeddable":true,"href":"https:\/\/www.europesays.com\/es\/wp-json\/wp\/v2\/media\/109350"}],"wp:attachment":[{"href":"https:\/\/www.europesays.com\/es\/wp-json\/wp\/v2\/media?parent=109349"}],"wp:term":[{"taxonomy":"category","embeddable":true,"href":"https:\/\/www.europesays.com\/es\/wp-json\/wp\/v2\/categories?post=109349"},{"taxonomy":"post_tag","embeddable":true,"href":"https:\/\/www.europesays.com\/es\/wp-json\/wp\/v2\/tags?post=109349"}],"curies":[{"name":"wp","href":"https:\/\/api.w.org\/{rel}","templated":true}]}}