{"id":109357,"date":"2025-09-12T05:19:08","date_gmt":"2025-09-12T05:19:08","guid":{"rendered":"https:\/\/www.europesays.com\/es\/109357\/"},"modified":"2025-09-12T05:19:08","modified_gmt":"2025-09-12T05:19:08","slug":"tsitsipas-de-vender-fotos-en-una-plataforma-de-pago-en-redes-a-odiarlas","status":"publish","type":"post","link":"https:\/\/www.europesays.com\/es\/109357\/","title":{"rendered":"Tsitsipas: de vender fotos en una plataforma de pago en redes a odiarlas"},"content":{"rendered":"<p><a href=\"https:\/\/www.libertaddigital.com\/personajes\/stefanos-tsitsipas\/\" rel=\"nofollow noopener\" target=\"_blank\"><strong>Stefanos Tsitsipas<\/strong><\/a> lleva varios meses muy lejos del rendimiento que se le presupone a un jugador de su calidad ten\u00edstica. Seg\u00fan su propia versi\u00f3n todo es por su cabeza que no est\u00e1 ni mucho menos al nivel de salud que \u00e9l querr\u00eda.<\/p>\n<p>Stefanos comenta que sus malas sensaciones llegaban nada m\u00e1s pisar la pista: \u00abEntrar a un partido y sentir molestias inmediatamente es algo que me destroza an\u00edmicamente. <strong>Llevo tiempo dedicando much\u00edsimo esfuerzo y trabajando incontables horas para recuperarme.<\/strong> Mentalmente, ver que no est\u00e1s en condiciones de competir despu\u00e9s de todo eso, me desestabiliza profundamente. He pasado por un trauma \u00faltimamente y no puedo prometer demasiado respecto a lo que pueda hacer en esta eliminatoria de Copa Davis\u00bb.<\/p>\n<p>&#13;<br \/>\n    Relacionado&#13;<br \/>\n    &#13;<\/p>\n<p>Uno de sus principales problemas de salud mental era el tiempo que pasaba con el m\u00f3vil:<strong> \u00abQuiero independizarme de las redes sociales,<\/strong> las emple\u00e9 como refugio para huir de todo el estr\u00e9s que he sentido por mi lesi\u00f3n y me vi a m\u00ed mismo pasando horas con el tel\u00e9fono m\u00f3vil, viendo v\u00eddeos. Alejarme de ellas es una cuesti\u00f3n de salud mental, quiero inspirar a otros j\u00f3venes a que tambi\u00e9n lo hagan\u00bb. Hay que recordar que en su momento, no hace mucho, Tsitsipas al igual que Paula Badosa, su ya ex pareja, ofrec\u00edan fotos a sus fans a trav\u00e9s de una plataforma de pago. Si quer\u00edas sus fotos m\u00e1s destacadas ten\u00edas que pagar. Ahora curiosamente el griego no quiere saber nada de las redes.<\/p>\n<p>El griego espera recuperarse, pero no promete nada en el futuro m\u00e1s inmediato: \u00abMe siento mejor f\u00edsicamente que hace dos o tres semanas. El US Open fue complicado para m\u00ed porque sal\u00ed a la cancha con muchas dudas de si podr\u00eda terminar mi primer partido. <strong>Experiment\u00e9 pensamientos muy negativos porque esperaba estar mucho mejor de la lesi\u00f3n de espalda. <\/strong>Con Altmaier necesit\u00e9 atenci\u00f3n m\u00e9dica en dos ocasiones y la verdad es que llevo semanas en las que me han sucedido muchas cosas desagradables de las cuales la gente no tiene ni idea\u00bb.<\/p>\n<p>Estas declaraciones han llegado ante los medios de comunicaci\u00f3n en la previa de su participaci\u00f3n en la Copa Davis con Grecia. <strong>Ah\u00ed se ver\u00e1 si ha recuperado parte de su confianza. <\/strong><\/p>\n","protected":false},"excerpt":{"rendered":"Stefanos Tsitsipas lleva varios meses muy lejos del rendimiento que se le presupone a un jugador de su&hellip;\n","protected":false},"author":2,"featured_media":109358,"comment_status":"","ping_status":"","sticky":false,"template":"","format":"standard","meta":{"footnotes":""},"categories":[274],"tags":[168,25,24,23,167,9409,327,326],"class_list":{"0":"post-109357","1":"post","2":"type-post","3":"status-publish","4":"format-standard","5":"has-post-thumbnail","7":"category-tenis","8":"tag-deportes","9":"tag-es","10":"tag-espana","11":"tag-spain","12":"tag-sports","13":"tag-stefanos-tsitsipas","14":"tag-tenis","15":"tag-tennis"},"share_on_mastodon":{"url":"","error":""},"_links":{"self":[{"href":"https:\/\/www.europesays.com\/es\/wp-json\/wp\/v2\/posts\/109357","targetHints":{"allow":["GET"]}}],"collection":[{"href":"https:\/\/www.europesays.com\/es\/wp-json\/wp\/v2\/posts"}],"about":[{"href":"https:\/\/www.europesays.com\/es\/wp-json\/wp\/v2\/types\/post"}],"author":[{"embeddable":true,"href":"https:\/\/www.europesays.com\/es\/wp-json\/wp\/v2\/users\/2"}],"replies":[{"embeddable":true,"href":"https:\/\/www.europesays.com\/es\/wp-json\/wp\/v2\/comments?post=109357"}],"version-history":[{"count":0,"href":"https:\/\/www.europesays.com\/es\/wp-json\/wp\/v2\/posts\/109357\/revisions"}],"wp:featuredmedia":[{"embeddable":true,"href":"https:\/\/www.europesays.com\/es\/wp-json\/wp\/v2\/media\/109358"}],"wp:attachment":[{"href":"https:\/\/www.europesays.com\/es\/wp-json\/wp\/v2\/media?parent=109357"}],"wp:term":[{"taxonomy":"category","embeddable":true,"href":"https:\/\/www.europesays.com\/es\/wp-json\/wp\/v2\/categories?post=109357"},{"taxonomy":"post_tag","embeddable":true,"href":"https:\/\/www.europesays.com\/es\/wp-json\/wp\/v2\/tags?post=109357"}],"curies":[{"name":"wp","href":"https:\/\/api.w.org\/{rel}","templated":true}]}}