{"id":109363,"date":"2025-09-12T05:22:15","date_gmt":"2025-09-12T05:22:15","guid":{"rendered":"https:\/\/www.europesays.com\/es\/109363\/"},"modified":"2025-09-12T05:22:15","modified_gmt":"2025-09-12T05:22:15","slug":"alemania-quiere-hacer-doblete-fiba-al-estilo-de-espana","status":"publish","type":"post","link":"https:\/\/www.europesays.com\/es\/109363\/","title":{"rendered":"Alemania quiere hacer doblete FIBA al estilo de Espa\u00f1a"},"content":{"rendered":"<p class=\"ft-text ft-helper-align-justify\"><strong>Alemania llega a las semifinales del EuroBasket FIBA 2025 a solo dos victorias de conseguir su segunda corona continental tras la de 1993<\/strong>. Y, como vigente campeona del mundo, Alemania tambi\u00e9n tiene l<strong>a oportunidad de convertirse en la cuarta naci\u00f3n en ostentar simult\u00e1neamente los t\u00edtulos de la Copa Mundial de Baloncesto FIBA y el EuroBasket FIBA<\/strong>.<\/p>\n<p class=\"ft-text ft-helper-align-justify\"><strong>La Uni\u00f3n Sovi\u00e9tica fue el primer equipo en lograr la haza\u00f1a en 1967 y lo hizo por segunda vez en 1982<\/strong>. Yugoslavia logr\u00f3 el doblete en cuatro ocasiones entre 1977 y 2002, m<strong>ientras que Espa\u00f1a fue la m\u00e1s reciente en unirse al selecto club, con triunfos en 2019 y 2022.<\/strong><\/p>\n<p class=\"ft-text ft-helper-align-justify\"><strong>Una de las claves para un doblete de este tipo es la consistencia en la plantilla<\/strong>. Y Alemania sin duda la tiene, con nueve de los 12 jugadores de vuelta del equipo que alz\u00f3 el trofeo de la Copa Mundial de Baloncesto FIBA 2023 en Manila.<\/p>\n<p><img decoding=\"async\" src=\"https:\/\/www.europesays.com\/es\/wp-content\/uploads\/2025\/09\/1552a9df-1246-49f7-8c39-3a5449fecf52_alta-libre-aspect-ratio_default_0.jpg\" width=\"1200\" height=\"800\" alt=\"Wagner, la gran estrella alemana, que ape\u00f3 a Doncic de las semifinales del Eurobasket\" class=\"ft-helper-img-rd\" loading=\"lazy\" hasdataaida=\"true\"\/><\/p>\n<p class=\"ft-helper-fontColor-quaternary ft-helper-fontSize-body-S ft-helper-spacer-t-xxs\">Wagner, la gran estrella alemana, que ape\u00f3 a Doncic de las semifinales del Eurobasket  \/ FIBA<\/p>\n<p class=\"ft-text ft-helper-align-justify\"><strong>Alemania cuenta con la mayor\u00eda de sus l\u00edderes principales, con el capit\u00e1n Dennis Schr\u00f6der y Franz Wagner al frente del grupo<\/strong>. Isaac Bonga, Daniel Theis, Andreas Obst, Johannes Thiemann, Maodo Lo y Justus Hollatz tambi\u00e9n est\u00e1n de vuelta. Johannes Voigtmann jug\u00f3 dos partidos, pero se lesion\u00f3 y se perder\u00e1 el resto del torneo. Las nuevas incorporaciones al equipo son Tristan Da Silva, su hermano Oscar Da Silva y Leon Kratzer.<\/p>\n<p>Espa\u00f1a, el \u00faltimo en lograrlo<\/p>\n<p class=\"ft-text ft-helper-align-justify\"><strong>Espa\u00f1a se convirti\u00f3 en la tercera naci\u00f3n en ostentar simult\u00e1neamente los t\u00edtulos de Europa y Mundial<\/strong>. Sergio Scariolo gui\u00f3 a Espa\u00f1a hacia su segunda corona mundialista en 2019, en la recta final de la exitosa generaci\u00f3n del pa\u00eds. Ricky Rubio fue nombrado MVP y Marc Gasol form\u00f3 parte del Equipo Ideal del Torneo tras la victoria de Espa\u00f1a sobre Argentina en la final.<\/p>\n<p><img decoding=\"async\" src=\"https:\/\/www.europesays.com\/es\/wp-content\/uploads\/2025\/09\/78d098a2-1002-45a0-a609-9a8ff24c7979_alta-libre-aspect-ratio_default_0.jpg\" width=\"1200\" height=\"801\" alt=\"Espa\u00f1a fue la \u00faltima selecci\u00f3n en hacer doblete Mundial y Eurobasket, en el momento m\u00e1s dulce de 'La Familia'\" class=\"ft-helper-img-rd\" loading=\"lazy\" hasdataaida=\"true\"\/><\/p>\n<p class=\"ft-helper-fontColor-quaternary ft-helper-fontSize-body-S ft-helper-spacer-t-xxs\">Espa\u00f1a fue la \u00faltima selecci\u00f3n en hacer doblete Mundial y Eurobasket, en el momento m\u00e1s dulce de &#8216;La Familia&#8217;  \/ FIBA<\/p>\n<p class=\"ft-text ft-helper-align-justify\"><strong>La selecci\u00f3n espa\u00f1ola realiz\u00f3 una importante renovaci\u00f3n para el EuroBasket 2022, aunque Rudy Fern\u00e1ndez, Sergio Llull y los hermanos Hernang\u00f3mez segu\u00edan en la plantilla<\/strong>. Lorenzo Brown lleg\u00f3 como base y, a pesar de la poca experiencia de muchos jugadores, Scariolo gui\u00f3 a su equipo hacia el \u00e9xito, venciendo a Francia en la final. Willy Hernang\u00f3mez gan\u00f3 el premio al Jugador M\u00e1s Valioso (MVP) y Brown fue seleccionado para el Equipo Ideal del Torneo.<\/p>\n","protected":false},"excerpt":{"rendered":"Alemania llega a las semifinales del EuroBasket FIBA 2025 a solo dos victorias de conseguir su segunda corona&hellip;\n","protected":false},"author":2,"featured_media":109364,"comment_status":"","ping_status":"","sticky":false,"template":"","format":"standard","meta":{"footnotes":""},"categories":[269],"tags":[37565,1660,299,298,24287,168,37564,25,24,13863,21051,2615,23,167],"class_list":{"0":"post-109363","1":"post","2":"type-post","3":"status-publish","4":"format-standard","5":"has-post-thumbnail","7":"category-baloncesto","8":"tag-al-estilo","9":"tag-alemania","10":"tag-baloncesto","11":"tag-basketball","12":"tag-de-espana","13":"tag-deportes","14":"tag-el-doblete","15":"tag-es","16":"tag-espana","17":"tag-fiba","18":"tag-hacer","19":"tag-quiere","20":"tag-spain","21":"tag-sports"},"share_on_mastodon":{"url":"","error":""},"_links":{"self":[{"href":"https:\/\/www.europesays.com\/es\/wp-json\/wp\/v2\/posts\/109363","targetHints":{"allow":["GET"]}}],"collection":[{"href":"https:\/\/www.europesays.com\/es\/wp-json\/wp\/v2\/posts"}],"about":[{"href":"https:\/\/www.europesays.com\/es\/wp-json\/wp\/v2\/types\/post"}],"author":[{"embeddable":true,"href":"https:\/\/www.europesays.com\/es\/wp-json\/wp\/v2\/users\/2"}],"replies":[{"embeddable":true,"href":"https:\/\/www.europesays.com\/es\/wp-json\/wp\/v2\/comments?post=109363"}],"version-history":[{"count":0,"href":"https:\/\/www.europesays.com\/es\/wp-json\/wp\/v2\/posts\/109363\/revisions"}],"wp:featuredmedia":[{"embeddable":true,"href":"https:\/\/www.europesays.com\/es\/wp-json\/wp\/v2\/media\/109364"}],"wp:attachment":[{"href":"https:\/\/www.europesays.com\/es\/wp-json\/wp\/v2\/media?parent=109363"}],"wp:term":[{"taxonomy":"category","embeddable":true,"href":"https:\/\/www.europesays.com\/es\/wp-json\/wp\/v2\/categories?post=109363"},{"taxonomy":"post_tag","embeddable":true,"href":"https:\/\/www.europesays.com\/es\/wp-json\/wp\/v2\/tags?post=109363"}],"curies":[{"name":"wp","href":"https:\/\/api.w.org\/{rel}","templated":true}]}}