{"id":109365,"date":"2025-09-12T05:23:10","date_gmt":"2025-09-12T05:23:10","guid":{"rendered":"https:\/\/www.europesays.com\/es\/109365\/"},"modified":"2025-09-12T05:23:10","modified_gmt":"2025-09-12T05:23:10","slug":"perez-solano-abogado-del-sevilla-y-acusado-de-betico-revela-dos-decadas-de-fidelidad-al-sanchez-pizjuan","status":"publish","type":"post","link":"https:\/\/www.europesays.com\/es\/109365\/","title":{"rendered":"P\u00e9rez-Solano, abogado del Sevilla y acusado de b\u00e9tico, revela dos d\u00e9cadas de fidelidad al S\u00e1nchez-Pizju\u00e1n"},"content":{"rendered":"<p>El actual secretario del Consejo de Administraci\u00f3n del Sevilla tambi\u00e9n dirige el bufete de abogados que lleva los servicios jur\u00eddicos del club<\/p>\n<p><img fetchpriority=\"high\" class=\"voc-img\" src=\"https:\/\/www.europesays.com\/es\/wp-content\/uploads\/2025\/09\/1498578920-RwTBigQIkKg5l5beojxb3XP-1200x840@diario_abc.JPG\" loading=\"eager\" decoding=\"async\" alt=\"XIV Premio Juridico ABC Fundacion Cajasol Grupos Jos\u00e9 Gonz\u00e1lez-Dans, Enrique Moreno de la Cova, Alberto P\u00e9rez-Solano\" width=\"1200\" height=\"840\"\/><\/p>\n<p>XIV Premio Juridico ABC Fundacion Cajasol Grupos Jos\u00e9 Gonz\u00e1lez-Dans, Enrique Moreno de la Cova, Alberto P\u00e9rez-Solano    Ra\u00fal Doblado  <\/p>\n<p><img decoding=\"async\" class=\"voc-author__img\" src=\"https:\/\/www.europesays.com\/es\/wp-content\/uploads\/2025\/07\/autor-3692-foto-3.png\" alt=\"Orgullo de Nervi\u00f3n\"\/><\/p>\n<p>11\/09\/2025<br \/>\n<br \/><strong><br \/>\nActualizado a las 21:25h.<br \/>\n<\/strong><\/p>\n<p class=\"voc-p\" style=\"\"><strong>Alberto P\u00e9rez-Solano<\/strong>, actual secretario del Consejo de Administraci\u00f3n del Sevilla FC, siempre ha sido una de las figuras con las que m\u00e1s se ha polemizado dentro de la guerra accionarial existente en el club hispalense. El abogado, adem\u00e1s, dirige <strong>MA Abogados<\/strong>, el bufete que lleva los servicios jur\u00eddicos del Sevilla, los cu\u00e1les est\u00e1n muy activos en los \u00faltimos tiempos.<\/p>\n<p class=\"voc-p\" style=\"\">El rosario de citaciones judiciales promovidas por Jos\u00e9 Mar\u00eda del Nido Benavente y el club ha provocado que la figura de <strong>P\u00e9rez-Solano<\/strong> sea m\u00e1s conocida de lo habitual. De hecho, siempre se le ha se\u00f1alado como b\u00e9tico y se ha acusado al consejo de administraci\u00f3n de tener miembros del otro club de la ciudad. <\/p>\n<p class=\"voc-p\" style=\"\">Pues, seg\u00fan ha desvelado la cadena Ser,<strong> el abogado del Sevilla es socio del club de Nervi\u00f3n desde hace dos d\u00e9cadas<\/strong>. Adem\u00e1s, su hijo tambi\u00e9n lo es y cumple este a\u00f1o 21 a\u00f1os de antig\u00fcedad. Una realidad que no hab\u00eda trascendido hasta ahora, a pesar de las continuas acusaciones sobre sus simpat\u00edas.<\/p>\n<p class=\"voc-p\" style=\"\">Cabe recordar que tambi\u00e9n hab\u00eda cierto &#8216;mosqueo&#8217; en la grada por la presencia de otros b\u00e9ticos, como es el caso de Alberto Cordero, exmiembro del equipo de scouting de V\u00edctor Orta, y de Ignacio Navarro, <a href=\"https:\/\/www.abc.es\/deportes\/orgullodenervion\/noticias-sevilla-fc\/sevilla-despide-jose-ignacio-navarro-conocido-psicologo-20250827141545-nts.html\" target=\"_self\" data-voc-vtm-id=\"in-text-traffic\" title=\"el cual ha sido despedido del club hace unos d\u00edas\" data-mrf-link=\"www.abc.es\" rel=\"nofollow noopener\">el cual ha sido despedido del club hace unos d\u00edas<\/a>.<\/p>\n<p>Reportar un error<\/p>\n","protected":false},"excerpt":{"rendered":"El actual secretario del Consejo de Administraci\u00f3n del Sevilla tambi\u00e9n dirige el bufete de abogados que lleva los&hellip;\n","protected":false},"author":2,"featured_media":109366,"comment_status":"","ping_status":"","sticky":false,"template":"","format":"standard","meta":{"footnotes":""},"categories":[268],"tags":[2827,3032,37567,16112,168,1563,25,24,37568,280,282,37566,1789,37569,1171,281,23,167],"class_list":{"0":"post-109365","1":"post","2":"type-post","3":"status-publish","4":"format-standard","5":"has-post-thumbnail","7":"category-futbol","8":"tag-abogado","9":"tag-acusado","10":"tag-betico","11":"tag-decadas","12":"tag-deportes","13":"tag-dos","14":"tag-es","15":"tag-espana","16":"tag-fidelidad","17":"tag-football","18":"tag-futbol","19":"tag-perezsolano","20":"tag-revela","21":"tag-sanchezpizjuan","22":"tag-sevilla","23":"tag-soccer","24":"tag-spain","25":"tag-sports"},"share_on_mastodon":{"url":"","error":""},"_links":{"self":[{"href":"https:\/\/www.europesays.com\/es\/wp-json\/wp\/v2\/posts\/109365","targetHints":{"allow":["GET"]}}],"collection":[{"href":"https:\/\/www.europesays.com\/es\/wp-json\/wp\/v2\/posts"}],"about":[{"href":"https:\/\/www.europesays.com\/es\/wp-json\/wp\/v2\/types\/post"}],"author":[{"embeddable":true,"href":"https:\/\/www.europesays.com\/es\/wp-json\/wp\/v2\/users\/2"}],"replies":[{"embeddable":true,"href":"https:\/\/www.europesays.com\/es\/wp-json\/wp\/v2\/comments?post=109365"}],"version-history":[{"count":0,"href":"https:\/\/www.europesays.com\/es\/wp-json\/wp\/v2\/posts\/109365\/revisions"}],"wp:featuredmedia":[{"embeddable":true,"href":"https:\/\/www.europesays.com\/es\/wp-json\/wp\/v2\/media\/109366"}],"wp:attachment":[{"href":"https:\/\/www.europesays.com\/es\/wp-json\/wp\/v2\/media?parent=109365"}],"wp:term":[{"taxonomy":"category","embeddable":true,"href":"https:\/\/www.europesays.com\/es\/wp-json\/wp\/v2\/categories?post=109365"},{"taxonomy":"post_tag","embeddable":true,"href":"https:\/\/www.europesays.com\/es\/wp-json\/wp\/v2\/tags?post=109365"}],"curies":[{"name":"wp","href":"https:\/\/api.w.org\/{rel}","templated":true}]}}