{"id":109373,"date":"2025-09-12T05:34:10","date_gmt":"2025-09-12T05:34:10","guid":{"rendered":"https:\/\/www.europesays.com\/es\/109373\/"},"modified":"2025-09-12T05:34:10","modified_gmt":"2025-09-12T05:34:10","slug":"el-ipc-escala-hasta-el-29-en-agosto","status":"publish","type":"post","link":"https:\/\/www.europesays.com\/es\/109373\/","title":{"rendered":"el IPC escala hasta el 2,9% en agosto"},"content":{"rendered":"<p>La inflaci\u00f3n volvi\u00f3 a repuntar en EEUU en agosto, seg\u00fan los datos publicados este jueves por la Oficina de Estad\u00edsticas Laborales (BLS) del Departamento de Trabajo. El \u00edndice de precios al consumo (<b>IPC<\/b>) registr\u00f3 un avance del <b>2,9%<\/b> interanual, dos d\u00e9cimas m\u00e1s que en julio y en l\u00ednea con lo esperado con los analistas. En lectura intermensual, la subida fue del 0,4%, una d\u00e9cima m\u00e1s de lo esperado y el doble que el mes previo. La <b>inflaci\u00f3n subyacente <\/b>(excluye energ\u00eda y alimentos, muy vol\u00e1tiles), m\u00e1s persistente en los \u00faltimos tiempos, se mantuvo en el <b>3,1%<\/b> interanual, un nivel alto considerando el objetivo del 2%, pero tambi\u00e9n ci\u00f1\u00e9ndose a lo esperado. En <b>tasa intermensual<\/b>, el repunte fue del 0,3%, para alivio de los economistas y los mercados, ya que <b>se tem\u00eda un 0,4%<\/b> que avivase las preocupaciones inflacionarias. Con estos datos, aunque demuestran que la inflaci\u00f3n no converge como se desear\u00eda al citado 2%, se constata que la <b>Reserva Federal tiene margen <\/b>para empezar a bajar los tipos de inter\u00e9s ante el deterioro que empieza a presentar el mercado de trabajo.<\/p>\n<p>Como ha ocurrido en los \u00faltimos meses, en agosto se observaron algunos<b> indicios de que los aranceles estaban ejerciendo una presi\u00f3n<\/b> al alza sobre los precios de los bienes, con un nuevo aumento de los precios de los <b><a href=\"https:\/\/www.eleconomista.es\/economia\/noticias\/13370338\/05\/25\/los-electrodomesticos-de-eeuu-nos-estan-queriendo-decir-algo-cuidado-con-repetir-a-lo-grande-al-arancel-a-las-lavadoras-de-2018.html\" title=\"Los electrodom\u00e9sticos de EEUU nos est\u00e1n queriendo decir algo: cuidado con repetir a lo grande al arancel a las lavadoras de 2018\" rel=\"nofollow noopener\" target=\"_blank\">electrodom\u00e9sticos<\/a><\/b>, un incremento m\u00e1s acusado de los precios de la <b>ropa<\/b>, del 0,5% intermensual, y un ligero repunte de los precios de los <b>veh\u00edculos nuevos<\/b>, del 0,3%. Sin embargo, a pesar del aumento del 1% en los precios de los <b>veh\u00edculos usados<\/b>, los precios b\u00e1sicos de los <b>bienes duraderos <\/b>en general solo subieron un 0,3%, ligeramente por encima de lo previsto, debido al descenso de los precios de los <b>productos<\/b> <b>sanitarios<\/b>, los <b>juguetes <\/b>-a pesar de que la gran mayor\u00eda se importan de China- y los productos de tecnolog\u00eda de la informaci\u00f3n.<\/p>\n<p>Por otra parte, los precios de los <b>servicios <\/b>subyacentes subieron un 0,3% intermensual, a pesar del aumento del 0,4% en el <b>alquiler equivalente de los propietarios<\/b>. Esto significa que los precios supercore, es decir, los servicios subyacentes excluyendo la vivienda, no fueron tan s\u00f3lidos como parece a primera vista, aunque ello se debi\u00f3 en gran medida a la ca\u00edda del 0,1% intermensual de los servicios de atenci\u00f3n m\u00e9dica. La evoluci\u00f3n ligeramente preocupante para la Fed fue est\u00e1 en el repunte de los precios de algunos otros servicios que son m\u00e1s c\u00edclicos o est\u00e1n expuestos a los aranceles, con un repunte del 2,3% en los precios del <b>alojamiento fuera del hogar <\/b>y un aumento del 5% en los precios de la <b>reparaci\u00f3n de veh\u00edculos<\/b> de motor. Las <b>tarifas a\u00e9reas <\/b>tambi\u00e9n volvieron a subir con fuerza, un 5,9% intermensual.<\/p>\n<p>\u00abA pesar del repunte del IPC subyacente mensual en agosto, en un contexto de aumentos generalizados de los precios de los bienes, los servicios y la vivienda, <b>la Fed no tiene mucho de qu\u00e9 preocuparse<\/b>, ya que nuestras estimaciones apuntan a un aumento mensual del 0,18% en el<b> deflactor del PCE subyacente<\/b> (este deflactor del gasto privado es el indicador fetiche de inflaci\u00f3n del banco central) el mes pasado, en l\u00ednea con el objetivo. Esto refuerza la posibilidad de una bajada de 25 puntos b\u00e1sicos la semana que viene, en lugar de respaldar una bajada mayor de 50 puntos b\u00e1sicos\u00bb, apunta Stephen Brown, analista de Capital Economics, en una nota para clientes.<\/p>\n<p>\u00abEs evidente que la inflaci\u00f3n est\u00e1 relativamente tranquila, lo que le da a la Fed la flexibilidad para centrarse m\u00e1s en frenar la continua debilidad del mercado laboral\u00bb, analiza nada m\u00e1s conocer los datos de la BLS Skyler Weinand, de Regan Capital. \u00abPrevemos que la Fed recortar\u00e1 la tasa de inter\u00e9s en 25 puntos b\u00e1sicos la pr\u00f3xima semana y que continuar\u00e1 con otros dos recortes de 25 puntos b\u00e1sicos este a\u00f1o\u00bb. Lo cierto es que este informe de inflaci\u00f3n <b>asienta bastante esta apuesta de tres recortes para este a\u00f1o<\/b> y <b>no da &#8216;alas&#8217; al runr\u00fan de un posible recorte &#8216;jumbo&#8217;<\/b> de 50 puntos b\u00e1sicos este mes. Nada m\u00e1s publicar la BLS el desglose, los bonos del Tesoro han subido en toda la curva y sus rendimientos han ca\u00eddo varios puntos b\u00e1sicos.<\/p>\n<p>La realidad es que el <b>list\u00f3n estaba muy alto<\/b> <a href=\"https:\/\/www.eleconomista.es\/mercados-cotizaciones\/noticias\/13522850\/08\/25\/la-fed-salva-el-recorte-de-tipos-en-septiembre-tras-el-pce-de-eeuu-pero-aun-quedan-obstaculos-por-delante-el-empleo-y-el-ipc.html\" title=\"La Fed salva el recorte de tipos en septiembre tras el PCE de EEUU, pero a\u00fan quedan obst\u00e1culos por delante: el empleo y el IPC\" rel=\"nofollow noopener\" target=\"_blank\">para que el dato de IPC &#8216;tumbase&#8217;<\/a> la ya m\u00e1s que descontada rebaja de tipos de la Reserva Federal la pr\u00f3xima semana, la primera desde diciembre. El <b>deterioro del empleo<\/b> evidenciado <a href=\"https:\/\/www.eleconomista.es\/economia\/noticias\/13532519\/09\/25\/debacle-en-el-empleo-de-eeuu-y-via-libre-para-los-recortes-de-tipos-de-la-fed-las-nominas-no-agricolas-caen-a-22000-y-el-paro-repunta-al-43.html\" title=\"Debacle en el empleo de EEUU y v\u00eda libre para los recortes de tipos de la Fed: primera destrucci\u00f3n de puestos desde 2020 y el paro m\u00e1s alto en cuatro a\u00f1os\" rel=\"nofollow noopener\" target=\"_blank\">en los informes de julio y agosto<\/a>, as\u00ed como en las revisiones de los datos oficiales del a\u00f1o hasta marzo (<a href=\"https:\/\/www.eleconomista.es\/economia\/noticias\/13537456\/09\/25\/nuevo-golpe-al-empleo-de-eeuu-la-revision-anual-hasta-marzo-de-2025-borra-911000-puestos-de-un-plumazo.html\" title=\"Nuevo golpe al empleo de EEUU: la revisi\u00f3n anual hasta marzo de 2025 borra 911.000 puestos de un plumazo\" rel=\"nofollow noopener\" target=\"_blank\">se borraron m\u00e1s de 900.000 puestos<\/a> de las cifras publicadas) y de los informes de mayo y junio dejaban m\u00e1s que atada esta bajada y pavimentado el camino para seguir adelante con ellas en el corto y medio plazo.<\/p>\n<p>El presidente de la Fed, <b>Jerome Powell<\/b>, ya <a href=\"https:\/\/www.eleconomista.es\/mercados-cotizaciones\/noticias\/13514544\/08\/25\/powell-abre-la-puerta-a-bajar-tipos-ante-el-enfriamiento-laboral-y-deja-la-inflacion-en-segundo-plano.html\" title=\"Powell abre la puerta a bajar tipos ante el enfriamiento laboral y deja el impacto de los aranceles sobre la inflaci\u00f3n en segundo plano\" rel=\"nofollow noopener\" target=\"_blank\">telegrafi\u00f3 este cambio de rasante<\/a> durante el &#8216;campamento de verano&#8217; de los banqueros centrales en <b>Jackson<\/b> <b>Hole<\/b>, cuando aparc\u00f3 el mantra de &#8216;la inflaci\u00f3n es lo primero&#8217; para preocuparse m\u00e1s por el empleo dentro del complejo equilibrio que debe mantener siempre el organismo (tiene el doble mandato de vigilar la inflaci\u00f3n y el empleo). Sus palabras y la constataci\u00f3n de que el<b> impacto de los aranceles<\/b> de Donald Trump en los precios al consumidor <b><a href=\"https:\/\/www.eleconomista.es\/mercados-cotizaciones\/noticias\/13464551\/07\/25\/el-golpe-de-los-aranceles-en-la-inflacion-tendra-que-esperar-el-ipc-de-eeuu-repunto-en-junio-menos-de-lo-esperado.html\" title=\"El golpe de los aranceles en la inflaci\u00f3n tendr\u00e1 que esperar: el IPC subyacente de EEUU repunt\u00f3 en junio menos de lo esperado\" rel=\"nofollow noopener\" target=\"_blank\">todav\u00eda no es claro<\/a><\/b> han fortalecido la narrativa de los recortes.<\/p>\n<p>Todo en medio de una espectacular y nada escondida <b>presi\u00f3n desde la Casa Blanca<\/b> para bajar el precio del dinero: amenazas de despido e <a href=\"https:\/\/www.eleconomista.es\/mercados-cotizaciones\/noticias\/13466876\/07\/25\/trump-traslada-a-congresistas-republicanos-que-intentara-despedir-a-powell-pronto.html\" title=\"Trump empieza a jugar con fuego con el despido de Powell: plantea su destituci\u00f3n y luego se retracta\" rel=\"nofollow noopener\" target=\"_blank\">insultos de Trump<\/a> contra Powell, la destituci\u00f3n paralizada por la justicia de la <a href=\"https:\/\/www.eleconomista.es\/mercados-cotizaciones\/noticias\/13538297\/09\/25\/una-jueza-dictamina-que-trump-no-puede-despedir-a-lisa-cook-de-la-fed-por-ahora.html\" title=\"Una jueza dictamina que Trump no puede despedir a la gobernadora Lisa Cook de la Fed por ahora\" rel=\"nofollow noopener\" target=\"_blank\">gobernadora Lisa Cook<\/a>, la introducci\u00f3n del asesor <a href=\"https:\/\/www.eleconomista.es\/mercados-cotizaciones\/noticias\/13497208\/08\/25\/trump-nomina-a-stephen-miran-aliado-clave-en-su-politica-arancelaria-para-ser-gobernador-de-la-fed-hasta-enero.html\" title=\"Trump nomina a Stephen Miran, aliado clave en su pol\u00edtica arancelaria, para ser gobernador de la Fed hasta enero\" rel=\"nofollow noopener\" target=\"_blank\">Stephen Miran<\/a> en el organismo o el agresivo posicionamiento, muy puesto en tela de juicio por coincidir con el del republicano, de algunos funcionarios (empezando por el gobernador <a href=\"https:\/\/www.eleconomista.es\/mercados-cotizaciones\/noticias\/13496908\/08\/25\/waller-toma-la-delantera-entre-los-favoritos-de-trump-para-suceder-a-powell-al-frente-de-la-fed.html\" title=\"Waller toma la delantera entre los favoritos de Trump para suceder a Powell al frente de la Fed\" rel=\"nofollow noopener\" target=\"_blank\">Christopher Waller<\/a>) en favor de los recortes frente a una mayor\u00eda que tem\u00eda un cierto rebrote inflacionario por las tensiones comerciales.<\/p>\n<p>La antesala de este dato de IPC fue la publicaci\u00f3n el mi\u00e9rcoles de los precios de producci\u00f3n en agosto. El <b>IPP <\/b>general <a href=\"https:\/\/www.eleconomista.es\/flash\/20250910\/64559\/\" title=\"La inflaci\u00f3n mayorista (IPP) de EEUU no se interpone en el recorte de tipos de la Fed\" rel=\"nofollow noopener\" target=\"_blank\">cay\u00f3 un 0,1% intermensual<\/a>, lo que situ\u00f3 la tasa anual en el 2,6% tras el gran aumento del 0,7% registrado en julio (fue de un 0,9% inicialmente). El IPP subyacente (excluidos alimentos, energ\u00eda y comercio) subi\u00f3 un 0,3% intermensual (2,8% interanual). Los componentes del IPP que alimentan la inflaci\u00f3n recogida por el <b>PCE <\/b>se enfriaron en general, lo que sugiere una moderaci\u00f3n de la inflaci\u00f3n de los servicios, que se dispar\u00f3 en julio.<\/p>\n<p>Buscando en el informe se\u00f1ales m\u00e1s precisas de din\u00e1micas m\u00e1s amplias, los analistas de ING se fijaron en la fuerte ca\u00edda del 1,7% intermensual en los servicios comerciales, un indicador de los <b>m\u00e1rgenes de beneficio corporativos<\/b>. \u00abEsto sugiere que, por ahora, las empresas est\u00e1n absorbiendo los mayores costes de insumos asociados a los aranceles, en lugar de trasladarlos a los consumidores\u00bb, extra\u00edan los analistas de esta lectura. Seg\u00fan el servicio de estudios del banco holand\u00e9s, esto podr\u00eda reflejar \u00abcautela en torno a las perspectivas de la demanda final o una <b>reticencia estrat\u00e9gica a subir los precios<\/b> y arriesgarse a una reacci\u00f3n negativa del p\u00fablico o de los pol\u00edticos\u00bb.<\/p>\n<p>Las principales medidas de los precios de los insumos parecen haber alcanzado su punto m\u00e1ximo por ahora, y los plazos de entrega de los proveedores siguen bajo control, lo que sugiere que el margen para que se renueven las presiones inflacionistas es limitado, analizaron, por su parte, los estrategas de BCA Research, tras conocer el IPP.<\/p>\n<p>\u00abEn general, los datos confirman que es <b>poco probable que se repita el repunte de la inflaci\u00f3n de 2021-22<\/b>. La econom\u00eda y el mercado laboral no se est\u00e1n sobrecalentando, lo que limita la capacidad de las empresas para repercutir los mayores costes a los consumidores, mientras que las expectativas de inflaci\u00f3n se mantienen estables. El aumento de los costes de los insumos apunta hasta ahora m\u00e1s a una compresi\u00f3n de los m\u00e1rgenes que a un repunte de la inflaci\u00f3n\u00bb, profundizan desde la firma de an\u00e1lisis.<\/p>\n<p>En cualquier caso, la mira seguir\u00e1 puesta en los <b>aranceles<\/b>. \u00abLas tarifas comerciales se est\u00e1n notando gradualmente en los datos, aunque el efecto a\u00fan es relativamente moderado dados los dr\u00e1sticos aumentos arancelarios. La <b>pregunta m\u00e1s importante<\/b> es si los aranceles tendr\u00e1n un <b>efecto puntual <\/b>en los niveles de precios o si marcar\u00e1n el comienzo de un per\u00edodo m\u00e1s largo de <b>tasas de inflaci\u00f3n m\u00e1s altas<\/b>. A\u00fan no es posible hacer una evaluaci\u00f3n definitiva al respecto\u00bb, cierra Bernd Weidensteiner, economista de Commerzbank.<\/p>\n<p>WhatsApp<a href=\"https:\/\/api.whatsapp.com\/send?text=https:\/\/www.eleconomista.es\/mercados-cotizaciones\/noticias\/13541024\/09\/25\/la-inflacion-se-sigue-calentando-en-eeuu-pero-no-frenara-los-recortes-de-tipos-de-la-fed-el-ipc-escala-hasta-el-29-en-agosto.html?utm_source%3Dwhatsapp%26utm_medium%3Dshare_button&amp;id=1648118629957_whatsapp\" target=\"_blank\" data-action=\"share\/whatsapp\/share\" aria-label=\"Compartir en Whatsapp\" rel=\"nofollow noopener\"><\/a>Facebook<a id=\"fb-share\" href=\"#\" target=\"_blank\" rel=\"noopener noreferrer\" aria-label=\"Compartir en Facebook\"><\/a>Twitter<a href=\"https:\/\/twitter.com\/share?text=La+inflaci%C3%B3n+se+sigue+calentando+en+EEUU%2C+pero+no+frenar%C3%A1+los+recortes+de+tipos+de+la+Fed%3A+el+IPC+escala+hasta+el+2%2C9%25+en+agosto&amp;url=https:\/\/www.eleconomista.es\/mercados-cotizaciones\/noticias\/13541024\/09\/25\/la-inflacion-se-sigue-calentando-en-eeuu-pero-no-frenara-los-recortes-de-tipos-de-la-fed-el-ipc-escala-hasta-el-29-en-agosto.html&amp;via=elEconomistaes&amp;id=1648118839245_twitter\" target=\"_blank\" aria-label=\"Compartir en Twitter\" rel=\"nofollow noopener\"><\/a>Linkedin<a href=\"https:\/\/linkedin.com\/share?text=https:\/\/www.eleconomista.es\/mercados-cotizaciones\/noticias\/13541024\/09\/25\/la-inflacion-se-sigue-calentando-en-eeuu-pero-no-frenara-los-recortes-de-tipos-de-la-fed-el-ipc-escala-hasta-el-29-en-agosto.html&amp;via=elEconomistaes\" target=\"_blank\" aria-label=\"Compartir en linkedin\" rel=\"nofollow noopener\"><\/a>Beloud<a href=\"https:\/\/beloud.com\/share?text=La+inflaci%C3%B3n+se+sigue+calentando+en+EEUU%2C+pero+no+frenar%C3%A1+los+recortes+de+tipos+de+la+Fed%3A+el+IPC+escala+hasta+el+2%2C9%25+en+agosto&amp;url=https:\/\/www.eleconomista.es\/mercados-cotizaciones\/noticias\/13541024\/09\/25\/la-inflacion-se-sigue-calentando-en-eeuu-pero-no-frenara-los-recortes-de-tipos-de-la-fed-el-ipc-escala-hasta-el-29-en-agosto.html&amp;via=elEconomistaes&amp;id=1648118839245_beloud\" target=\"_blank\" aria-label=\"Compartir en beloud\" rel=\"nofollow noopener\"><\/a>Bluesky<a href=\"https:\/\/bsky.app\/intent\/compose?text=https:\/\/bsky.app\/intent\/compose?text=https:\/\/www.eleconomista.es\/mercados-cotizaciones\/noticias\/13541024\/09\/25\/la-inflacion-se-sigue-calentando-en-eeuu-pero-no-frenara-los-recortes-de-tipos-de-la-fed-el-ipc-escala-hasta-el-29-en-agosto.html&amp;url=https:\/\/www.eleconomista.es\/mercados-cotizaciones\/noticias\/13541024\/09\/25\/la-inflacion-se-sigue-calentando-en-eeuu-pero-no-frenara-los-recortes-de-tipos-de-la-fed-el-ipc-escala-hasta-el-29-en-agosto.html&amp;via=elEconomistaes&amp;id=1648118839245_bluesky\" target=\"_blank\" aria-label=\"Compartir en bluesky\" rel=\"nofollow noopener\"><\/a><\/p>\n<p><script async src=\"https:\/\/platform.twitter.com\/widgets.js\" charset=\"utf-8\"><\/script><\/p>\n","protected":false},"excerpt":{"rendered":"La inflaci\u00f3n volvi\u00f3 a repuntar en EEUU en agosto, seg\u00fan los datos publicados este jueves por la Oficina&hellip;\n","protected":false},"author":2,"featured_media":109374,"comment_status":"","ping_status":"","sticky":false,"template":"","format":"standard","meta":{"footnotes":""},"categories":[80],"tags":[2300,82,95,94,25,24,2301,23],"class_list":{"0":"post-109373","1":"post","2":"type-post","3":"status-publish","4":"format-standard","5":"has-post-thumbnail","7":"category-economia","8":"tag-bolsa","9":"tag-business","10":"tag-economia","11":"tag-economy","12":"tag-es","13":"tag-espana","14":"tag-mercados-y-cotizaciones","15":"tag-spain"},"share_on_mastodon":{"url":"","error":""},"_links":{"self":[{"href":"https:\/\/www.europesays.com\/es\/wp-json\/wp\/v2\/posts\/109373","targetHints":{"allow":["GET"]}}],"collection":[{"href":"https:\/\/www.europesays.com\/es\/wp-json\/wp\/v2\/posts"}],"about":[{"href":"https:\/\/www.europesays.com\/es\/wp-json\/wp\/v2\/types\/post"}],"author":[{"embeddable":true,"href":"https:\/\/www.europesays.com\/es\/wp-json\/wp\/v2\/users\/2"}],"replies":[{"embeddable":true,"href":"https:\/\/www.europesays.com\/es\/wp-json\/wp\/v2\/comments?post=109373"}],"version-history":[{"count":0,"href":"https:\/\/www.europesays.com\/es\/wp-json\/wp\/v2\/posts\/109373\/revisions"}],"wp:featuredmedia":[{"embeddable":true,"href":"https:\/\/www.europesays.com\/es\/wp-json\/wp\/v2\/media\/109374"}],"wp:attachment":[{"href":"https:\/\/www.europesays.com\/es\/wp-json\/wp\/v2\/media?parent=109373"}],"wp:term":[{"taxonomy":"category","embeddable":true,"href":"https:\/\/www.europesays.com\/es\/wp-json\/wp\/v2\/categories?post=109373"},{"taxonomy":"post_tag","embeddable":true,"href":"https:\/\/www.europesays.com\/es\/wp-json\/wp\/v2\/tags?post=109373"}],"curies":[{"name":"wp","href":"https:\/\/api.w.org\/{rel}","templated":true}]}}