{"id":109379,"date":"2025-09-12T05:37:10","date_gmt":"2025-09-12T05:37:10","guid":{"rendered":"https:\/\/www.europesays.com\/es\/109379\/"},"modified":"2025-09-12T05:37:10","modified_gmt":"2025-09-12T05:37:10","slug":"la-concejalia-de-educacion-comienza-el-curso-escolar-reforzando-la-inversion-en-los-centros-y-en-el-apoyo-a-las-familias","status":"publish","type":"post","link":"https:\/\/www.europesays.com\/es\/109379\/","title":{"rendered":"La concejal\u00eda de Educaci\u00f3n comienza el curso escolar reforzando la inversi\u00f3n en los centros y en el apoyo a las familias"},"content":{"rendered":"<dl class=\"article-info\">\n<dt class=\"article-info-term\"\/>\n<dd class=\"parent-category-name\">\n\t\t\t\t\t\t\t\t\t\t\t\t\t\t\t\t<a href=\"https:\/\/www.ciudadreal.es\/noticias\/zona-de-prensa.html\" rel=\"nofollow noopener\" target=\"_blank\">Noticias<\/a>\t\t\t\t\t\t\t\t\t\t\t\t\t\t&gt;<br \/>\n\t\t\t\t\t\t\t\t\t\t\t\t\t\t\t\t<a href=\"https:\/\/www.ciudadreal.es\/noticias\/educacion-y-universidad.html\" rel=\"nofollow noopener\" target=\"_blank\">Educaci\u00f3n y Universidad.<\/a>\t\t\t\t\t\t\t\t\t\t\t\t\t\t\t\t<\/dd>\n<dd class=\"published\">\n\t\t\t\t\t Publicado: 11 Septiembre 2025\t\t\t\t<\/dd>\n<\/dl>\n<p>\t\t\t<a class=\"modal thumbnail\" href=\"https:\/\/www.europesays.com\/es\/wp-content\/uploads\/2025\/09\/Mar\u00eda_Jos\u00e9_Escobedo.jpg\"><img decoding=\"async\" src=\"https:\/\/www.europesays.com\/es\/wp-content\/uploads\/2025\/09\/Mar\u00eda_Jos\u00e9_Escobedo.jpg\" alt=\"\"\/><\/a><\/p>\n<p>La concejal de Educaci\u00f3n, Mar\u00eda Jos\u00e9 Escobedo, ha dado a conocer las distintas l\u00edneas de trabajo acometidas durante el verano y en este inicio del curso escolar. El consistorio ha incrementado las ayudas a AMPAS y material escolar y ha invertido 132.000 euros en mejoras realizadas en varios centros educativos. La edil ha valorado tambi\u00e9n el aumento registrado este verano en la participaci\u00f3n de las Escuelas Municipales.\u00a0<\/p>\n<p>La concejal\u00eda de Educaci\u00f3n del Ayuntamiento de Ciudad Real ha arrancado el curso escolar con una hoja de ruta muy definida que pasa por la inversi\u00f3n en infraestructuras, el apoyo a las familias y el refuerzo de la participaci\u00f3n de la comunidad educativa. Mar\u00eda Jos\u00e9 Escobedo afirma que \u201cla educaci\u00f3n es una prioridad para el equipo de gobierno\u201d, por lo que el consistorio va a seguir trabajando en la mejora de los centros y en el fortalecimiento de la colaboraci\u00f3n con AMPAS, equipos directivos de los colegios y todos los agentes sociales para \u201cdar respuesta a las necesidades\u201d de la comunidad educativa.<\/p>\n<p>La concejal de Educaci\u00f3n ha desgranado hoy las distintas l\u00edneas desarrolladas por el consistorio a lo largo del verano y tambi\u00e9n las que se abren desde el comienzo de este nuevo curso 2025\/2026. En este sentido, apunta que \u201clas familias est\u00e1n en el centro de nuestra acci\u00f3n\u201d y por ello se ha aumentado la subvenci\u00f3n a las AMPAS, que pasa de 20.000 a 30.000 euros. Los vales de material escolar ya se pueden recoger en la concejal\u00eda hasta el mes de noviembre, con una dotaci\u00f3n de 170.000 euros que supone \u201ctriplicar la cantidad que destinaba el anterior gobierno municipal\u201d. Adem\u00e1s, la concejal\u00eda ha reservado 30.000 euros para estudiantes universitarios, \u201cporque creemos que el apoyo a la educaci\u00f3n debe abarcar todas las etapas formativas\u201d.<\/p>\n<p>En octubre se retomar\u00e1n los cauces de participaci\u00f3n para la comunidad educativa, como el Pleno Escolar, el Consejo Escolar y la Mesa Sectorial de Educaci\u00f3n. De igual forma, ha avanzado, se pondr\u00e1n en marcha las Actividades Complementarias y la Campa\u00f1a Escolar de Artes Esc\u00e9nicas, que este a\u00f1o estar\u00e1 especialmente centrada en la m\u00fasica.<\/p>\n<p><strong>Trabajo realizado a lo largo del verano<\/strong><\/p>\n<p>La concejal\u00eda de Educaci\u00f3n ha seguido impulsando a lo largo del verano programas de muy diverso calado. Entre ellos destacan las Escuelas de Verano en las que se han gestionado 3.258 matr\u00edculas, con un aumento de 658 participantes con respecto al ejercicio anterior. La inversi\u00f3n total alcanz\u00f3 los 118.000 euros, adem\u00e1s de la aportaci\u00f3n de la concejal\u00eda de Servicios Sociales que asumi\u00f3 el coste de numerosas matr\u00edculas. De igual forma se garantiz\u00f3 el funcionamiento de los comedores escolares en verano, en colaboraci\u00f3n con Junta de Comunidades y con Servicios Sociales.<\/p>\n<p>Mar\u00eda Jos\u00e9 Escobedo ha dado a conocer adem\u00e1s las actuaciones de mejora que el Ayuntamiento de Ciudad Real ha acometido en diversos centros educativos este verano, como en el Mar\u00eda de Pacheco, Miguel de Cervantes, Nuestra Se\u00f1ora del Rosario y Puerta de Santa Mar\u00eda, con una inversi\u00f3n de 132.675 euros, y ha avanzado que entre Navidad y el pr\u00f3ximo verano est\u00e1n previstos otros 130.000 euros de inversi\u00f3n. \u201cSon mejoras esenciales para garantizar la seguridad del alumnado y la dignidad de las instalaciones\u201d, ha afirmado.<\/p>\n<p>La edil a\u00f1ade que el consistorio ha tenido que asumir otras actuaciones que no son competencia de la administraci\u00f3n local, pero que se han considerado necesarias para eliminar posibles situaciones de riesgo en el inicio del curso escolar (como la reparaci\u00f3n de la cornisa del CEIP Jos\u00e9 Mar\u00eda de la Fuente, la reconstrucci\u00f3n parcial del muro del CEIP Jorge Manrique, o el desbroce y adecentamiento de espacios exteriores en el CEIP Jos\u00e9 Mar\u00eda de la Fuente). Intervenciones que, asegura, \u201cson una muestra clara de que, aunque no siempre tengamos la competencia, s\u00ed tenemos la responsabilidad moral de garantizar la seguridad y el bienestar del alumnado\u201d<\/p>\n","protected":false},"excerpt":{"rendered":"Noticias &gt; Educaci\u00f3n y Universidad. Publicado: 11 Septiembre 2025 La concejal de Educaci\u00f3n, Mar\u00eda Jos\u00e9 Escobedo, ha dado&hellip;\n","protected":false},"author":2,"featured_media":109380,"comment_status":"","ping_status":"","sticky":false,"template":"","format":"standard","meta":{"footnotes":""},"categories":[5],"tags":[4071,1250,17,18,777,1940,5509,25,24,13,14,11,19,20,9,10,15,16,5510,23,12,5067,4664,21,22],"class_list":{"0":"post-109379","1":"post","2":"type-post","3":"status-publish","4":"format-standard","5":"has-post-thumbnail","7":"category-titulares","8":"tag-agenda","9":"tag-ayuntamiento","10":"tag-breaking-news","11":"tag-breakingnews","12":"tag-ciudad","13":"tag-ciudad-real","14":"tag-empleo","15":"tag-es","16":"tag-espana","17":"tag-featured-news","18":"tag-featurednews","19":"tag-headlines","20":"tag-latest-news","21":"tag-latestnews","22":"tag-news","23":"tag-noticias","24":"tag-noticias-destacadas","25":"tag-noticiasdestacadas","26":"tag-promocion-economica","27":"tag-spain","28":"tag-titulares","29":"tag-tramites","30":"tag-turismo","31":"tag-ultimas-noticias","32":"tag-ultimasnoticias"},"share_on_mastodon":{"url":"","error":""},"_links":{"self":[{"href":"https:\/\/www.europesays.com\/es\/wp-json\/wp\/v2\/posts\/109379","targetHints":{"allow":["GET"]}}],"collection":[{"href":"https:\/\/www.europesays.com\/es\/wp-json\/wp\/v2\/posts"}],"about":[{"href":"https:\/\/www.europesays.com\/es\/wp-json\/wp\/v2\/types\/post"}],"author":[{"embeddable":true,"href":"https:\/\/www.europesays.com\/es\/wp-json\/wp\/v2\/users\/2"}],"replies":[{"embeddable":true,"href":"https:\/\/www.europesays.com\/es\/wp-json\/wp\/v2\/comments?post=109379"}],"version-history":[{"count":0,"href":"https:\/\/www.europesays.com\/es\/wp-json\/wp\/v2\/posts\/109379\/revisions"}],"wp:featuredmedia":[{"embeddable":true,"href":"https:\/\/www.europesays.com\/es\/wp-json\/wp\/v2\/media\/109380"}],"wp:attachment":[{"href":"https:\/\/www.europesays.com\/es\/wp-json\/wp\/v2\/media?parent=109379"}],"wp:term":[{"taxonomy":"category","embeddable":true,"href":"https:\/\/www.europesays.com\/es\/wp-json\/wp\/v2\/categories?post=109379"},{"taxonomy":"post_tag","embeddable":true,"href":"https:\/\/www.europesays.com\/es\/wp-json\/wp\/v2\/tags?post=109379"}],"curies":[{"name":"wp","href":"https:\/\/api.w.org\/{rel}","templated":true}]}}