{"id":109391,"date":"2025-09-12T05:46:09","date_gmt":"2025-09-12T05:46:09","guid":{"rendered":"https:\/\/www.europesays.com\/es\/109391\/"},"modified":"2025-09-12T05:46:09","modified_gmt":"2025-09-12T05:46:09","slug":"toni-abad-el-malaga-es-un-equipazo-y-volvera-donde-se-merece","status":"publish","type":"post","link":"https:\/\/www.europesays.com\/es\/109391\/","title":{"rendered":"Toni Abad: \u00abEl M\u00e1laga es un equipazo y volver\u00e1 d\u00f3nde se merece\u00bb"},"content":{"rendered":"<p><a href=\"https:\/\/www.merchanendirecto.es\/wp-content\/uploads\/2025\/09\/toni-abad-huesca-malaga.webp\" data-caption=\"Foto: LaLiga\" rel=\"nofollow noopener\" target=\"_blank\"><img loading=\"lazy\" decoding=\"async\" width=\"696\" height=\"464\" class=\"entry-thumb td-modal-image\" src=\"https:\/\/www.europesays.com\/es\/wp-content\/uploads\/2025\/09\/toni-abad-huesca-malaga-696x464.webp.webp\"   alt=\"\" title=\"toni abad huesca malaga\"\/><\/a>Foto: LaLiga<\/p>\n<p>El lateral de la <strong>SD Huesca<\/strong>, <strong>Toni Abad<\/strong>, ha pasado pro el micr\u00f3fono rojo de Radio MARCA M\u00e1laga este jueves. Minutos m\u00e1s tarde de una interesant\u00edsima <a href=\"https:\/\/www.merchanendirecto.es\/malaga-cf\/brasanac-en-radio-marca-malaga-no-me-tuvo-que-convencer-nadie-para-venir\/\" target=\"_blank\" rel=\"noreferrer noopener nofollow\">primera entrevista como malaguista de Darko Brasanac<\/a>, la radio del deporte ha viajado hasta tierras oscenses con motivo de la previa del <strong>pr\u00f3ximo Huesca-M\u00e1laga de este s\u00e1bado a las 18:30 horas en El Alcoraz<\/strong>. Toni Abad ha repasado las fortalezas del equipo de <strong>Sergi Guill\u00f3<\/strong>, ha hablado de <strong>Antonio Hidalgo, Joaqu\u00edn Mu\u00f1oz, Larrubia<\/strong>\u2026 y ha afirmado: <strong>\u00abEl <a href=\"http:\/\/malagacf.com\" rel=\"nofollow noopener\" target=\"_blank\">M\u00e1laga <\/a>es un equipazo y volver\u00e1 a donde se merece\u00bb. <\/strong><\/p>\n<p><strong>Inicio de temporada. <\/strong>\u201cHemos sufrido cambios de jugadores y entrenador. La plantilla ha cambiado casi al completo. Hicimos grandes partidos en la preparaci\u00f3n. El inicio de temporada ha sido positivo\u201d.<\/p>\n<p><strong>Derrota contra el Ceuta.<\/strong> \u201cFue un poco duro. El inicio de la segunda parte nos manten\u00eda dentro del partido. Pero, la expulsi\u00f3n de Sergi Enrich nos puso el partido dif\u00edcil. Aun as\u00ed, aguantamos bien y conseguimos el empate, pero nos quedamos dolidos con el definitivo 2-1. Cada partido es complicado y adem\u00e1s fuera de casa. No obstante, por la forma que fue y siendo un rival directo, era importante puntuar. Lo bueno de esto es que en un par de d\u00edas tenemos una nueva oportunidad. Ahora tenemos un partido nuevo contra un gran equipo\u201d.<\/p>\n<p><strong>Objetivo del Huesca.<\/strong> \u201cVamos partido a partido sin mirar m\u00e1s all\u00e1. Lo primero es conseguir los 50 puntos cuanto antes. Nos marcamos ese objetivo el a\u00f1o pasado. Sin embargo, lo conseguimos y luchamos por cosas m\u00e1s bonitas despu\u00e9s. Fue un a\u00f1o brillante con una plantilla m\u00e1s corta. La gran uni\u00f3n que hubo en el vestuario y c\u00f3mo lo gestion\u00f3 Hidalgo nos hizo luchar por cosas muy bonitas\u201d.<\/p>\n<p><strong>Recibimiento a Antonio Hidalgo en la Rosaleda.<\/strong> \u201cRecuerdo el partido que fuimos all\u00ed que le ovacionaron. Muy contentos con el nuevo m\u00edster (Sergi Guill\u00f3), que aporta nuevas cosas y lo est\u00e1 haciendo muy bien\u201d.<\/p>\n<p><strong>Planteamiento del Huesca.<\/strong> \u201cEn un principio seguimos con el mismo sistema. Intentamos proponer m\u00e1s f\u00fatbol, pero el dibujo del Huesca se mantiene. Propondremos un partido muy complicado\u201d. <\/p>\n<p><strong>Exigencia de la categor\u00eda.<\/strong> \u201cTodos los partidos son dif\u00edciles. Vayas donde vayas y venga quien venga. Cualquier punto vale oro y se ve reflejado. En todos los partidos pasan mil cosas. Da igual el calendario. Hay que centrarse en cada semana y en sumar los tres puntos. Centrarse en cada fin de semana\u201d.<\/p>\n<p><strong>Opini\u00f3n sobre el M\u00e1laga.<\/strong> \u201cEl M\u00e1laga es el M\u00e1laga y siempre ser\u00e1 el M\u00e1laga. Es un equipazo y volver\u00e1 donde merece. Yo lo he seguido. Tenemos all\u00ed a Joaqu\u00edn, excompa\u00f1ero nuestro. Tienen buenos jugadores y desequilibrantes\u201d.<\/p>\n<p><strong>Relaci\u00f3n con Joaqu\u00edn Mu\u00f1oz.<\/strong> \u201cEs un compa\u00f1ero al que le tengo mucho aprecio. Me trat\u00f3 muy bien cuando llegu\u00e9 aqu\u00ed el a\u00f1o pasado. Si el s\u00e1bado jugamos ambos en esa banda, ser\u00e1 una lucha bonita. Igual me acerco a verle cuando lleguen para tirarle de la oreja un poco\u201d.<\/p>\n<p><strong>Jugador m\u00e1s interesante del M\u00e1laga.<\/strong> \u201cLarrubia me parece un jugador muy interesante. No le conozco, pero me parece un grand\u00edsimo jugador la verdad\u201d.<\/p>\n<p><strong>An\u00e1lisis del M\u00e1laga.<\/strong> \u201cHemos analizado al rival s\u00ed, tanto sus puntos d\u00e9biles como sus puntos fuertes. Trabajamos toda la semana para poder superarles. Es un equipo muy vertical, din\u00e1mico y muy r\u00e1pido. Son muy verticales sobre todo, hemos enfatizado mucho en eso\u201d.<\/p>\n","protected":false},"excerpt":{"rendered":"Foto: LaLiga El lateral de la SD Huesca, Toni Abad, ha pasado pro el micr\u00f3fono rojo de Radio&hellip;\n","protected":false},"author":2,"featured_media":109392,"comment_status":"","ping_status":"","sticky":false,"template":"","format":"standard","meta":{"footnotes":""},"categories":[268],"tags":[168,3141,25,24,280,282,4174,1963,9547,281,23,167,37571],"class_list":{"0":"post-109391","1":"post","2":"type-post","3":"status-publish","4":"format-standard","5":"has-post-thumbnail","7":"category-futbol","8":"tag-deportes","9":"tag-entrevista","10":"tag-es","11":"tag-espana","12":"tag-football","13":"tag-futbol","14":"tag-laliga-hypermotion","15":"tag-malaga-cf","16":"tag-sd-huesca","17":"tag-soccer","18":"tag-spain","19":"tag-sports","20":"tag-toni-abad"},"share_on_mastodon":{"url":"","error":""},"_links":{"self":[{"href":"https:\/\/www.europesays.com\/es\/wp-json\/wp\/v2\/posts\/109391","targetHints":{"allow":["GET"]}}],"collection":[{"href":"https:\/\/www.europesays.com\/es\/wp-json\/wp\/v2\/posts"}],"about":[{"href":"https:\/\/www.europesays.com\/es\/wp-json\/wp\/v2\/types\/post"}],"author":[{"embeddable":true,"href":"https:\/\/www.europesays.com\/es\/wp-json\/wp\/v2\/users\/2"}],"replies":[{"embeddable":true,"href":"https:\/\/www.europesays.com\/es\/wp-json\/wp\/v2\/comments?post=109391"}],"version-history":[{"count":0,"href":"https:\/\/www.europesays.com\/es\/wp-json\/wp\/v2\/posts\/109391\/revisions"}],"wp:featuredmedia":[{"embeddable":true,"href":"https:\/\/www.europesays.com\/es\/wp-json\/wp\/v2\/media\/109392"}],"wp:attachment":[{"href":"https:\/\/www.europesays.com\/es\/wp-json\/wp\/v2\/media?parent=109391"}],"wp:term":[{"taxonomy":"category","embeddable":true,"href":"https:\/\/www.europesays.com\/es\/wp-json\/wp\/v2\/categories?post=109391"},{"taxonomy":"post_tag","embeddable":true,"href":"https:\/\/www.europesays.com\/es\/wp-json\/wp\/v2\/tags?post=109391"}],"curies":[{"name":"wp","href":"https:\/\/api.w.org\/{rel}","templated":true}]}}