{"id":109395,"date":"2025-09-12T05:49:14","date_gmt":"2025-09-12T05:49:14","guid":{"rendered":"https:\/\/www.europesays.com\/es\/109395\/"},"modified":"2025-09-12T05:49:14","modified_gmt":"2025-09-12T05:49:14","slug":"la-lectura-y-el-debate-conquistan-vigo","status":"publish","type":"post","link":"https:\/\/www.europesays.com\/es\/109395\/","title":{"rendered":"La lectura y el debate conquistan Vigo"},"content":{"rendered":"<p class=\"ft-text ft-helper-closenews\"><strong>\u00abSe buscan lectores\u00bb,<\/strong> el centro de la ciudad est\u00e1 empapelado con estos carteles. Se trata de una campa\u00f1a de difusi\u00f3n del <strong>Vigo Club de Lectura<\/strong>, organizado por<strong> Manuel Gunti\u00f1as<\/strong>. El objetivo: dar visisibilidad al<a class=\"ft-link ft-link--decoration\" href=\"https:\/\/www.farodevigo.es\/estela\/2023\/01\/22\/socializando-traves-libros-club-lectura-81580384.html\" rel=\"nofollow noopener\" target=\"_blank\"> club<\/a>. <strong>\u00abCuanta m\u00e1s gente se apunte, mejor\u00bb<\/strong>, enfatiza el fundador. Lo cre\u00f3 en 2023, pero fue el a\u00f1o pasado cuando abri\u00f3 las puertas al p\u00fablico, <strong>\u00abal principio era solo para amigos y conocidos\u00bb,<\/strong> recuerda. En este tiempo <strong>el club se ha extendido como la p\u00f3lvora. <\/strong>En su perfil de Instagram cuenta con m\u00e1s de <strong>33 mil seguidores de diferentes pa\u00edses<\/strong>, \u00absolo el 4% de las personas que nos siguen son de Vigo\u00bb, asegura. Por eso, ahora buscan <strong>\u00ablocalizarse\u00bb y ganar popularidad entre los vecinos de la ciudad. <\/strong><\/p>\n<p class=\"ft-text\">Para Gunti\u00f1as, que las reuniones sean presenciales es <strong>\u00abfundamental\u00bb<\/strong>. Defiende que, muchas veces, la<a class=\"ft-link ft-link--decoration\" href=\"https:\/\/www.farodevigo.es\/tags\/lectura\/\" rel=\"nofollow noopener\" target=\"_blank\"> lectura<\/a> es una <strong>\u00abexcusa para socializar con personas que comparten tus mismos gustos\u00bb<\/strong>. El club va m\u00e1s all\u00e1 de las reuniones:<strong> \u00abA veces nos vamos a cenar juntos\u00bb.<\/strong> Esta idea de comunidad es una de las razones por las que Gunti\u00f1as decidi\u00f3 abrir su propio club: <strong>\u00abQuer\u00eda que el tono fuese m\u00e1s coloquial y distendido\u00bb<\/strong>. Cuando vino a vivir a Vigo busc\u00f3 c\u00edrculos de lectura a los que anotarse, pero casi todos estaban completos o hab\u00eda lista de espera. Finalmente entr\u00f3 en el Club de <a class=\"ft-link ft-link--decoration\" href=\"https:\/\/www.farodevigo.es\/tags\/libros\/\" rel=\"nofollow noopener\" target=\"_blank\">Literatura<\/a> de Azuela, donde contin\u00faa a d\u00eda de hoy. Sin embargo, <strong>quer\u00eda poder tener la decisi\u00f3n sobre los libros que se propon\u00edan<\/strong>, el otro motivo del nacimiento de Vigo Club de Lecturas.<\/p>\n<p class=\"ft-text\">Busca<strong> libros que dan pie al debate<\/strong>. Realiza la selecci\u00f3n entorno a dos criterios.<strong> \u00abQue el libro no sea demasiado popular para que no se lo haya le\u00eddo la gente que participa y que invite a reflexionar\u00bb<\/strong>.A diferencia de otros grupos, el suyo no tiene una tem\u00e1tica en espec\u00edfica:<strong> \u00abHay clubes que se centran m\u00e1s en la filolog\u00eda, la estructura de la novela, nosotros vamos a las ideas\u00bb. <\/strong><\/p>\n<p class=\"ft-text\"><strong>Una semana al mes se re\u00fanen <\/strong>en la<a class=\"ft-link ft-link--decoration\" href=\"https:\/\/www.facebook.com\/lagaleriajazz\/\" rel=\"nofollow noopener\" target=\"_blank\"> Galeriajazz<\/a> para poner en com\u00fan sus opiniones. Son diez usuarios fijos, pero el n\u00famero de personas que acude var\u00eda seg\u00fan la fecha.<strong> \u00abEn verano y Navidad viene menos gente, luego hay momentos en que vienen m\u00e1s\u00bb<\/strong> , concreta. La sala tiene un<strong> aforo de 20 personas y su objetivo es llegar recurrentemente hasta esa cifra.<\/strong> La pr\u00f3xima lectura que est\u00e1n preparando es La sociedad del cansancio de <a class=\"ft-link ft-link--decoration\" href=\"https:\/\/es.wikipedia.org\/wiki\/Byung-Chul_Han\" rel=\"nofollow noopener\" target=\"_blank\">Byung-Chul Han<\/a>. Un <strong>ensayo<\/strong> sobre c\u00f3mo las sociedades contempor\u00e1neas h<strong>an pasado de un modelo disciplinario a uno de rendimiento.<\/strong> Cualquiera es bienvenido en el Club, sin importar el idioma que hable o su edad, ya que <strong>\u00abse pueden coger traducciones\u00bb<\/strong>. Ahora mismo la edad media son los 40 a\u00f1os.<\/p>\n<p class=\"ft-text\"><strong>Xiana Villaverde<\/strong> hizo su Trabajo de Fin de Grado <strong>sobre el funcionamiento de los clubs de lectura<\/strong>, en su recorrido por diferentes grupos observ\u00f3 que en cada uno las din\u00e1micas son muy diferentes: <strong>\u00abEn algunos te conviertes en observador, en otros participas m\u00e1s, en algunos predominan las personas j\u00f3venes y en otros las mayores\u00bb.<\/strong><\/p>\n<p>Otras iniciativas<\/p>\n<p class=\"ft-text\">No es la \u00fanica <strong>propuesta cultural que Gunti\u00f1as aporta a la ciudad.<\/strong> Cuenta con otro canal paralelo, <a class=\"ft-link ft-link--decoration\" href=\"https:\/\/www.instagram.com\/vigoencorto\/?igsh=eGs4azlkdnV3ZXB3#\" rel=\"nofollow noopener\" target=\"_blank\">Vigoencorto<\/a>, destinado a la c<strong>reaci\u00f3n cinematogr\u00e1fica<\/strong>, sigue el mismo esp\u00edritu que el club de lectura: <strong>gente que se une para disfrutar de una afici\u00f3n.<\/strong><\/p>\n<p data-close=\"closedContent\" class=\"subscribeHideForDisplay\">Suscr\u00edbete para seguir leyendo<\/p>\n<p><script async src=\"\/\/www.instagram.com\/embed.js\"><\/script><\/p>\n","protected":false},"excerpt":{"rendered":"\u00abSe buscan lectores\u00bb, el centro de la ciudad est\u00e1 empapelado con estos carteles. Se trata de una campa\u00f1a&hellip;\n","protected":false},"author":2,"featured_media":109396,"comment_status":"","ping_status":"","sticky":false,"template":"","format":"standard","meta":{"footnotes":""},"categories":[172],"tags":[224,1798,146,147,25,24,260,37573,1807,225,23],"class_list":{"0":"post-109395","1":"post","2":"type-post","3":"status-publish","4":"format-standard","5":"has-post-thumbnail","7":"category-libros","8":"tag-books","9":"tag-club","10":"tag-entertainment","11":"tag-entretenimiento","12":"tag-es","13":"tag-espana","14":"tag-gente","15":"tag-la-lectura-y-el-debate-conquistan-vigo","16":"tag-lectura","17":"tag-libros","18":"tag-spain"},"share_on_mastodon":{"url":"","error":""},"_links":{"self":[{"href":"https:\/\/www.europesays.com\/es\/wp-json\/wp\/v2\/posts\/109395","targetHints":{"allow":["GET"]}}],"collection":[{"href":"https:\/\/www.europesays.com\/es\/wp-json\/wp\/v2\/posts"}],"about":[{"href":"https:\/\/www.europesays.com\/es\/wp-json\/wp\/v2\/types\/post"}],"author":[{"embeddable":true,"href":"https:\/\/www.europesays.com\/es\/wp-json\/wp\/v2\/users\/2"}],"replies":[{"embeddable":true,"href":"https:\/\/www.europesays.com\/es\/wp-json\/wp\/v2\/comments?post=109395"}],"version-history":[{"count":0,"href":"https:\/\/www.europesays.com\/es\/wp-json\/wp\/v2\/posts\/109395\/revisions"}],"wp:featuredmedia":[{"embeddable":true,"href":"https:\/\/www.europesays.com\/es\/wp-json\/wp\/v2\/media\/109396"}],"wp:attachment":[{"href":"https:\/\/www.europesays.com\/es\/wp-json\/wp\/v2\/media?parent=109395"}],"wp:term":[{"taxonomy":"category","embeddable":true,"href":"https:\/\/www.europesays.com\/es\/wp-json\/wp\/v2\/categories?post=109395"},{"taxonomy":"post_tag","embeddable":true,"href":"https:\/\/www.europesays.com\/es\/wp-json\/wp\/v2\/tags?post=109395"}],"curies":[{"name":"wp","href":"https:\/\/api.w.org\/{rel}","templated":true}]}}