{"id":109415,"date":"2025-09-12T06:02:35","date_gmt":"2025-09-12T06:02:35","guid":{"rendered":"https:\/\/www.europesays.com\/es\/109415\/"},"modified":"2025-09-12T06:02:35","modified_gmt":"2025-09-12T06:02:35","slug":"el-mene-salva-la-tarde-en-albacete-con-una-gran-faena-y-una-oreja-en-una-novillada-marcada-por-la-cogida-de-alejandro-quesada-noticias-de-feria-de-albacete-2025","status":"publish","type":"post","link":"https:\/\/www.europesays.com\/es\/109415\/","title":{"rendered":"El Mene salva la tarde en Albacete con una gran faena y una oreja en una novillada marcada por la cogida de Alejandro Quesada &#8211; Noticias de Feria de Albacete 2025"},"content":{"rendered":"\n<p>La Feria Taurina de Albacete, en honor a la Virgen de Los Llanos, vivi\u00f3 este mi\u00e9rcoles 10 de septiembre una tarde de contrastes en la tercera de abono. La novillada de <a href=\"https:\/\/www.lacerca.com\/etiquetas\/1\/antonio%20l%C3%B3pez%20gibaja\" rel=\"tag nofollow noopener\" target=\"_blank\">Antonio L\u00f3pez Gibaja<\/a>, de impecable presentaci\u00f3n aunque de desigual juego, dej\u00f3 momentos de emoci\u00f3n, un herido y una oreja como \u00fanico trofeo en una tarde que tuvo en El Mene a su gran protagonista.<\/p>\n<p>El joven novillero asumi\u00f3 la papeleta de matar tres utreros tras la cogida de <a href=\"https:\/\/www.lacerca.com\/etiquetas\/1\/alejandro%20quesada\" rel=\"tag nofollow noopener\" target=\"_blank\">Alejandro Quesada<\/a>. Poco pudo extraer de los dos primeros de su lote, muy deslucidos y faltos de entrega. Sin embargo, todo cambi\u00f3 frente al sexto, un novillo con m\u00e1s clase y fondo que permiti\u00f3 a El Mene desplegar su concepto de toreo est\u00e9tico y templado. Faena presidida por la limpieza y el mando, sobre todo en la diestra, que cal\u00f3 con fuerza en los tendidos. Una gran estocada puso r\u00fabrica a la obra y le vali\u00f3 la \u00fanica oreja de la tarde, convirti\u00e9ndole en triunfador del festejo.<\/p>\n<p>Alejandro Quesada fue la cara amarga de la jornada. El albacete\u00f1o se midi\u00f3 con un tercero complicado y manso que busc\u00f3 la querencia. En uno de sus viajes, el animal lo prendi\u00f3 en un susto tremendo que hizo que el pit\u00f3n rozara a la altura del pecho. Cay\u00f3 a la arena, volvi\u00f3 a la cara del toro con valor y lo mat\u00f3, pero tuvo que pasar de inmediato a la enfermer\u00eda, donde fue atendido de una cornada interna en el gemelo izquierdo. No pudo salir al sexto.<\/p>\n<p>Por su parte, <a href=\"https:\/\/www.lacerca.com\/etiquetas\/1\/javier%20zulueta\" rel=\"tag nofollow noopener\" target=\"_blank\">Javier Zulueta<\/a> mostr\u00f3 gusto y torer\u00eda, especialmente al natural con el quinto, que sali\u00f3 como sobrero tras lesionarse el titular. Su labor fue de mucha est\u00e9tica y conexi\u00f3n con el p\u00fablico, aunque la espada le priv\u00f3 de premio. Tambi\u00e9n con el segundo dej\u00f3 pinceladas de calidad, si bien la falta de fuerzas del utrero rest\u00f3 opciones.<\/p>\n<p>La tarde, con media entrada en los tendidos, dej\u00f3 as\u00ed un balance de esfuerzo, temple y tambi\u00e9n drama en una feria que sigue escribiendo p\u00e1ginas intensas en honor a la Virgen de Los Llanos.<\/p>\n<p> Ficha t\u00e9cnica <\/p>\n<p>Plaza de toros de Albacete.<\/p>\n<p>Tercera de la Feria de la Virgen de Los Llanos. Media entrada.<\/p>\n<p>Novillos de Antonio L\u00f3pez Gibaja, bien presentados y de juego desigual. El quinto fue lidiado como sobrero tras lesionarse el titular. Los mejores, quinto y sexto.<\/p>\n<p><strong>&#8211; El Mene: silencio, ovaci\u00f3n y oreja.<\/strong><\/p>\n<p><strong>&#8211; Javier Zulueta: ovaci\u00f3n y ovaci\u00f3n.<\/strong><\/p>\n<p><strong>&#8211; Alejandro Quesada: herido.<\/strong><\/p>\n<p> Parte m\u00e9dico <\/p>\n<p>El novillero Alejandro Quesada fue atendido en la enfermer\u00eda de la plaza de toros de Albacete de dolor y tumefacci\u00f3n en pantorrilla izquierda, con signo de la pedrada positivo. A la exploraci\u00f3n, presenta cornada interna en gemelo interno izquierdo de 12 cm. Se practica intervenci\u00f3n en enfermer\u00eda con drenaje de hematoma, reparaci\u00f3n muscular y drenaje de la trayectoria.<\/p>\n<p><strong>Pron\u00f3stico: menos grave.<\/strong><\/p>\n<p>Es trasladado al <a href=\"https:\/\/www.lacerca.com\/etiquetas\/1\/hospital%20quir%C3%B3n%20salud%20santa%20cristina\" rel=\"tag nofollow noopener\" target=\"_blank\">Hospital Quir\u00f3n Salud Santa Cristina<\/a>.<\/p>\n<p>Fdo: Dr. <a href=\"https:\/\/www.lacerca.com\/etiquetas\/1\/pascual%20gonz%C3%A1lez%20masegosa\" rel=\"tag nofollow noopener\" target=\"_blank\">Pascual Gonz\u00e1lez Masegosa<\/a>.<\/p>\n<p> GALER\u00cdA DE FOTOS <img decoding=\"async\" class=\"image iccms-gallery-fw-1600 iccms-gallery-fh-1067 lazy\" src=\"https:\/\/www.europesays.com\/es\/wp-content\/uploads\/2025\/09\/5df93a44da0b75cd5a850171da4475d7.jpg\" title=\"\" alt=\"Corrida toros 10-09-25 (13) - Pase\u00edllo.\"\/><\/p>\n<p>Corrida toros 10-09-25 (13) &#8211; Pase\u00edllo.<\/p>\n<p> <img decoding=\"async\" class=\"image iccms-gallery-fw-1600 iccms-gallery-fh-1067 lazy\" src=\"https:\/\/www.europesays.com\/es\/wp-content\/uploads\/2025\/09\/235c8748d86116011cf3bd6c8e998947.jpg\" title=\"\" alt=\"Corrida toros 10-09-25 (12) - Pase\u00edllo.\"\/><\/p>\n<p>Corrida toros 10-09-25 (12) &#8211; Pase\u00edllo.<\/p>\n<p> <img decoding=\"async\" class=\"image iccms-gallery-fw-1600 iccms-gallery-fh-1067 lazy\" src=\"https:\/\/www.europesays.com\/es\/wp-content\/uploads\/2025\/09\/ed9992466dbe4bf2101c3e4ede9c1bfd.jpg\" title=\"\" alt=\"Corrida toros 10-09-25 (13) El Mene.\"\/><\/p>\n<p>Corrida toros 10-09-25 (13) El Mene.<\/p>\n<p> <img decoding=\"async\" class=\"image iccms-gallery-fw-1600 iccms-gallery-fh-1067 lazy\" src=\"https:\/\/www.europesays.com\/es\/wp-content\/uploads\/2025\/09\/ffd0c83f827d82a9dfa72487cabb1f73.jpg\" title=\"\" alt=\"Corrida toros 10-09-25 (12) El Mene.\"\/><\/p>\n<p>Corrida toros 10-09-25 (12) El Mene.<\/p>\n<p> <img decoding=\"async\" class=\"image iccms-gallery-fw-1600 iccms-gallery-fh-1067 lazy\" src=\"https:\/\/www.europesays.com\/es\/wp-content\/uploads\/2025\/09\/a469be6669490195495e0a63841094a2.jpg\" title=\"\" alt=\"Corrida toros 10-09-25 (11) El Mene.\"\/><\/p>\n<p>Corrida toros 10-09-25 (11) El Mene.<\/p>\n<p> <img decoding=\"async\" class=\"image iccms-gallery-fw-1600 iccms-gallery-fh-1067 lazy\" src=\"https:\/\/www.europesays.com\/es\/wp-content\/uploads\/2025\/09\/3ee6231e9bf9861452f335e8ed64c723.jpg\" title=\"\" alt=\"Corrida toros 10-09-25 - Javier Zulueta.\"\/><\/p>\n<p>Corrida toros 10-09-25 &#8211; Javier Zulueta.<\/p>\n<p> <img decoding=\"async\" class=\"image iccms-gallery-fw-1600 iccms-gallery-fh-1067 lazy\" src=\"https:\/\/www.europesays.com\/es\/wp-content\/uploads\/2025\/09\/45e5a2b9222adc8e5228380d57ef7703.jpg\" title=\"\" alt=\"Corrida toros 10-09-25 (9) - Javier Zulueta.\"\/><\/p>\n<p>Corrida toros 10-09-25 (9) &#8211; Javier Zulueta.<\/p>\n<p> <img decoding=\"async\" class=\"image iccms-gallery-fw-1600 iccms-gallery-fh-1067 lazy\" src=\"https:\/\/www.europesays.com\/es\/wp-content\/uploads\/2025\/09\/39e21735487fa1e49a4be8fecb72f661.jpg\" title=\"\" alt=\"Corrida toros 10-09-25 (8) - Javier Zulueta.\"\/><\/p>\n<p>Corrida toros 10-09-25 (8) &#8211; Javier Zulueta.<\/p>\n<p> <img decoding=\"async\" class=\"image iccms-gallery-fw-1600 iccms-gallery-fh-1067 lazy\" src=\"https:\/\/www.europesays.com\/es\/wp-content\/uploads\/2025\/09\/e7c3f6fa0ffe0040fae04d95b97d7fcf.jpg\" title=\"\" alt=\"Corrida toros 10-09-25 (20) - Alejandro Quesada.\"\/><\/p>\n<p>Corrida toros 10-09-25 (20) &#8211; Alejandro Quesada.<\/p>\n<p> <img decoding=\"async\" class=\"image iccms-gallery-fw-1600 iccms-gallery-fh-1067 lazy\" src=\"https:\/\/www.europesays.com\/es\/wp-content\/uploads\/2025\/09\/b1bea75f77ad796190c7f5203765ef26.jpg\" title=\"\" alt=\"Corrida toros 10-09-25 (19) - Alejandro Quesada.\"\/><\/p>\n<p>Corrida toros 10-09-25 (19) &#8211; Alejandro Quesada.<\/p>\n<p> <img decoding=\"async\" class=\"image iccms-gallery-fw-1600 iccms-gallery-fh-1067 lazy\" src=\"https:\/\/www.europesays.com\/es\/wp-content\/uploads\/2025\/09\/ef07985d3d67538e793d549941763d8f.jpg\" title=\"\" alt=\"Corrida toros 10-09-25 (18) - Alejandro Quesada.\"\/><\/p>\n<p>Corrida toros 10-09-25 (18) &#8211; Alejandro Quesada.<\/p>\n<p> <img decoding=\"async\" class=\"image iccms-gallery-fw-1600 iccms-gallery-fh-1067 lazy\" src=\"https:\/\/www.europesays.com\/es\/wp-content\/uploads\/2025\/09\/52212aa8ca25c46c5f7cf138b62b81f7.jpg\" title=\"\" alt=\"Corrida toros 10-09-25 (17) - Alejandro Quesada.\"\/><\/p>\n<p>Corrida toros 10-09-25 (17) &#8211; Alejandro Quesada.<\/p>\n<p> <img decoding=\"async\" class=\"image iccms-gallery-fw-1600 iccms-gallery-fh-1067 lazy\" src=\"https:\/\/www.europesays.com\/es\/wp-content\/uploads\/2025\/09\/9a250fbdd4e8a1164bf78f06965e81e4.jpg\" title=\"\" alt=\"Corrida toros 10-09-25 (16) - Alejandro Quesada.\"\/><\/p>\n<p>Corrida toros 10-09-25 (16) &#8211; Alejandro Quesada.<\/p>\n<p> <img decoding=\"async\" class=\"image iccms-gallery-fw-1600 iccms-gallery-fh-1067 lazy\" src=\"https:\/\/www.europesays.com\/es\/wp-content\/uploads\/2025\/09\/ddbad1837ec86182798d3a922336101d.jpg\" title=\"\" alt=\"Corrida toros 10-09-25 (15) - Alejandro Quesada.\"\/><\/p>\n<p>Corrida toros 10-09-25 (15) &#8211; Alejandro Quesada.<\/p>\n","protected":false},"excerpt":{"rendered":"La Feria Taurina de Albacete, en honor a la Virgen de Los Llanos, vivi\u00f3 este mi\u00e9rcoles 10 de&hellip;\n","protected":false},"author":2,"featured_media":109416,"comment_status":"","ping_status":"","sticky":false,"template":"","format":"standard","meta":{"footnotes":""},"categories":[277],"tags":[2545,10114,373,11859,168,25,24,13839,3956,16023,34982,4494,4801,37575,10439,23,167,11054,374],"class_list":{"0":"post-109415","1":"post","2":"type-post","3":"status-publish","4":"format-standard","5":"has-post-thumbnail","7":"category-toreo","8":"tag-albacete","9":"tag-alejandro","10":"tag-bullfighting","11":"tag-cogida","12":"tag-deportes","13":"tag-es","14":"tag-espana","15":"tag-faena","16":"tag-gran","17":"tag-marcada","18":"tag-mene","19":"tag-novillada","20":"tag-oreja","21":"tag-quesada","22":"tag-salva","23":"tag-spain","24":"tag-sports","25":"tag-tarde","26":"tag-toreo"},"share_on_mastodon":{"url":"","error":""},"_links":{"self":[{"href":"https:\/\/www.europesays.com\/es\/wp-json\/wp\/v2\/posts\/109415","targetHints":{"allow":["GET"]}}],"collection":[{"href":"https:\/\/www.europesays.com\/es\/wp-json\/wp\/v2\/posts"}],"about":[{"href":"https:\/\/www.europesays.com\/es\/wp-json\/wp\/v2\/types\/post"}],"author":[{"embeddable":true,"href":"https:\/\/www.europesays.com\/es\/wp-json\/wp\/v2\/users\/2"}],"replies":[{"embeddable":true,"href":"https:\/\/www.europesays.com\/es\/wp-json\/wp\/v2\/comments?post=109415"}],"version-history":[{"count":0,"href":"https:\/\/www.europesays.com\/es\/wp-json\/wp\/v2\/posts\/109415\/revisions"}],"wp:featuredmedia":[{"embeddable":true,"href":"https:\/\/www.europesays.com\/es\/wp-json\/wp\/v2\/media\/109416"}],"wp:attachment":[{"href":"https:\/\/www.europesays.com\/es\/wp-json\/wp\/v2\/media?parent=109415"}],"wp:term":[{"taxonomy":"category","embeddable":true,"href":"https:\/\/www.europesays.com\/es\/wp-json\/wp\/v2\/categories?post=109415"},{"taxonomy":"post_tag","embeddable":true,"href":"https:\/\/www.europesays.com\/es\/wp-json\/wp\/v2\/tags?post=109415"}],"curies":[{"name":"wp","href":"https:\/\/api.w.org\/{rel}","templated":true}]}}