{"id":109423,"date":"2025-09-12T06:09:09","date_gmt":"2025-09-12T06:09:09","guid":{"rendered":"https:\/\/www.europesays.com\/es\/109423\/"},"modified":"2025-09-12T06:09:09","modified_gmt":"2025-09-12T06:09:09","slug":"monchi-la-aficion-islena-ha-demostrado-su-amor-carino-y-madurez-comprando-este-proyecto-desde-el-minuto-1-futbol","status":"publish","type":"post","link":"https:\/\/www.europesays.com\/es\/109423\/","title":{"rendered":"Monchi: &#8216;La afici\u00f3n isle\u00f1a ha demostrado su amor, cari\u00f1o y madurez, comprando este proyecto desde el minuto 1&#8217;, F\u00fatbol"},"content":{"rendered":"<p>El presidente del CD San Fernando 1940, Monchi, atendi\u00f3 a la prensa isle\u00f1a al t\u00e9rmino del partido de este jueves, donde su equipo ofreci\u00f3 una gran imagen ante un rival como el Xerez Deportivo FC de Segunda Federaci\u00f3n y en el que mereci\u00f3 un mayor premio que el 1-1 con que acab\u00f3 el choque tras el gol del incombustible Pedro Carri\u00f3n. \u00abLa afici\u00f3n de San Fernando ha dado muestras de cari\u00f1o, amor y madurez, comprando el proyecto desde el minuto 1\u00bb.\u00a0<\/p>\n<p>            \t<img decoding=\"async\" src=\"https:\/\/www.europesays.com\/es\/wp-content\/uploads\/2025\/09\/-monchi.jpg\" alt=\"Monchi vio 'in situ' el gran partido de su equipo ante el Xerez DFC. \" \/><br \/>\n\t\t\t            \tMonchi vio &#8216;in situ&#8217; el gran partido de su equipo ante el Xerez DFC.  | Foto: <strong>GABY CUMBRERAS<\/strong><\/p>\n<p>&#8211;<strong>Ram\u00f3n, te marchas muy contento.<\/strong><\/p>\n<p>-As\u00ed es. Me voy muy satisfecho porque uno de los retos de este proyecto era devolver la ilusi\u00f3n a la afici\u00f3n de San Fernando y creo que se est\u00e1 consiguiendo, no s\u00f3lo en este partido, sino tambi\u00e9n en los anteriores. Pero hoy ha sido ante un rival de Segunda Federaci\u00f3n y hemos dado una magn\u00edfica imagen. El equipo va creciendo y vamos a llegar en un gran momento al inicio de la temporada.<\/p>\n<p>&#8211;<strong>Cuando ves que el CD San Fernando roza los 4.500 socios se te tiene que poner la piel de gallina. Todo el mundo sab\u00edamos donde te met\u00edas, pero \u00bfte esperabas esta reacci\u00f3n de la afici\u00f3n isle\u00f1a?<\/strong><\/p>\n<p>-La verdad es que me ha sorprendido gratamente. La afici\u00f3n de San Fernando ha dado muestras de cari\u00f1o, amor y madurez, comprando el proyecto desde el minuto 1. No s\u00f3lo el apoyo ha venido con esos n\u00fameros bestiales de socios. tambi\u00e9n a trav\u00e9s del comercio isle\u00f1o, de los medios de comunicaci\u00f3n y de la gente que trabaja en el club. Todo ello motiva para intentar, desde mi lejan\u00eda en tierras inglesas, apoyar lo m\u00e1ximo posible para que esto vaya lo mejor posible.\u00a0<\/p>\n<p class=\"publicidad-rotulo\">Publicidad<\/p>\n<p><a href=\"https:\/\/www.deportedelaisla.com\/publicidad\/503fed7a055a1115308977bec4d1aafe08f5d93c\" target=\"_blank\" rel=\"nofollow noopener\"><img decoding=\"async\" class=\"lazy\" src=\"i\/publicidad\/camposoto-sun-2-1753026580p.jpg\" alt=\"Camposoto Sun 2025\" \/><\/a><\/p>\n<p>&#8211;<strong>\u00bfC\u00f3mo es la vida de Monchi? Te har\u00e1 falta que los d\u00edas sean de 30 horas.<\/strong><\/p>\n<p>-A ver, no. El m\u00e1ximo tiempo posible se lo dedico, indudablemente, al Aston Villa, pero cuando tengo un huequecito lo hago con el San Fernando. Y ahora estoy m\u00e1s relajado porque la gente est\u00e1 trabajando muy bien y le hemos dado un formato m\u00e1s profesional al club. Por ello quiero darle las gracias a los empleados y colaboradores que hacen posible que esto sea f\u00e1cil. Yo me debo al Aston Villa, pero me hace mucha ilusi\u00f3n este proyecto porque el San Fernando es el club donde empec\u00e9 como futbolista y le debo mucho.<\/p>\n<p>&#8211;<strong>\u00bfQu\u00e9 te dice la gente cuando te ve por las calles de La Isla?<\/strong><\/p>\n<p>-La mayor\u00eda de la gente me da las gracias y yo se las devuelvo porque ya he dicho muchas veces que este proyecto ser\u00e1 lo que quiera la afici\u00f3n del San Fernando. Intentar\u00e9 dirigirlo, con la experiencia que tengo despu\u00e9s de tantos a\u00f1os en el f\u00fatbol profesional, pero est\u00e1 claro que ser\u00e1 lo que la gente quiera. La gente me da las gracias y me anima, pero yo tambi\u00e9n les doy las gracias porque este proyecto va creciendo.<\/p>\n<p class=\"publicidad-rotulo\">Publicidad<\/p>\n<p><img decoding=\"async\" class=\"lazy\" src=\"i\/publicidad\/gonzalez-cabrerizo-1751646872-1751646872p.jpg\" alt=\"Gonz\u00e1lez Cabrerizo\" \/><\/p>\n<p>&#8211;<strong>El apoyo del Ayuntamiento ha sido clave en todo este asunto, pero declarabas a El Desmarque de Cuatro que el apoyo de Ren\u00e9 Ramos tambi\u00e9n lo ha sido para que te decidieras a dar el paso adelante<\/strong>.<\/p>\n<p>-Necesitaba alguien a mi lado que me diera algo de cari\u00f1o y apoyo. Y en ese sentido, Ren\u00e9 es tambi\u00e9n un gran profesional. Est\u00e1 en Madrid, pero s\u00e9 que vamos de la mano y eso es muy importante. Y el Ayuntamiento ha sido fundamental para que nos anim\u00e1ramos todos a meternos en este l\u00edo.\u00a0<\/p>\n<p class=\"publicidad-rotulo\">Publicidad<\/p>\n<p><img decoding=\"async\" class=\"lazy\" src=\"i\/publicidad\/persianas-escobar-contenido-1684565905p.gif\" alt=\"Persianas Escobar\" \/><\/p>\n<p class=\"publicidad-rotulo\">Publicidad<\/p>\n<p>                                        <a href=\"https:\/\/www.deportedelaisla.com\/publicidad\/82fa5b2b6fada0c7158b5b262c8a605b9d4027b6\" target=\"_blank\" rel=\"nofollow noopener\"><img decoding=\"async\" class=\"lazy\" src=\"i\/publicidad\/venta-vargas-par-1612186094.jpg\" alt=\"Venta Vargas\" \/><\/a><\/p>\n","protected":false},"excerpt":{"rendered":"El presidente del CD San Fernando 1940, Monchi, atendi\u00f3 a la prensa isle\u00f1a al t\u00e9rmino del partido de&hellip;\n","protected":false},"author":2,"featured_media":109424,"comment_status":"","ping_status":"","sticky":false,"template":"","format":"standard","meta":{"footnotes":""},"categories":[268],"tags":[7427,168,25,24,280,282,281,23,167],"class_list":{"0":"post-109423","1":"post","2":"type-post","3":"status-publish","4":"format-standard","5":"has-post-thumbnail","7":"category-futbol","8":"tag-cd-san-fernando-1940","9":"tag-deportes","10":"tag-es","11":"tag-espana","12":"tag-football","13":"tag-futbol","14":"tag-soccer","15":"tag-spain","16":"tag-sports"},"share_on_mastodon":{"url":"","error":""},"_links":{"self":[{"href":"https:\/\/www.europesays.com\/es\/wp-json\/wp\/v2\/posts\/109423","targetHints":{"allow":["GET"]}}],"collection":[{"href":"https:\/\/www.europesays.com\/es\/wp-json\/wp\/v2\/posts"}],"about":[{"href":"https:\/\/www.europesays.com\/es\/wp-json\/wp\/v2\/types\/post"}],"author":[{"embeddable":true,"href":"https:\/\/www.europesays.com\/es\/wp-json\/wp\/v2\/users\/2"}],"replies":[{"embeddable":true,"href":"https:\/\/www.europesays.com\/es\/wp-json\/wp\/v2\/comments?post=109423"}],"version-history":[{"count":0,"href":"https:\/\/www.europesays.com\/es\/wp-json\/wp\/v2\/posts\/109423\/revisions"}],"wp:featuredmedia":[{"embeddable":true,"href":"https:\/\/www.europesays.com\/es\/wp-json\/wp\/v2\/media\/109424"}],"wp:attachment":[{"href":"https:\/\/www.europesays.com\/es\/wp-json\/wp\/v2\/media?parent=109423"}],"wp:term":[{"taxonomy":"category","embeddable":true,"href":"https:\/\/www.europesays.com\/es\/wp-json\/wp\/v2\/categories?post=109423"},{"taxonomy":"post_tag","embeddable":true,"href":"https:\/\/www.europesays.com\/es\/wp-json\/wp\/v2\/tags?post=109423"}],"curies":[{"name":"wp","href":"https:\/\/api.w.org\/{rel}","templated":true}]}}