{"id":109445,"date":"2025-09-12T06:24:07","date_gmt":"2025-09-12T06:24:07","guid":{"rendered":"https:\/\/www.europesays.com\/es\/109445\/"},"modified":"2025-09-12T06:24:07","modified_gmt":"2025-09-12T06:24:07","slug":"el-angel-ximenez-puente-genil-da-comienzo-a-una-nueva-temporada-ante-el-granollers","status":"publish","type":"post","link":"https:\/\/www.europesays.com\/es\/109445\/","title":{"rendered":"El \u00c1ngel Xim\u00e9nez Puente Genil da comienzo a una nueva temporada ante el Granollers"},"content":{"rendered":"<p class=\"voc-p\" style=\"\">Con el trabajo previo de la pretemporada ya finalizado, el <strong>\u00c1ngel Xim\u00e9nez Puente Genil<\/strong> vuelve a ponerse el mono de trabajo para afrontar un nuevo capitulo en su andadura en la <strong>Liga Asobal<\/strong>. Tras una ag\u00f3nica salvaci\u00f3n en la \u00faltima jornada de la campa\u00f1a pasada, en este curso buscar\u00e1n vivir una temporada mucho m\u00e1s c\u00f3moda que les permita aspirar por cotas m\u00e1s altas. Para ello, la primera parada ser\u00e1 en tierras barcelonesas ante el <strong>Club Balonmano Granollers este viernes a las 19.00 horas<\/strong>. <\/p>\n<p class=\"voc-p\" style=\"\">Su t\u00e9cnico, <strong>Paco Bustos<\/strong>, afrontar\u00e1 la que ser\u00e1 su <strong>s\u00e9ptima campa\u00f1a<\/strong> al frente de la entidad pontanesa, conjunto que vivir\u00e1 su <strong>decimotercer a\u00f1o en la m\u00e1xima categor\u00eda del balonmano nacional<\/strong>. De momento, durante la pretemporada ya han disputado varios test para llegar al inicio liguero en \u00f3ptimas condiciones. Dentro de estas pruebas, es destacable <a href=\"https:\/\/www.abc.es\/espana\/andalucia\/cordoba\/cordoba-cf\/cordoba-vive-mejor-arranque-era-ania-20250911082418-nts.html\" target=\"_self\" data-voc-vtm-id=\"in-text-traffic\" title=\"el logro de su d\u00e9cima Copa Andaluc\u00eda\" data-mrf-link=\"www.abc.es\" rel=\"nofollow noopener\">el logro de su d\u00e9cima Copa Andaluc\u00eda<\/a> delante de su afici\u00f3n ante el Prointegrada de Triana.<\/p>\n<p class=\"voc-p\" style=\"\">Dentro de su plantel se mantienen grandes figuras como la del incombustible portero <strong>\u00c1lvaro de Hita<\/strong>, que con sus 48 a\u00f1os vivir\u00e1 una nueva temporada en Puente Genil, o incluso la del capit\u00e1n Jes\u00fas Cuenca. Sin embargo, en el<strong> apartado de salidas<\/strong>, Tam\u00e1s J\u00e1nosi, Mams Keita, Denys Barros, Fradj Ben Tekaya, Ruben Ledi y Javi Garc\u00eda no continuaran en el \u00c1ngel Xim\u00e9nez. <\/p>\n<p>\nNuevas incorporaciones\n<\/p>\n<p class=\"voc-p\" style=\"\">Para cubrir estas bajas, la directiva pontanesa ha sabido moverse en el mercado veraniego para <strong>tener efectivos de grandes garant\u00edas<\/strong>. El primero se trata del extremo <strong>Mario Dorado<\/strong> que llega por dos temporadas tras su paso por la liga francesa defendiendo los colores del Caen. A esta zona de la pista tambi\u00e9n se sum\u00f3 la llegada de <strong>Pablo Soler<\/strong>, hijo del ex entrenador Quino Soler, aunque finalmente jugar\u00e1 cedido esta temporada en el Prointegrada de Triana. <\/p>\n<p class=\"voc-p\" style=\"\">Tambi\u00e9n en esta apartado de llegadas hay lugar para la vuelta de jugadores con pasado dentro del \u00c1ngel Xim\u00e9nez como son la de los laterales <strong>David Estepa y Borivoje Djuki\u0107<\/strong>. Por \u00faltimo, tambi\u00e9n se suman nombres internacionales a esta temporada con las incorporaciones de <strong>\u00c9lcio Carvalho<\/strong>, portero caboverdiano, y del primera l\u00ednea <strong>Youssef Ahmed Laoloua<\/strong>, un joven talento egipcio que ya ha debutado con su combinado nacional en las categor\u00eda sub-19. <\/p>\n<p class=\"voc-p\" style=\"\">Con todas estas nuevas noticias, los pupilos de Paco Bustos no tendr\u00e1n f\u00e1cil su debut liguero. El Granollers firm\u00f3 el a\u00f1o pasado una temporada excelente al acabar segundo tras un siempre inconmensurable Barcelona, aunque fueron capaces de doblegarles en una ocasi\u00f3n. Respecto al balance con los pontanos, el conjunto barcelon\u00e9s<a href=\"https:\/\/www.abc.es\/espana\/andalucia\/cordoba\/angel-ximenez-puente-genil-mete-problemas-tras-20250322200517-nts.html\" target=\"_self\" data-voc-vtm-id=\"in-text-traffic\" title=\" sum\u00f3 una victoria y un empate\" data-mrf-link=\"www.abc.es\" rel=\"nofollow noopener\"> sum\u00f3 una victoria y un empate<\/a>, hecho que demuestra la capacidad del \u00c1ngel Xim\u00e9nez para dar la sorpresa en su primer partido de la temporada, aunque no podr\u00e1n contar con <strong>Domingo Luis<\/strong> ni con Youssef Laoloua. <\/p>\n<p class=\"voc-p\" style=\"\">\u00a0<\/p>\n<p>Reportar un error<\/p>\n","protected":false},"excerpt":{"rendered":"Con el trabajo previo de la pretemporada ya finalizado, el \u00c1ngel Xim\u00e9nez Puente Genil vuelve a ponerse el&hellip;\n","protected":false},"author":2,"featured_media":109446,"comment_status":"","ping_status":"","sticky":false,"template":"","format":"standard","meta":{"footnotes":""},"categories":[278],"tags":[2594,1575,376,2528,168,25,24,21313,375,795,23,167,1152,2595],"class_list":{"0":"post-109445","1":"post","2":"type-post","3":"status-publish","4":"format-standard","5":"has-post-thumbnail","7":"category-balonmano","8":"tag-angel","9":"tag-ante","10":"tag-balonmano","11":"tag-comienzo","12":"tag-deportes","13":"tag-es","14":"tag-espana","15":"tag-granollers","16":"tag-handball","17":"tag-nueva","18":"tag-spain","19":"tag-sports","20":"tag-temporada","21":"tag-ximenez"},"share_on_mastodon":{"url":"","error":""},"_links":{"self":[{"href":"https:\/\/www.europesays.com\/es\/wp-json\/wp\/v2\/posts\/109445","targetHints":{"allow":["GET"]}}],"collection":[{"href":"https:\/\/www.europesays.com\/es\/wp-json\/wp\/v2\/posts"}],"about":[{"href":"https:\/\/www.europesays.com\/es\/wp-json\/wp\/v2\/types\/post"}],"author":[{"embeddable":true,"href":"https:\/\/www.europesays.com\/es\/wp-json\/wp\/v2\/users\/2"}],"replies":[{"embeddable":true,"href":"https:\/\/www.europesays.com\/es\/wp-json\/wp\/v2\/comments?post=109445"}],"version-history":[{"count":0,"href":"https:\/\/www.europesays.com\/es\/wp-json\/wp\/v2\/posts\/109445\/revisions"}],"wp:featuredmedia":[{"embeddable":true,"href":"https:\/\/www.europesays.com\/es\/wp-json\/wp\/v2\/media\/109446"}],"wp:attachment":[{"href":"https:\/\/www.europesays.com\/es\/wp-json\/wp\/v2\/media?parent=109445"}],"wp:term":[{"taxonomy":"category","embeddable":true,"href":"https:\/\/www.europesays.com\/es\/wp-json\/wp\/v2\/categories?post=109445"},{"taxonomy":"post_tag","embeddable":true,"href":"https:\/\/www.europesays.com\/es\/wp-json\/wp\/v2\/tags?post=109445"}],"curies":[{"name":"wp","href":"https:\/\/api.w.org\/{rel}","templated":true}]}}