{"id":109449,"date":"2025-09-12T06:29:11","date_gmt":"2025-09-12T06:29:11","guid":{"rendered":"https:\/\/www.europesays.com\/es\/109449\/"},"modified":"2025-09-12T06:29:11","modified_gmt":"2025-09-12T06:29:11","slug":"todo-se-decidira-en-la-bola-del-mundo","status":"publish","type":"post","link":"https:\/\/www.europesays.com\/es\/109449\/","title":{"rendered":"Todo se decidir\u00e1 en La Bola del Mundo"},"content":{"rendered":"<p>                        El dan\u00e9s Jonas Vingegaard (Visma Lease a Bike), l\u00edder de la Vuelta, coment\u00f3 tras perder 10 segundos respecto a su rival directo, el portugu\u00e9s Joao Almeida, que \u00abtodo se decidir\u00e1 el s\u00e1bado en La Bola del Mundo\u00bb<\/p>\n<p><img src=\"https:\/\/www.mundodeportivo.com\/files\/image_449_220\/files\/fp\/uploads\/2025\/09\/11\/68c2fbbc762ab.r_d.2923-1949-768.jpeg\" data-full-src=\"https:\/\/www.europesays.com\/es\/wp-content\/uploads\/2025\/09\/68c2fbbc762ab.jpeg\" alt=\"Vingegaard sigue l\u00edder de La Vuelta\" width=\"449\" height=\"220\" class=\"nolazy\" decoding=\"async\" fetchpriority=\"high\"\/><\/p>\n<p class=\"caption-title \">Vingegaard sigue l\u00edder de La Vuelta<\/p>\n<p>EFE<\/p>\n<p>\n                        Actualizado a  11\/09\/2025 18:57 CEST\n                    <\/p>\n<p data-gtm-element-container=\"modulo-texto-link\" class=\"paragraph\">El <strong>dan\u00e9s Jonas Vingegaard (Visma Lease a Bike)<\/strong>, l\u00edder de la Vuelta, coment\u00f3 tras perder 10 segundos respecto a su rival directo, el portugu\u00e9s Joao Almeida, que \u00abtodo se decidir\u00e1 el s\u00e1bado en La Bola del Mundo\u00bb.<\/p>\n<blockquote class=\"twitter-tweet\" data-lang=\"es\"><p>\n<a href=\"https:\/\/twitter.com\/lavuelta\/status\/1966165899116687406\" rel=\"nofollow noopener\" target=\"_blank\">\n<\/p><\/blockquote>\n<p data-gtm-element-container=\"modulo-texto-link\" class=\"paragraph\">\u00abTodo se decidir\u00e1 en la Bola del Mundo. Sigo l\u00edder, estoy contento con el maillot rojo y mi posici\u00f3n, y ahora tratar\u00e9 de aguantar hasta Madrid\u00bb, dijo el doble ganador del Tour de Francia.<\/p>\n<p>        Lee tambi\u00e9n<\/p>\n<p>    Celes Piedrabuena<\/p>\n<p>             <img loading=\"lazy\" decoding=\"async\" data-full-src=\"https:\/\/www.mundodeportivo.com\/uploads\/2025\/09\/11\/68c2f39c78e10.jpeg\" alt=\"A Vingegaard se le ha atragantado la crono\" width=\"334\" height=\"164\" src=\"https:\/\/www.europesays.com\/es\/wp-content\/uploads\/2025\/09\/68c2f39c78e10.r_d.3026-1554.jpeg\" class=\"lazy\"\/><\/p>\n<p>        Lee tambi\u00e9n<\/p>\n<p>    Celes Piedrabuena<\/p>\n<p>             <img loading=\"lazy\" decoding=\"async\" data-full-src=\"https:\/\/www.mundodeportivo.com\/uploads\/2025\/09\/11\/68c2f01919181.jpeg\" alt=\"Ganna, en la crono\" width=\"334\" height=\"164\" src=\"https:\/\/www.europesays.com\/es\/wp-content\/uploads\/2025\/09\/68c2f01919181.r_d.2294-1381.jpeg\" class=\"lazy\"\/><\/p>\n<p>        Lee tambi\u00e9n<\/p>\n<p>    Celes Piedrabuena<\/p>\n<p>             <img loading=\"lazy\" decoding=\"async\" data-full-src=\"https:\/\/www.mundodeportivo.com\/uploads\/2025\/07\/26\/6885008e8a14b.jpeg\" alt=\"Pogacar ha  recuperado la sonrisa\" width=\"334\" height=\"164\" src=\"https:\/\/www.europesays.com\/es\/wp-content\/uploads\/2025\/09\/6885008e8a14b.r_d.1350-667.jpeg\" class=\"lazy\"\/><\/p>\n<p data-gtm-element-container=\"modulo-texto-link\" class=\"paragraph\">Vingegaard reconoci\u00f3 que le \u00abencantar\u00eda ganar en La Bola\u00bb, pero dar\u00e1 prioridad a mantener el liderato, \u00abconvencido de que ser\u00e1 un final duro en el que me van a atacar mucho los rivales\u00bb.<\/p>\n<p data-gtm-element-container=\"modulo-texto-link\" class=\"paragraph\">Tras comentar que se sinti\u00f3 \u00abseguro\u00bb en una contrarreloj por las calles de Valladolid que sali\u00f3 a reconocer hasta en tres ocasiones, Vingegaard admiti\u00f3 que aunque no se ha encontrado bien \u00aben la \u00faltima semana\u00bb espera dar la respuesta definitiva dentro de dos d\u00edas.<\/p>\n<p>\n        Mostrar comentarios\n    <\/p>\n<p>{\u00aballowComment\u00bb:\u00bballowed\u00bb,\u00bbarticleId\u00bb:\u00bbarticle-1002530191&#8243;,\u00bburl\u00bb:\u00bbhttps:\\\/\\\/www.mundodeportivo.com\\\/ciclismo\\\/vuelta-espana\\\/20250911\\\/1002530191\\\/vingegaard-claro-decidira-bola-mundo.html\u00bb,\u00bblivefyre-url\u00bb:\u00bbarticle-1002530191&#8243;}<\/p>\n<p>Cargando siguiente contenido&#8230;\n                <\/p>\n<p>    <script async src=\"https:\/\/platform.twitter.com\/widgets.js\" charset=\"utf-8\"><\/script><\/p>\n","protected":false},"excerpt":{"rendered":"El dan\u00e9s Jonas Vingegaard (Visma Lease a Bike), l\u00edder de la Vuelta, coment\u00f3 tras perder 10 segundos respecto&hellip;\n","protected":false},"author":2,"featured_media":109450,"comment_status":"","ping_status":"","sticky":false,"template":"","format":"standard","meta":{"footnotes":""},"categories":[273],"tags":[313,312,168,25,24,23,167],"class_list":{"0":"post-109449","1":"post","2":"type-post","3":"status-publish","4":"format-standard","5":"has-post-thumbnail","7":"category-ciclismo","8":"tag-ciclismo","9":"tag-cycling","10":"tag-deportes","11":"tag-es","12":"tag-espana","13":"tag-spain","14":"tag-sports"},"share_on_mastodon":{"url":"","error":""},"_links":{"self":[{"href":"https:\/\/www.europesays.com\/es\/wp-json\/wp\/v2\/posts\/109449","targetHints":{"allow":["GET"]}}],"collection":[{"href":"https:\/\/www.europesays.com\/es\/wp-json\/wp\/v2\/posts"}],"about":[{"href":"https:\/\/www.europesays.com\/es\/wp-json\/wp\/v2\/types\/post"}],"author":[{"embeddable":true,"href":"https:\/\/www.europesays.com\/es\/wp-json\/wp\/v2\/users\/2"}],"replies":[{"embeddable":true,"href":"https:\/\/www.europesays.com\/es\/wp-json\/wp\/v2\/comments?post=109449"}],"version-history":[{"count":0,"href":"https:\/\/www.europesays.com\/es\/wp-json\/wp\/v2\/posts\/109449\/revisions"}],"wp:featuredmedia":[{"embeddable":true,"href":"https:\/\/www.europesays.com\/es\/wp-json\/wp\/v2\/media\/109450"}],"wp:attachment":[{"href":"https:\/\/www.europesays.com\/es\/wp-json\/wp\/v2\/media?parent=109449"}],"wp:term":[{"taxonomy":"category","embeddable":true,"href":"https:\/\/www.europesays.com\/es\/wp-json\/wp\/v2\/categories?post=109449"},{"taxonomy":"post_tag","embeddable":true,"href":"https:\/\/www.europesays.com\/es\/wp-json\/wp\/v2\/tags?post=109449"}],"curies":[{"name":"wp","href":"https:\/\/api.w.org\/{rel}","templated":true}]}}