{"id":109453,"date":"2025-09-12T06:32:04","date_gmt":"2025-09-12T06:32:04","guid":{"rendered":"https:\/\/www.europesays.com\/es\/109453\/"},"modified":"2025-09-12T06:32:04","modified_gmt":"2025-09-12T06:32:04","slug":"premier-league-onana-la-ultima-victima-del-manchester-united","status":"publish","type":"post","link":"https:\/\/www.europesays.com\/es\/109453\/","title":{"rendered":"Premier League | Onana, la \u00faltima v\u00edctima del Manchester United"},"content":{"rendered":"<p class=\"ft-text\"><a class=\"ft-link ft-link--decoration\" href=\"https:\/\/www.sport.es\/es\/noticias\/premier-league\/irreconocible-united-amorim-cuatro-estrellas-120319986\" rel=\"nofollow noopener\" target=\"_blank\"><strong>No tendr\u00e1 queja R\u00faben Amorim<\/strong><\/a>. El entrenador portugu\u00e9s<strong> exigi\u00f3 una serie de requisitos para poder construir un Manchester United ganador<\/strong>. Y la direcci\u00f3n deportiva ha cumplido. <strong>Ahora le tocar\u00e1 al t\u00e9cnico reverdecer los laureles marchitos de Old Trafford<\/strong>. A juzgar por el inicio de campeonato de los &#8216;red devils&#8217;, el luso tendr\u00e1 faena<strong>. En tres partidos, una victoria, un empate y una derrota; adem\u00e1s de la eliminaci\u00f3n en la EFL Cup a manos del modesto Grimsby de cuarta categor\u00eda. <\/strong><\/p>\n<p class=\"ft-text\"><strong>Esas demandas de Amorim, como dec\u00edamos, se han visto satisfechas<\/strong>. El entrenador le puso la cruz a una serie de pesos pesados de la plantilla, a los que acus\u00f3 de no rendir al nivel m\u00ednimo que exige una entidad hist\u00f3rica como el United. De esos se\u00f1alados ya no queda nadie en el vestuario. <strong>Rashford, Antony, Garnacho, Jadon Sancho han hecho las maletas<\/strong>. El pr\u00f3ximo ser\u00e1 <strong>Andr\u00e9 Onana, con el que el portugu\u00e9s tuvo un desencuentro a ra\u00edz de una lesi\u00f3n sufrida en pretemporada<\/strong>, especialmente cuando trascendieron <strong>unas im\u00e1genes en redes sociales en las que se ve\u00eda al portero disputar un partidillo en Camer\u00fan <\/strong>en un terreno de juego totalmente embarrado.<\/p>\n<p class=\"ft-text\"><a class=\"ft-link ft-link--decoration\" href=\"https:\/\/www.transfermarkt.es\/andre-onana\/profil\/spieler\/234509\" rel=\"nofollow noopener\" target=\"_blank\"><strong>Onana<\/strong><\/a><strong>, que perdi\u00f3 la titularidad en Premier en el \u00faltimo duelo frente al Burnley, reaccion\u00f3 de malas formas<\/strong>. Seg\u00fan informa el tabloide &#8216;The Sun&#8217;,<strong> el africano \u00abmostr\u00f3 falta de compromiso e inter\u00e9s en trabajar en los \u00faltimos d\u00edas\u00bb antes del par\u00f3n por los compromisos internacionales<\/strong>. Un hecho que acab\u00f3 de encender a <strong>Amorim<\/strong>, que acab\u00f3 dando su visto bueno a la salida del futbolista formado en la cantera del Barcelona. Onana jugar\u00e1 esta temporada en el Trabzonspor tras acordarse su cesi\u00f3n al conjunto turco<strong>.<\/strong><\/p>\n<p>La limpieza de Amorim<\/p>\n<p class=\"ft-text\">Despu\u00e9s de varios meses sonando con fuerza y una cesi\u00f3n irregular en el Aston Villa,<strong> el delantero ingl\u00e9s acab\u00f3 recalando en el Bar\u00e7a de Hansi Flick<\/strong>. El alem\u00e1n est\u00e1 dosificando a Rashford en estos primeros compases de temporada, sabedor que todav\u00eda necesita tiempo de adaptaci\u00f3n en su aventura en LaLiga.<\/p>\n<p class=\"ft-text\">Las duras negociaciones entre Real Betis y Manchester United acabaron fructificando. Antony, que hab\u00eda jugado seis meses a pr\u00e9stamo en Heli\u00f3polis, regresa al Benito Villamar\u00edn por todo lo alto. <strong>Los ingleses ingresan 22 millones m\u00e1s variables por un futbolista que cost\u00f3 en su d\u00eda 100 &#8216;kilos&#8217;<\/strong>.<\/p>\n<p class=\"ft-text\"><strong>\u201cM\u00e1s te vale rezar para que encuentres un club que te fiche\u201d<\/strong>, le espet\u00f3 Amorim a Garnacho tras un desaire del hispanoargentino tras perder la final de la Europa League contra el Tottenham. <strong>Garnacho acab\u00f3 encontrando acomodo en Londres, en un Chelsea que no pudo concretar a Xavi Simons y que cerr\u00f3 la contrataci\u00f3n del atacante por 40 millones de euros<\/strong>.<\/p>\n<p class=\"ft-text\">Otro de los futbolistas que, seg\u00fan Amorim, emponzo\u00f1aban el vestuario del Manchester United. <strong>Jadon Sancho tampoco ten\u00eda futuro en Old Trafford, pese a la inversi\u00f3n realizada en su d\u00eda para repatriarlo desde Dortmund (85 millones)<\/strong>. El extremo ingl\u00e9s jugar\u00e1 esta temporada <strong>a pr\u00e9stamo en el Aston Villa<\/strong>, repitiendo el pacto Manchester-Birmingham que ya se hizo con Rashford.<\/p>\n","protected":false},"excerpt":{"rendered":"No tendr\u00e1 queja R\u00faben Amorim. El entrenador portugu\u00e9s exigi\u00f3 una serie de requisitos para poder construir un Manchester&hellip;\n","protected":false},"author":2,"featured_media":109454,"comment_status":"","ping_status":"","sticky":false,"template":"","format":"standard","meta":{"footnotes":""},"categories":[268],"tags":[23654,168,25,24,280,282,2014,29780,1240,281,23,167],"class_list":{"0":"post-109453","1":"post","2":"type-post","3":"status-publish","4":"format-standard","5":"has-post-thumbnail","7":"category-futbol","8":"tag-amorim","9":"tag-deportes","10":"tag-es","11":"tag-espana","12":"tag-football","13":"tag-futbol","14":"tag-manchester-united","15":"tag-onana","16":"tag-premier-league","17":"tag-soccer","18":"tag-spain","19":"tag-sports"},"share_on_mastodon":{"url":"","error":""},"_links":{"self":[{"href":"https:\/\/www.europesays.com\/es\/wp-json\/wp\/v2\/posts\/109453","targetHints":{"allow":["GET"]}}],"collection":[{"href":"https:\/\/www.europesays.com\/es\/wp-json\/wp\/v2\/posts"}],"about":[{"href":"https:\/\/www.europesays.com\/es\/wp-json\/wp\/v2\/types\/post"}],"author":[{"embeddable":true,"href":"https:\/\/www.europesays.com\/es\/wp-json\/wp\/v2\/users\/2"}],"replies":[{"embeddable":true,"href":"https:\/\/www.europesays.com\/es\/wp-json\/wp\/v2\/comments?post=109453"}],"version-history":[{"count":0,"href":"https:\/\/www.europesays.com\/es\/wp-json\/wp\/v2\/posts\/109453\/revisions"}],"wp:featuredmedia":[{"embeddable":true,"href":"https:\/\/www.europesays.com\/es\/wp-json\/wp\/v2\/media\/109454"}],"wp:attachment":[{"href":"https:\/\/www.europesays.com\/es\/wp-json\/wp\/v2\/media?parent=109453"}],"wp:term":[{"taxonomy":"category","embeddable":true,"href":"https:\/\/www.europesays.com\/es\/wp-json\/wp\/v2\/categories?post=109453"},{"taxonomy":"post_tag","embeddable":true,"href":"https:\/\/www.europesays.com\/es\/wp-json\/wp\/v2\/tags?post=109453"}],"curies":[{"name":"wp","href":"https:\/\/api.w.org\/{rel}","templated":true}]}}