{"id":109463,"date":"2025-09-12T06:39:10","date_gmt":"2025-09-12T06:39:10","guid":{"rendered":"https:\/\/www.europesays.com\/es\/109463\/"},"modified":"2025-09-12T06:39:10","modified_gmt":"2025-09-12T06:39:10","slug":"carlos-alcaraz-vuelve-a-cambiar-de-look-y-se-tine-de-rubio","status":"publish","type":"post","link":"https:\/\/www.europesays.com\/es\/109463\/","title":{"rendered":"Carlos Alcaraz vuelve a cambiar de look y se ti\u00f1e de rubio"},"content":{"rendered":"<p><img decoding=\"async\" class=\"voc-author__img\" src=\"https:\/\/www.europesays.com\/es\/wp-content\/uploads\/2025\/09\/autor-3039-foto-2.jpeg\" alt=\"Araceli Nicol\u00e1s\"\/><\/p>\n<p>10\/09\/2025<br \/>\n<br \/><strong><br \/>\nActualizado 12\/09\/2025 a las 08:10h.<br \/>\n<\/strong><\/p>\n<p class=\"voc-p\" style=\"\"><strong>Carlos Alcaraz<\/strong> ya se encuentra en El Palmar tras su flamante victoria el pasado domingo en Nueva York. Con solo 22 a\u00f1os, el espa\u00f1ol ha conseguido su sexto Grand Slam, frente a Jannik Sinner, convirti\u00e9ndose as\u00ed en el <strong>n\u00famero 1 del tenis mundial<\/strong>. Una de las primeras cosas que ha hecho el tenista ha sido visitar a su peluquero de confianza, V\u00edctor Mart\u00ednez. Cabe recordar que Alcaraz sorprendi\u00f3 con un <a href=\"https:\/\/www.abc.es\/summum\/estilo\/belleza\/sorprendente-cambio-look-carlos-alcaraz-comparan-david-20250826094844-nt.html\" target=\"_blank\" data-voc-vtm-id=\"in-text-traffic\" title=\"nuevo look en el primer encuentro del US Open\" data-mrf-link=\"www.abc.es\" rel=\"nofollow noopener\">nuevo look en el primer encuentro del US Open<\/a>, un rapado que, seg\u00fan explic\u00f3 \u00e9l mismo, se debi\u00f3 a un error en el uso de la recortadora por parte de su hermano. La nueva imagen del tenista no dej\u00f3 indiferente a nadie, de hecho se le lleg\u00f3 a comparar, desde la cuenta oficial del torneo, con David Beckham. Ahora, ya en manos de un profesional, Alcaraz ha querido darle un nuevo giro a su cabello, pasando al <strong>rubio hielo<\/strong>. <\/p>\n<p class=\"voc-p\" style=\"\">El tenista ha dejado en su perfil de instagram algunas <strong>pistas de su nuevo look<\/strong>, que hemos podido confirmar en el perfil de V\u00edctor, donde el profesional comparte varias im\u00e1genes de Alcaraz con <strong>el pelo rubio, y tambi\u00e9n un nuevo corte de pelo<\/strong>: un fade, caracterizado por una gran desconexi\u00f3n entre la parte superior de la cabeza, que luce ligeramente m\u00e1s larga, que la parte posterior, rapada. <\/p>\n<p class=\"voc-p\" style=\"\">Aunque Alcaraz rest\u00f3 importancia a su rapado y dej\u00f3 claro que no le presta demasiada atenci\u00f3n al cabello, lo cierto es que con el nuevo look, el tenista se suma a otros muchos famosos que optan por <strong>te\u00f1irse el pelo de rubio<\/strong>. Sin ir m\u00e1s lejos, el fin de semana, David Broncano, presentador de &#8216;La Resistencia&#8217; tambi\u00e9n estren\u00f3 cambio de look, y <a href=\"https:\/\/www.abc.es\/estilo\/belleza\/radical-cambio-look-david-broncano-estrenar-nueva-20250908115438-nt.html\" target=\"_blank\" data-voc-vtm-id=\"in-text-traffic\" title=\"pas\u00f3 del moreno al rubio platino\" data-mrf-link=\"www.abc.es\" rel=\"nofollow noopener\">pas\u00f3 del moreno al rubio platino<\/a>.<\/p>\n<p class=\"voc-p\" style=\"\">El murciano ha elegido el<strong> rubio hielo, un tono muy claro, casi blanco<\/strong>. Se trata de una coloraci\u00f3n fr\u00eda, que exige un cuidado extremo. La ventaja de Alcaraz es que al llevar el pelo muy corto, no sufre tanto como si lo llevara m\u00e1s largo. <\/p>\n<p class=\"voc-p\" style=\"\">Aunque durante a\u00f1os, los tintes del cabello fueron patrimonio exclusivo de las mujeres, en los \u00faltimos a\u00f1os<strong> futbolistas, cantantes y otros famosos<\/strong> los han convertido en algo habitual. Adem\u00e1s del rubio platino, el rosa o el azul  son tonos de cabello que han lucido, entre otros famosos, Lamine Yamal, Neymar, Maluma, Jon Kortajarena, Rauw Alejandro, etc. <\/p>\n<p class=\"v-jxt__p\">Despu\u00e9s<\/p>\n<p>                          <img decoding=\"async\" loading=\"lazy\" src=\"https:\/\/www.europesays.com\/es\/wp-content\/uploads\/2025\/09\/alcaraz-rubio_20250910131036-U35002066500dxa-624x350@diario_abc.jpg\" class=\"v-jxt__img\" width=\"624\" height=\"350\" alt=\"Imagen despu\u00e9s - Carlos Alcaraz se ha te\u00f1ido de rubio.\"\/><\/p>\n<p class=\"v-jxt__p\">Antes<\/p>\n<p>                          <img decoding=\"async\" loading=\"lazy\" src=\"https:\/\/www.europesays.com\/es\/wp-content\/uploads\/2025\/09\/DL_u590451_015-U03558000807ywQ-624x350@diario_abc.jpg\" class=\"v-jxt__img\" width=\"624\" height=\"350\" alt=\"Imagen antes - Carlos Alcaraz se ha te\u00f1ido de rubio.\"\/><\/p>\n<p>Carlos Alcaraz se ha te\u00f1ido de rubio.<\/p>\n<p>GTRES e INSTAGRAM<\/p>\n<p class=\"voc-p\" style=\"\">Es cierto que en las pistas de tenis, en general, no se han vistos cambios de looks tan dram\u00e1ticos como los que se ven en los campos de f\u00fatbol. Pero Alcaraz parece decidido, no solo a hacer historia en el tenis mundial, tambi\u00e9n a <strong>aportar su estilo personal, m\u00e1s moderno y desenfadado<\/strong>, que el de Rafa Nadal o Roger Federer, otros grandes de ese deporte, que, sin embargo, destacan por su elegancia cl\u00e1sica. <\/p>\n<p>Reportar un error<\/p>\n","protected":false},"excerpt":{"rendered":"10\/09\/2025 Actualizado 12\/09\/2025 a las 08:10h. Carlos Alcaraz ya se encuentra en El Palmar tras su flamante victoria&hellip;\n","protected":false},"author":2,"featured_media":109464,"comment_status":"","ping_status":"","sticky":false,"template":"","format":"standard","meta":{"footnotes":""},"categories":[93],"tags":[4736,3054,415,168,25,24,7486,14346,23,167,23710,739],"class_list":{"0":"post-109463","1":"post","2":"type-post","3":"status-publish","4":"format-standard","5":"has-post-thumbnail","7":"category-deportes","8":"tag-alcaraz","9":"tag-cambiar","10":"tag-carlos","11":"tag-deportes","12":"tag-es","13":"tag-espana","14":"tag-look","15":"tag-rubio","16":"tag-spain","17":"tag-sports","18":"tag-tine","19":"tag-vuelve"},"share_on_mastodon":{"url":"","error":""},"_links":{"self":[{"href":"https:\/\/www.europesays.com\/es\/wp-json\/wp\/v2\/posts\/109463","targetHints":{"allow":["GET"]}}],"collection":[{"href":"https:\/\/www.europesays.com\/es\/wp-json\/wp\/v2\/posts"}],"about":[{"href":"https:\/\/www.europesays.com\/es\/wp-json\/wp\/v2\/types\/post"}],"author":[{"embeddable":true,"href":"https:\/\/www.europesays.com\/es\/wp-json\/wp\/v2\/users\/2"}],"replies":[{"embeddable":true,"href":"https:\/\/www.europesays.com\/es\/wp-json\/wp\/v2\/comments?post=109463"}],"version-history":[{"count":0,"href":"https:\/\/www.europesays.com\/es\/wp-json\/wp\/v2\/posts\/109463\/revisions"}],"wp:featuredmedia":[{"embeddable":true,"href":"https:\/\/www.europesays.com\/es\/wp-json\/wp\/v2\/media\/109464"}],"wp:attachment":[{"href":"https:\/\/www.europesays.com\/es\/wp-json\/wp\/v2\/media?parent=109463"}],"wp:term":[{"taxonomy":"category","embeddable":true,"href":"https:\/\/www.europesays.com\/es\/wp-json\/wp\/v2\/categories?post=109463"},{"taxonomy":"post_tag","embeddable":true,"href":"https:\/\/www.europesays.com\/es\/wp-json\/wp\/v2\/tags?post=109463"}],"curies":[{"name":"wp","href":"https:\/\/api.w.org\/{rel}","templated":true}]}}